{"id":619951,"date":"2025-12-24T13:15:19","date_gmt":"2025-12-24T13:15:19","guid":{"rendered":"https:\/\/www.europesays.com\/fr\/619951\/"},"modified":"2025-12-24T13:15:19","modified_gmt":"2025-12-24T13:15:19","slug":"avec-leuro-la-crainte-de-la-vie-chere-dans-les-campagnes-bulgares-desheritees","status":"publish","type":"post","link":"https:\/\/www.europesays.com\/fr\/619951\/","title":{"rendered":"Avec l&rsquo;euro, la crainte de la vie ch\u00e8re dans les campagnes bulgares d\u00e9sh\u00e9rit\u00e9es"},"content":{"rendered":"<p>Dans la partie nord de la Bulgarie, r\u00e9gion la plus pauvre de l&rsquo;Union europ\u00e9enne (UE), les habitants redoutent l&rsquo;adoption imminente de l&rsquo;euro, synonyme pour eux de hausse des prix et de perte de rep\u00e8res.<\/p>\n<p>\u00ab\u00a0Cela va nous appauvrir\u00a0\u00bb, tranche une femme \u00e2g\u00e9e habill\u00e9e en noir \u00e0 Chuprene, village de 400 \u00e2mes situ\u00e9 dans le nord-ouest du 21e pays de l&rsquo;UE qui va abandonner sa monnaie nationale pour adopter l&rsquo;euro le 1er janvier prochain.<\/p>\n<p>\u00ab\u00a0La bourgade est jolie, mais ici les gens n&rsquo;ont pas d&rsquo;argent\u00a0\u00bb, d\u00e9plore Mme Bogdanovska, une octog\u00e9naire qui ne veut donner que son nom de famille, mais qui a r\u00e9pondu aux questions de l&rsquo;AFP en allant \u00e0 chercher un caf\u00e9 dans une \u00e9picerie-buvette.<\/p>\n<p>Si l&rsquo;adh\u00e9sion tant attendue \u00e0 la zone euro va profiter \u00e0 l&rsquo;\u00e9conomie du pays des Balkans, dont la c\u00f4te sur la mer Noire est pris\u00e9e des touristes europ\u00e9ens, l&rsquo;ensemble de ses 6,4 millions d&rsquo;habitants ne partage pas le m\u00eame enthousiasme.\u00a0<\/p>\n<p>Pr\u00e8s des fronti\u00e8res serbe et roumaine, le produit int\u00e9rieur brut (PIB) par habitant est le plus faible de toute l&rsquo;UE, selon les derniers chiffres d&rsquo;Eurostat datant de 2022.\u00a0<\/p>\n<p>Ce territoire souffre d&rsquo;une d\u00e9population massive, d&rsquo;une faible qualification et d&rsquo;infrastructures insuffisantes, en plus d&rsquo;une corruption end\u00e9mique d\u00e9nonc\u00e9e r\u00e9guli\u00e8rement.<\/p>\n<p>La Bulgarie reste le pays de l\u2019UE avec la plus forte proportion de personnes menac\u00e9es d\u2019exclusion sociale (30,3 %).\u00a0<\/p>\n<p>Au pied du massif de la Stara Planina, le ch\u00f4mage touche officiellement 18,7% de la population, contre 4,2% au niveau national.<\/p>\n<p>\u00ab\u00a0Certains disent que cela ira mieux\u00a0\u00bb sans le lev, la monnaie nationale, \u00ab\u00a0d&rsquo;autres disent que cela sera pire\u00a0\u00bb, rapporte Kamelia, employ\u00e9e dans l&rsquo;une des \u00e9choppes vendant surtout des produits de premi\u00e8re n\u00e9cessit\u00e9.\u00a0<\/p>\n<p>La trentenaire, qui ne veut donner ni son nom ni son \u00e2ge pr\u00e9cis, raconte qu\u2019elle et son mari ont repris ce magasin il y a un an. \u00ab\u00a0Mais je ne sais pas s&rsquo;il restera ouvert\u00a0\u00bb, lance-t-elle, press\u00e9e de sortir fumer.\u00a0<\/p>\n<p>Crainte de p\u00e9nurie<\/p>\n<p>Pendant un mois, le lev et l\u2019euro circuleront simultan\u00e9ment. Les commer\u00e7ants devront rendre la monnaie en euros.\u00a0<\/p>\n<p>Ils peuvent d\u00e9j\u00e0 acheter des petites coupures pour faire l&rsquo;appoint au d\u00e9marrage et se sont ru\u00e9s sur l&rsquo;offre de paquets d&rsquo;euros, r\u00e9serv\u00e9s aux commer\u00e7ants.<\/p>\n<p>\u00ab\u00a0Dans les petites villes, une crainte non justifi\u00e9e de p\u00e9nurie est constat\u00e9e\u00a0\u00bb, selon le gouverneur de la banque centrale bulgare Dimitar Radev, qui l&rsquo;a d\u00e9plor\u00e9 lors d&rsquo;une c\u00e9r\u00e9monie d\u00e9but d\u00e9cembre.<\/p>\n<p>Le d\u00e9fenseur des droits a demand\u00e9 un \u00e9gal acc\u00e8s pour tous aux premi\u00e8res pi\u00e8ces et aux premiers billets en euro, m\u00eame dans les localit\u00e9s les plus isol\u00e9es, alors que les autorit\u00e9s ont \u00e9t\u00e9 surprises par une forte demande.\u00a0<\/p>\n<p>\u00ab\u00a0\u00c7a va \u00eatre le chaos\u00a0\u00bb, pr\u00e9dit l&rsquo;\u00e9pici\u00e8re Bilyana Nikolova, 53 ans, alors que les clients semblent d\u00e9j\u00e0 perdus face au double affichage obligatoire des prix. Elle pense fermer quelques semaines, \u00ab\u00a0le temps que les choses se mettent en place\u00a0\u00bb.<\/p>\n<p>Si les consommateurs sont sur les nerfs, c&rsquo;est que la peur de ne plus joindre les deux bouts est bien r\u00e9elle, selon Boryana Dimitrova, de l\u2019institut de sondage Alpha Research, qui \u00e9tudie depuis un an l\u2019\u00e9volution de l&rsquo;opinion bulgare face \u00e0 l\u2019euro.<\/p>\n<p>\u00ab\u00a0A la campagne, la population est plus \u00e2g\u00e9e, elle a tr\u00e8s peu d&rsquo;\u00e9conomies, jouit d&rsquo;une culture financi\u00e8re plus faible et paye surtout en esp\u00e8ces\u00a0\u00bb, explique-t-elle.\u00a0<\/p>\n<p>Or \u00ab\u00a0il faut reconna\u00eetre que la hausse des prix n\u2019a pas \u00e9t\u00e9 n\u00e9gligeable\u00a0\u00bb ces derniers temps, d&rsquo;apr\u00e8s l\u2019Institut national des statistiques, rappelle-t-elle.<\/p>\n<p>En novembre, les prix de l\u2019alimentation ont augment\u00e9 de 5%\u00a0en glissement annuel, soit plus du double de la moyenne europ\u00e9enne.<\/p>\n","protected":false},"excerpt":{"rendered":"Dans la partie nord de la Bulgarie, r\u00e9gion la plus pauvre de l&rsquo;Union europ\u00e9enne (UE), les habitants redoutent&hellip;\n","protected":false},"author":2,"featured_media":619952,"comment_status":"","ping_status":"","sticky":false,"template":"","format":"standard","meta":{"footnotes":""},"categories":[1586],"tags":[11,1777,674,1779,1011,27,12,25,1778,364],"class_list":{"0":"post-619951","1":"post","2":"type-post","3":"status-publish","4":"format-standard","5":"has-post-thumbnail","7":"category-europe","8":"tag-actualites","9":"tag-eu","10":"tag-europe","11":"tag-european-union","12":"tag-fr","13":"tag-france","14":"tag-news","15":"tag-republique-francaise","16":"tag-ue","17":"tag-union-europeenne"},"share_on_mastodon":{"url":"https:\/\/pubeurope.com\/@fr\/115774732549391216","error":""},"_links":{"self":[{"href":"https:\/\/www.europesays.com\/fr\/wp-json\/wp\/v2\/posts\/619951","targetHints":{"allow":["GET"]}}],"collection":[{"href":"https:\/\/www.europesays.com\/fr\/wp-json\/wp\/v2\/posts"}],"about":[{"href":"https:\/\/www.europesays.com\/fr\/wp-json\/wp\/v2\/types\/post"}],"author":[{"embeddable":true,"href":"https:\/\/www.europesays.com\/fr\/wp-json\/wp\/v2\/users\/2"}],"replies":[{"embeddable":true,"href":"https:\/\/www.europesays.com\/fr\/wp-json\/wp\/v2\/comments?post=619951"}],"version-history":[{"count":0,"href":"https:\/\/www.europesays.com\/fr\/wp-json\/wp\/v2\/posts\/619951\/revisions"}],"wp:featuredmedia":[{"embeddable":true,"href":"https:\/\/www.europesays.com\/fr\/wp-json\/wp\/v2\/media\/619952"}],"wp:attachment":[{"href":"https:\/\/www.europesays.com\/fr\/wp-json\/wp\/v2\/media?parent=619951"}],"wp:term":[{"taxonomy":"category","embeddable":true,"href":"https:\/\/www.europesays.com\/fr\/wp-json\/wp\/v2\/categories?post=619951"},{"taxonomy":"post_tag","embeddable":true,"href":"https:\/\/www.europesays.com\/fr\/wp-json\/wp\/v2\/tags?post=619951"}],"curies":[{"name":"wp","href":"https:\/\/api.w.org\/{rel}","templated":true}]}}