{"id":619957,"date":"2025-12-24T13:23:12","date_gmt":"2025-12-24T13:23:12","guid":{"rendered":"https:\/\/www.europesays.com\/fr\/619957\/"},"modified":"2025-12-24T13:23:12","modified_gmt":"2025-12-24T13:23:12","slug":"un-homme-agresse-violemment-une-femme-portant-le-foulard","status":"publish","type":"post","link":"https:\/\/www.europesays.com\/fr\/619957\/","title":{"rendered":"un homme agresse violemment une femme portant le foulard"},"content":{"rendered":"<p>AA \/ Istanbul \/ Ben Amed Azize Zougmore<\/p>\n<p>La France continue d\u2019\u00eatre confront\u00e9e \u00e0 des agressions visant des personnes de confession musulmane, en particulier des femmes portant le foulard. Une vid\u00e9o diffus\u00e9e lundi par le Collectif contre l\u2019islamophobie en Europe (CCIE) montre une femme agress\u00e9e verbalement et physiquement par un homme dans une station du m\u00e9tro parisien, en raison de son port du foulard.<\/p>\n<p>Sur les images, largement relay\u00e9es sur les r\u00e9seaux sociaux, un individu prof\u00e8re des insultes visant l\u2019islam et le proph\u00e8te. L\u2019homme s\u2019en prend \u00e9galement \u00e0 la victime, surnomm\u00e9e \u00ab Julie \u00bb par le collectif, qui aurait notamment \u00e9t\u00e9 vis\u00e9e par des crachats.<\/p>\n<p>\u00ab Il a fallu l\u2019intervention de passants et d\u2019agents de la RATP pour ma\u00eetriser l\u2019homme \u00bb, indique le CCIE, avant l\u2019arriv\u00e9e des forces de l\u2019ordre.<\/p>\n<p>Selon le collectif, la victime a souhait\u00e9 d\u00e9poser plainte. Les policiers auraient cependant, dans un premier temps, refus\u00e9 de qualifier les faits d\u2019agression islamophobe, \u00e9voquant une \u00ab expression de point de vue inappropri\u00e9e \u00bb. Apr\u00e8s insistance, une plainte aurait finalement \u00e9t\u00e9 enregistr\u00e9e et \u00ab le dossier serait en cours \u00bb. Aucune confirmation officielle des autorit\u00e9s judiciaires ou polici\u00e8res n\u2019a, \u00e0 ce stade, \u00e9t\u00e9 communiqu\u00e9e.<\/p>\n<p>Le d\u00e9put\u00e9 LFI de l\u2019Essonne Antoine L\u00e9aument a exprim\u00e9 mercredi son soutien \u00e0 la victime sur le r\u00e9seau social X. \u00ab L\u2019islamophobie est un poison pour notre pays \u00bb, a-t-il \u00e9crit, appelant \u00e0 ce qu\u2019elle \u00ab soit combattue fermement \u00bb.<\/p>\n<p>Cette affaire, loin d&rsquo;\u00eatre un cas isol\u00e9, ravive le d\u00e9bat sur la reconnaissance judiciaire des actes islamophobes en France.<\/p>\n<p>\u2013 Un contexte chiffr\u00e9<\/p>\n<p>Selon le minist\u00e8re de l\u2019Int\u00e9rieur, 145 actes antimusulmans ont \u00e9t\u00e9 recens\u00e9s sur les cinq premiers mois de l\u2019ann\u00e9e 2025, contre 83 \u00e0 la m\u00eame p\u00e9riode en 2024, soit une hausse de 75 %. En 2023, 232 actes avaient \u00e9t\u00e9 comptabilis\u00e9s, contre 188 en 2022 et 132 en 2021.<\/p>\n<p>Le Collectif contre l\u2019islamophobie en Europe (CCIE) a pour sa part recens\u00e9 1 037 faits islamophobes en 2024 (discriminations, violences, discours haineux), contre 828 en 2023, une progression de 25 %.<\/p>\n<p>Enfin, le rapport 2024 de la D\u00e9fenseure des droits indique qu\u2019un tiers des personnes se d\u00e9clarant musulmanes ou per\u00e7ues comme telles disent avoir subi des discriminations \u2013 notamment dans l\u2019emploi, les services publics et le logement \u2013 avec un recours aux voies de plainte tr\u00e8s minoritaire.<\/p>\n<p>                            &#13;<br \/>\n                                <a href=\"https:\/\/www.aa.com.tr\/fr\/p\/abonnement\/1001\" target=\"_blank\" style=\"font-size:12px; color:#444; text-decoration:none;\" rel=\"noopener\">&#13;<br \/>\n                                    Seulement une partie des d\u00e9p\u00eaches, que l&rsquo;Agence Anadolu diffuse \u00e0 ses abonn\u00e9s via le Syst\u00e8me de Diffusion interne (HAS), est diffus\u00e9e sur le site de l&rsquo;AA, de mani\u00e8re r\u00e9sum\u00e9e. <b style=\"color:#1897F7\">Contactez-nous s&rsquo;il vous pla\u00eet pour vous abonner.<\/b>&#13;<br \/>\n                                <\/a>&#13;<\/p>\n","protected":false},"excerpt":{"rendered":"AA \/ Istanbul \/ Ben Amed Azize Zougmore La France continue d\u2019\u00eatre confront\u00e9e \u00e0 des agressions visant des&hellip;\n","protected":false},"author":2,"featured_media":619958,"comment_status":"","ping_status":"","sticky":false,"template":"","format":"standard","meta":{"footnotes":""},"categories":[4],"tags":[11,1785,1011,27,6269,12,25],"class_list":{"0":"post-619957","1":"post","2":"type-post","3":"status-publish","4":"format-standard","5":"has-post-thumbnail","7":"category-france","8":"tag-actualites","9":"tag-anadolu-ajansi","10":"tag-fr","11":"tag-france","12":"tag-islamophobie","13":"tag-news","14":"tag-republique-francaise"},"share_on_mastodon":{"url":"https:\/\/pubeurope.com\/@fr\/115774764229949762","error":""},"_links":{"self":[{"href":"https:\/\/www.europesays.com\/fr\/wp-json\/wp\/v2\/posts\/619957","targetHints":{"allow":["GET"]}}],"collection":[{"href":"https:\/\/www.europesays.com\/fr\/wp-json\/wp\/v2\/posts"}],"about":[{"href":"https:\/\/www.europesays.com\/fr\/wp-json\/wp\/v2\/types\/post"}],"author":[{"embeddable":true,"href":"https:\/\/www.europesays.com\/fr\/wp-json\/wp\/v2\/users\/2"}],"replies":[{"embeddable":true,"href":"https:\/\/www.europesays.com\/fr\/wp-json\/wp\/v2\/comments?post=619957"}],"version-history":[{"count":0,"href":"https:\/\/www.europesays.com\/fr\/wp-json\/wp\/v2\/posts\/619957\/revisions"}],"wp:featuredmedia":[{"embeddable":true,"href":"https:\/\/www.europesays.com\/fr\/wp-json\/wp\/v2\/media\/619958"}],"wp:attachment":[{"href":"https:\/\/www.europesays.com\/fr\/wp-json\/wp\/v2\/media?parent=619957"}],"wp:term":[{"taxonomy":"category","embeddable":true,"href":"https:\/\/www.europesays.com\/fr\/wp-json\/wp\/v2\/categories?post=619957"},{"taxonomy":"post_tag","embeddable":true,"href":"https:\/\/www.europesays.com\/fr\/wp-json\/wp\/v2\/tags?post=619957"}],"curies":[{"name":"wp","href":"https:\/\/api.w.org\/{rel}","templated":true}]}}