{"id":619969,"date":"2025-12-24T13:34:12","date_gmt":"2025-12-24T13:34:12","guid":{"rendered":"https:\/\/www.europesays.com\/fr\/619969\/"},"modified":"2025-12-24T13:34:12","modified_gmt":"2025-12-24T13:34:12","slug":"amanda-lear-au-sommet-du-glamour-en-sortant-dun-endroit-parisien-plus-que-chic-video","status":"publish","type":"post","link":"https:\/\/www.europesays.com\/fr\/619969\/","title":{"rendered":"Amanda Lear au sommet du glamour en sortant d&rsquo;un endroit parisien plus que chic (Vid\u00e9o)"},"content":{"rendered":"<p class=\"p1\"><a href=\"https:\/\/www.closermag.fr\/people\/elle-fait-ca-tout-le-temps-amanda-lear-tres-decue-par-brigitte-bardot-dure-en-affaires-3600452\" target=\"_blank\" rel=\"noopener\"><br \/>\nIl a \u00e9t\u00e9 longtemps difficile de certifier l&rsquo;\u00e2ge d&rsquo;Amanda Lear.<\/a><br \/>\nC&rsquo;est que la principale int\u00e9ress\u00e9e a scrupuleusement veill\u00e9 \u00e0<br \/>\ncultiver le secret sur sa date de naissance. \u00ab\u00a0On fait tout un<br \/>\npataqu\u00e8s, &lsquo;Amanda Lear, on ne conna\u00eet pas son \u00e2ge&rsquo;, mais allez voir<br \/>\nma fiche de S\u00e9curit\u00e9 sociale, <strong>je ne l&rsquo;ai jamais cach\u00e9, mon<br \/>\n\u00e2ge<\/strong>\u00ab\u00a0, certifiait-elle pourtant l&rsquo;ann\u00e9e derni\u00e8re,<br \/>\ncomme le rappellent nos confr\u00e8res du magazine<br \/>\nT\u00e9l\u00e9-Loisirs.<\/p>\n<p class=\"p1\">Dans <strong>une r\u00e9cente interview accord\u00e9e \u00e0 La<br \/>\nD\u00e9p\u00eache<\/strong>, la chanteuse explique son rapport compliqu\u00e9<br \/>\nau temps qui passe. \u00ab\u00a0Pour moi, l\u2019\u00e2ge, c\u2019est juste un num\u00e9ro,<br \/>\nm\u00eame si parfois on est rappel\u00e9 au bon souvenir de la<br \/>\nvieillesse\u00a0\u00bb, confie-t-elle avant de r\u00e9v\u00e9ler le chiffre qui a<br \/>\ntant obs\u00e9d\u00e9. Au journal, l&rsquo;ancienne muse de Salvador Dali affirme<br \/>\n<strong>\u00eatre \u00e2g\u00e9e de 79 ans<\/strong>, soit quelques ann\u00e9es ann\u00e9es<br \/>\nde moins que ce qu&rsquo;affirme sa page Wikip\u00e9dia, selon laquelle elle<br \/>\nserait n\u00e9e le 18 juin 1939.<\/p>\n<p>Amanda Lear : cette d\u00e9monstration de chic 100%<br \/>\nparisien<\/p>\n<p class=\"p1\">Alors qu&rsquo;elle approche les 80 ans, Amanda Lear<br \/>\naffiche <strong>une rare \u00e9l\u00e9gance<\/strong>. Une vid\u00e9o relay\u00e9e sur<br \/>\nle compte Instagram du magazine Closer ce mercredi 24 d\u00e9cembre 2025<br \/>\nla montre <strong>au sommet du glamour<\/strong>. On y voit le<br \/>\ncouturier Lloyd Klein et <a href=\"https:\/\/www.closermag.fr\/people\/amanda-lear-de-quoi-est-mort-tragiquement-son-mari-alain-philippe-malagnac-1360363\" target=\"_blank\" rel=\"noopener\"><br \/>\nl&rsquo;ancienne compagne d&rsquo;Alain-Philippe<br \/>\nMalagnac<\/a>, toute de violet v\u00eatue, <strong>sortir du Plaza<br \/>\nAth\u00e9n\u00e9e<\/strong>, un endroit parisien plus que chic situ\u00e9 dans le<br \/>\n8e arrondissement, non loin des Champs-\u00c9lys\u00e9es.<\/p>\n<p class=\"p1\">La publication rythm\u00e9e par son tube Follow<br \/>\nMe a r\u00e9colt\u00e9 plusieurs dizaines de likes en une heure \u00e0 peine.<br \/>\n\u00ab\u00a0La classe\u00a0\u00bb, s&rsquo;exclame une internaute dans les<br \/>\ncommentaires. Amanda Lear n&rsquo;a certainement pas perdu son aura !<\/p>\n<blockquote class=\"instagram-media\" style=\"background: #ffffff;border: 0;margin: 1px;width: 100%;padding: 0;max-width: 500px;\" data-instgrm-permalink=\"https:\/\/www.instagram.com\/reel\/DSpDgGhjIyK\/?utm_source=ig_web_copy_link&amp;igsh=NTc4MTIwNjQ2YQ==\" data-instgrm-version=\"14\"\/><p>\nAmanda Lear : cette r\u00e9putation<br \/>\nsulfureuse qui lui colle \u00e0 la peau<\/p>\n<p class=\"p1\">Il n&rsquo;est pas rare de voir des photos d&rsquo;Amanda Lear<br \/>\naux c\u00f4t\u00e9s de fringants playboys sur les r\u00e9seaux sociaux. \u00ab\u00a0Comme<br \/>\n<strong>j\u2019ai toujours eu cette r\u00e9putation de mangeuse<br \/>\nd\u2019hommes<\/strong>, il suffit que je poste une photo de quelqu\u2019un<br \/>\nque j\u2019ai crois\u00e9 dans une soir\u00e9e pour que l\u2019<strong>on imagine<br \/>\nimm\u00e9diatement qu\u2019il est mon fianc\u00e9<\/strong>\u00ab\u00a0, pointe du doigt<br \/>\n<a href=\"https:\/\/www.closermag.fr\/people\/amanda-lear-un-objet-sexualise-elle-revient-avec-amertume-sur-ses-annees-de-mannequinat-3592458\" target=\"_blank\" rel=\"noopener\"><br \/>\nl&rsquo;ex-mannequin<\/a> dans une interview<br \/>\naccord\u00e9e \u00e0 Paris Match.<\/p>\n<p class=\"p1\">Elle poursuit : \u00ab\u00a0Vous savez, les hommes<br \/>\nd\u2019aujourd\u2019hui ont compris qu\u2019ils pouvaient \u00eatre des objets sexuels,<br \/>\ndonc ils s\u2019autorisent \u00e0 vous allumer. Il y a plein de mannequins<br \/>\nque je croise qui sont comme \u00e7a. Et m\u00eame quand ils sont gays, ils<br \/>\nm\u2019allument\u00a0\u00bb. Aujourd&rsquo;hui, Amanda Lear affirme ne plus \u00eatre<br \/>\nobs\u00e9d\u00e9e par la recherche de l&rsquo;amour. <strong>\u00ab\u00a0Comme je le dis<br \/>\nsouvent : le prochain qui me verra \u00e0 poil, ce sera le m\u00e9decin<br \/>\nl\u00e9giste\u00a0\u00bb<\/strong>, plaisante-t-elle.<\/p>\n<p><script async src=\"\/\/www.instagram.com\/embed.js\"><\/script><\/p>\n","protected":false},"excerpt":{"rendered":"Il a \u00e9t\u00e9 longtemps difficile de certifier l&rsquo;\u00e2ge d&rsquo;Amanda Lear. C&rsquo;est que la principale int\u00e9ress\u00e9e a scrupuleusement veill\u00e9&hellip;\n","protected":false},"author":2,"featured_media":619970,"comment_status":"","ping_status":"","sticky":false,"template":"","format":"standard","meta":{"footnotes":""},"categories":[1359],"tags":[19704,21303,58,59,1011,27,70426,973],"class_list":{"0":"post-619969","1":"post","2":"type-post","3":"status-publish","4":"format-standard","5":"has-post-thumbnail","7":"category-people","8":"tag-amanda-lear","9":"tag-buzz_nonli","10":"tag-divertissement","11":"tag-entertainment","12":"tag-fr","13":"tag-france","14":"tag-marfeel_news","15":"tag-people"},"share_on_mastodon":{"url":"https:\/\/pubeurope.com\/@fr\/115774807635732427","error":""},"_links":{"self":[{"href":"https:\/\/www.europesays.com\/fr\/wp-json\/wp\/v2\/posts\/619969","targetHints":{"allow":["GET"]}}],"collection":[{"href":"https:\/\/www.europesays.com\/fr\/wp-json\/wp\/v2\/posts"}],"about":[{"href":"https:\/\/www.europesays.com\/fr\/wp-json\/wp\/v2\/types\/post"}],"author":[{"embeddable":true,"href":"https:\/\/www.europesays.com\/fr\/wp-json\/wp\/v2\/users\/2"}],"replies":[{"embeddable":true,"href":"https:\/\/www.europesays.com\/fr\/wp-json\/wp\/v2\/comments?post=619969"}],"version-history":[{"count":0,"href":"https:\/\/www.europesays.com\/fr\/wp-json\/wp\/v2\/posts\/619969\/revisions"}],"wp:featuredmedia":[{"embeddable":true,"href":"https:\/\/www.europesays.com\/fr\/wp-json\/wp\/v2\/media\/619970"}],"wp:attachment":[{"href":"https:\/\/www.europesays.com\/fr\/wp-json\/wp\/v2\/media?parent=619969"}],"wp:term":[{"taxonomy":"category","embeddable":true,"href":"https:\/\/www.europesays.com\/fr\/wp-json\/wp\/v2\/categories?post=619969"},{"taxonomy":"post_tag","embeddable":true,"href":"https:\/\/www.europesays.com\/fr\/wp-json\/wp\/v2\/tags?post=619969"}],"curies":[{"name":"wp","href":"https:\/\/api.w.org\/{rel}","templated":true}]}}