{"id":619979,"date":"2025-12-24T13:42:25","date_gmt":"2025-12-24T13:42:25","guid":{"rendered":"https:\/\/www.europesays.com\/fr\/619979\/"},"modified":"2025-12-24T13:42:25","modified_gmt":"2025-12-24T13:42:25","slug":"un-vrai-miracle-a-larticle-de-la-mort-une-italienne-de-19-ans-sauvee-in-extremis-apres-1h47-de-massage-cardiaque","status":"publish","type":"post","link":"https:\/\/www.europesays.com\/fr\/619979\/","title":{"rendered":"\u00ab\u00a0Un vrai miracle\u00a0\u00bb\u2026 \u00c0 l\u2019article de la mort, une Italienne de 19 ans sauv\u00e9e in extremis apr\u00e8s 1h47 de massage cardiaque"},"content":{"rendered":"<p>Apr\u00e8s des <a href=\"https:\/\/www.20minutes.fr\/vacances\/\" class=\"c-link c-link--is-underlined\" target=\"_blank\" rel=\"noopener\">vacances<\/a> en Laponie (<a href=\"https:\/\/www.20minutes.fr\/dossier\/norvege\" class=\"c-link c-link--is-underlined\" target=\"_blank\" rel=\"noopener\">Norv\u00e8ge<\/a>), une Italienne de 19 ans pr\u00e9nomm\u00e9e Giada a contract\u00e9 une violente grippe et a \u00e9t\u00e9 transport\u00e9e \u00e0 l\u2019h\u00f4pital de Palerme (<a href=\"https:\/\/www.20minutes.fr\/dossier\/italie\" class=\"c-link c-link--is-underlined\" target=\"_blank\" rel=\"noopener\">Italie<\/a>) en urgence, le 26\u00a0novembre. Elle \u00e9tait alors inanim\u00e9e, avec des signes vitaux alarmants, et risquait de mourir d\u2019une myocardite fulgurante. Elle a finalement pu \u00eatre sauv\u00e9e in extremis apr\u00e8s environ deux heures de massage cardiaque, rapporte le <a href=\"https:\/\/www.corriere.it\/cronache\/25_dicembre_21\/giada-salvata-dalla-morte-con-un-massaggio-cardiaco-da-record-di-107-minuti-il-miracolo-al-civico-di-palermo-19314a39-b9de-4333-ac50-1a62c7959xlk.shtml?refresh_ce\" rel=\"nofollow noopener\" target=\"_blank\" class=\"c-link c-link--is-underlined\">Corriere della Sera<\/a>.<\/p>\n<p>Plusieurs soignants de l\u2019<a href=\"https:\/\/www.20minutes.fr\/dossier\/hopital\" class=\"c-link c-link--is-underlined\" target=\"_blank\" rel=\"noopener\">h\u00f4pital<\/a> Civico, dont des m\u00e9decins et des infirmi\u00e8res, se sont relay\u00e9s pour tenter de la ranimer \u00e0 tour de r\u00f4le. Au total, ils ont effectu\u00e9 les manipulations durant 1h47, poursuivant leurs efforts m\u00eame lorsque la <a href=\"https:\/\/www.20minutes.fr\/dossier\/victime\" class=\"c-link c-link--is-underlined\" target=\"_blank\" rel=\"noopener\">victime<\/a> semblait condamn\u00e9e. \u00ab\u00a0Nous \u00e9tions douze, tandis que dix autres \u00e9taient pr\u00eats \u00e0 prendre la rel\u00e8ve, \u00e0 contr\u00f4ler chaque param\u00e8tre. Le c\u0153ur \u00e9tait sur le point de l\u00e2cher. Il fallait y croire et continuer\u2026\u00a0\u00bb, a t\u00e9moign\u00e9 le directeur du service anesth\u00e9sie de l\u2019h\u00f4pital, Vincenzo Mazzarese.<\/p>\n<\/p>\n<p>\u00ab\u00a0L\u2019\u00e9quipe doit fonctionner comme une horloge\u00a0\u00bb<\/p>\n<p>En pratique, l\u2019efficacit\u00e9 d\u2019un massage cardiaque est limit\u00e9e dans le temps et exc\u00e8de rarement trente minutes. Au-del\u00e0, la victime est expos\u00e9e \u00e0 un risque accru de complications. Les m\u00e9decins doivent donc \u00eatre en alerte tout au long du processus, d\u00e9veloppe Massimo Geraci, chef du service des <a href=\"https:\/\/www.20minutes.fr\/dossier\/urgences\" class=\"c-link c-link--is-underlined\" target=\"_blank\" rel=\"noopener\">urgences<\/a> de l\u2019h\u00f4pital de Palerme.<\/p>\n<p>\u00ab\u00a0Il faut \u00eatre s\u00fbr de la r\u00e9action du <a href=\"https:\/\/www.20minutes.fr\/dossier\/coeur\" class=\"c-link c-link--is-underlined\" target=\"_blank\" rel=\"noopener\">c\u0153ur<\/a>, apr\u00e8s dix, vingt, trente minutes de massage. C\u2019est tr\u00e8s long. Pour cela, il faut proc\u00e9der \u00e0 une \u00e9chographie. Mais, tandis que l\u2019on se relaie sur ce muscle qui semble ne pas se remettre, toute l\u2019\u00e9quipe doit fonctionner comme une horloge\u00a0\u00bb, d\u00e9taille le sp\u00e9cialiste. \u00ab\u00a0J\u2019arr\u00eatais le massage pendant un instant qui me semblait une \u00e9ternit\u00e9, je laissais quelques secondes \u00e0 l\u2019\u00e9chographiste, tandis que les autres gardaient les yeux riv\u00e9s sur les \u00e9crans et, apr\u00e8s un regard approbateur de sa part, je reprenais le massage\u00a0\u00bb, a racont\u00e9 le praticien.<\/p>\n<p>\u00ab\u00a0Ce sera le plus beau No\u00ebl de sa vie\u00a0\u00bb, selon son p\u00e8re<\/p>\n<p>Une technique leur a notamment permis d\u2019\u00e9viter le pire\u00a0: l\u2019Ecmo (Extra corporeal membrane oxygenation), soit l\u2019oxyg\u00e9nation par membrane extracorporelle. Comme l\u2019explique <a href=\"https:\/\/www.chu-poitiers.fr\/ecmo-une-technique-de-sauvetage-de-dernier-recours\/\" rel=\"nofollow noopener\" target=\"_blank\" class=\"c-link c-link--is-underlined\">le site du CHU de Poitiers<\/a>, cette assistance, tr\u00e8s utilis\u00e9e pendant la pand\u00e9mie de <a href=\"https:\/\/www.20minutes.fr\/societe\/covid-19\/\" class=\"c-link c-link--is-underlined\" target=\"_blank\" rel=\"noopener\">Covid-19<\/a>, permet \u00ab\u00a0l\u2019oxyg\u00e9nation non plus \u00e0 travers le poumon physiologique mais \u00e0 travers une membrane extracorporelle. [\u2026] Le patient n\u00e9cessite alors d\u2019\u00eatre intub\u00e9, endormi [s\u00e9dat\u00e9] et plac\u00e9 sous assistance respiratoire, c\u2019est-\u00e0-dire connect\u00e9 \u00e0 un ventilateur artificiel\u00a0\u00bb. L\u2019h\u00f4pital de Palerme s\u2019\u00e9tait dot\u00e9 de cette technologie depuis un an \u00e0 peine.<\/p>\n<p>Aujourd\u2019hui, la jeune femme est en convalescence \u00e0 son domicile. \u00ab\u00a0Elle va mieux, beaucoup mieux. Ce sera le plus beau <a href=\"https:\/\/www.20minutes.fr\/noel\/\" class=\"c-link c-link--is-underlined\" target=\"_blank\" rel=\"noopener\">No\u00ebl<\/a> de sa vie\u00a0\u00bb, a d\u00e9clar\u00e9 son p\u00e8re. \u00ab\u00a0Avec Giada, c\u2019\u00e9tait un vrai miracle\u00a0\u00bb, a conclu Massimo Geraci.<\/p>\n","protected":false},"excerpt":{"rendered":"Apr\u00e8s des vacances en Laponie (Norv\u00e8ge), une Italienne de 19 ans pr\u00e9nomm\u00e9e Giada a contract\u00e9 une violente grippe&hellip;\n","protected":false},"author":2,"featured_media":619980,"comment_status":"","ping_status":"","sticky":false,"template":"","format":"standard","meta":{"footnotes":""},"categories":[10],"tags":[47,29934,1011,27,72,452,224,74,58755,71],"class_list":{"0":"post-619979","1":"post","2":"type-post","3":"status-publish","4":"format-standard","5":"has-post-thumbnail","7":"category-sante","8":"tag-actualite","9":"tag-arret-cardiaque","10":"tag-fr","11":"tag-france","12":"tag-health","13":"tag-italie","14":"tag-medecine","15":"tag-monde","16":"tag-reanimation","17":"tag-sante"},"share_on_mastodon":{"url":"https:\/\/pubeurope.com\/@fr\/115774838779621149","error":""},"_links":{"self":[{"href":"https:\/\/www.europesays.com\/fr\/wp-json\/wp\/v2\/posts\/619979","targetHints":{"allow":["GET"]}}],"collection":[{"href":"https:\/\/www.europesays.com\/fr\/wp-json\/wp\/v2\/posts"}],"about":[{"href":"https:\/\/www.europesays.com\/fr\/wp-json\/wp\/v2\/types\/post"}],"author":[{"embeddable":true,"href":"https:\/\/www.europesays.com\/fr\/wp-json\/wp\/v2\/users\/2"}],"replies":[{"embeddable":true,"href":"https:\/\/www.europesays.com\/fr\/wp-json\/wp\/v2\/comments?post=619979"}],"version-history":[{"count":0,"href":"https:\/\/www.europesays.com\/fr\/wp-json\/wp\/v2\/posts\/619979\/revisions"}],"wp:featuredmedia":[{"embeddable":true,"href":"https:\/\/www.europesays.com\/fr\/wp-json\/wp\/v2\/media\/619980"}],"wp:attachment":[{"href":"https:\/\/www.europesays.com\/fr\/wp-json\/wp\/v2\/media?parent=619979"}],"wp:term":[{"taxonomy":"category","embeddable":true,"href":"https:\/\/www.europesays.com\/fr\/wp-json\/wp\/v2\/categories?post=619979"},{"taxonomy":"post_tag","embeddable":true,"href":"https:\/\/www.europesays.com\/fr\/wp-json\/wp\/v2\/tags?post=619979"}],"curies":[{"name":"wp","href":"https:\/\/api.w.org\/{rel}","templated":true}]}}