{"id":619995,"date":"2025-12-24T13:58:25","date_gmt":"2025-12-24T13:58:25","guid":{"rendered":"https:\/\/www.europesays.com\/fr\/619995\/"},"modified":"2025-12-24T13:58:25","modified_gmt":"2025-12-24T13:58:25","slug":"a-la-cave-23-on-double-laffluence-par-rapport-a-un-mois-normal","status":"publish","type":"post","link":"https:\/\/www.europesays.com\/fr\/619995\/","title":{"rendered":"\u00e0 la Cave 23, \u00ab\u00a0on\u00a0double l\u2019affluence par rapport \u00e0 un mois normal\u00a0\u00bb"},"content":{"rendered":"<p>Depuis le d\u00e9but du mois, l\u2019activit\u00e9 s\u2019est acc\u00e9l\u00e9r\u00e9e \u00e0 la Cave 23. \u00ab\u00a0On l\u2019a bien ressenti ces derniers jours, estime Marina Billand, responsable du magasin. M\u00eame si les gens s\u2019y prennent de plus en plus tard pour leurs cadeaux, nous avons d\u00e9j\u00e0 une hausse par rapport \u00e0 novembre. Et le budget est plus important, car, pour No\u00ebl, on veut se faire plaisir.\u00a0\u00bb<\/p>\n<p>Avec les cadeaux viendront aussi bient\u00f4t les clients souhaitant accompagner leurs repas de bons vins. \u00ab\u00a0Au final, jusqu\u2019au 31\u00a0d\u00e9cembre, cela s\u2019\u00e9quilibre entre les achats de cadeaux et ceux pour les&#8230;<\/p>\n","protected":false},"excerpt":{"rendered":"Depuis le d\u00e9but du mois, l\u2019activit\u00e9 s\u2019est acc\u00e9l\u00e9r\u00e9e \u00e0 la Cave 23. \u00ab\u00a0On l\u2019a bien ressenti ces derniers&hellip;\n","protected":false},"author":2,"featured_media":619996,"comment_status":"","ping_status":"","sticky":false,"template":"","format":"standard","meta":{"footnotes":""},"categories":[9653],"tags":[1111,11,2430,4406,33,7539,1777,674,1011,27,12,25,4001,7538],"class_list":{"0":"post-619995","1":"post","2":"type-post","3":"status-publish","4":"format-standard","5":"has-post-thumbnail","7":"category-saint-etienne","8":"tag-actu","9":"tag-actualites","10":"tag-auvergne-rhone-alpes","11":"tag-commerce-et-services","12":"tag-economie","13":"tag-edition-loire-sud","14":"tag-eu","15":"tag-europe","16":"tag-fr","17":"tag-france","18":"tag-news","19":"tag-republique-francaise","20":"tag-saint-etienne","21":"tag-saint-etienne-ville"},"share_on_mastodon":{"url":"https:\/\/pubeurope.com\/@fr\/115774901623368698","error":""},"_links":{"self":[{"href":"https:\/\/www.europesays.com\/fr\/wp-json\/wp\/v2\/posts\/619995","targetHints":{"allow":["GET"]}}],"collection":[{"href":"https:\/\/www.europesays.com\/fr\/wp-json\/wp\/v2\/posts"}],"about":[{"href":"https:\/\/www.europesays.com\/fr\/wp-json\/wp\/v2\/types\/post"}],"author":[{"embeddable":true,"href":"https:\/\/www.europesays.com\/fr\/wp-json\/wp\/v2\/users\/2"}],"replies":[{"embeddable":true,"href":"https:\/\/www.europesays.com\/fr\/wp-json\/wp\/v2\/comments?post=619995"}],"version-history":[{"count":0,"href":"https:\/\/www.europesays.com\/fr\/wp-json\/wp\/v2\/posts\/619995\/revisions"}],"wp:featuredmedia":[{"embeddable":true,"href":"https:\/\/www.europesays.com\/fr\/wp-json\/wp\/v2\/media\/619996"}],"wp:attachment":[{"href":"https:\/\/www.europesays.com\/fr\/wp-json\/wp\/v2\/media?parent=619995"}],"wp:term":[{"taxonomy":"category","embeddable":true,"href":"https:\/\/www.europesays.com\/fr\/wp-json\/wp\/v2\/categories?post=619995"},{"taxonomy":"post_tag","embeddable":true,"href":"https:\/\/www.europesays.com\/fr\/wp-json\/wp\/v2\/tags?post=619995"}],"curies":[{"name":"wp","href":"https:\/\/api.w.org\/{rel}","templated":true}]}}