{"id":619997,"date":"2025-12-24T14:00:22","date_gmt":"2025-12-24T14:00:22","guid":{"rendered":"https:\/\/www.europesays.com\/fr\/619997\/"},"modified":"2025-12-24T14:00:22","modified_gmt":"2025-12-24T14:00:22","slug":"saint-etienne-un-radar-de-la-rn88-emballe-avec-du-papier-cadeau-pour-noel","status":"publish","type":"post","link":"https:\/\/www.europesays.com\/fr\/619997\/","title":{"rendered":"Saint-\u00c9tienne : un radar de la RN88 emball\u00e9 avec du papier cadeau pour No\u00ebl"},"content":{"rendered":"<p>Un radar de la RN88, \u00e0 Saint-\u00c9tienne, ne peut plus sanctionner les voitures qui roulent trop vite depuis plusieurs jours : la machine a \u00e9t\u00e9 emball\u00e9e dans du papier cadeau \u00ab\u00a0pour No\u00ebl.<\/p>\n<p>Le ou les auteurs de cette farce ont voulu faire un cadeau de No\u00ebl avant le 25 d\u00e9cembre aux automobilistes de la RN88.<\/p>\n<p>Depuis le d\u00e9but de semaine, <b>le radar de Terrenoire<\/b>, \u00e0 Saint-\u00c9tienne, situ\u00e9 juste avant la jonction avec l&rsquo;A72 en direction de Saint-Chamind, ne peut plus flasher de voitures.<\/p>\n<p>Le radar emball\u00e9 comme un cadeau de No\u00ebl\u00a0\u00a0<\/p>\n<p>Et pour cause : <b>le radar a \u00e9t\u00e9 totalement emball\u00e9 de papier cadeau et d&rsquo;une guirlande lumineuse<\/b>. Sur l&#8217;emballage \u00ab\u00a0sp\u00e9cial f\u00eates de fin d&rsquo;ann\u00e9e\u00a0\u00bb, on peut trouver la mention suivante :<\/p>\n<blockquote><p>\u00ab\u00a0Interdit d&rsquo;ouvrir les cadeaux avant le 25. \u00c7a ne tient qu&rsquo;\u00e0 vous de faire durer la magie de No\u00ebl quelques semaines de plus\u2026 Passez de bonnes f\u00eates !\u00a0\u00bb<\/p><\/blockquote>\n<p>Il est \u00e9galement demand\u00e9 aux personnes de passages de rallumer la guirlande car elle s&rsquo;\u00e9teint \u00ab\u00a0au bout de 10 minutes\u00a0\u00bb.<\/p>\n<p>Comme confirm\u00e9 par nos confr\u00e8res du <a class=\"url\" href=\"https:\/\/www.leprogres.fr\/faits-divers-justice\/2025\/12\/24\/guirlande-et-papier-cadeau-le-radar-de-terrenoire-en-mode-noel\" target=\"_blank\" rel=\"noopener\">Progr\u00e8s<\/a>, le radar \u00e9tait encore non fonctionnel ce mercredi 24 d\u00e9cembre.<\/p>\n<p>Le ou les auteurs de cette blague pourraient \u00e9coper d&rsquo;une amende de 15.000 euros maximum ainsi que d&rsquo;une peine d&rsquo;int\u00e9r\u00eat g\u00e9n\u00e9ral.<\/p>\n<p><img loading=\"lazy\" decoding=\"async\" src=\"https:\/\/www.europesays.com\/fr\/wp-content\/uploads\/2025\/12\/1766584822_882_img\" width=\"350\" height=\"200\" border=\"0\" title=\"La neige \u00c3\u00a0 Saint-Etienne (archives)\"\/><\/p>\n<p>\u25baM\u00e9t\u00e9o<\/p>\n<p style=\"font-size: 22px;\"><b>Loire \/ Haute-Loire : de la neige attendue pour la veille de No\u00ebl ?<\/b><\/p>\n<p>Apr\u00e8s un p\u00e9riode de redoux, les temp\u00e9ratures&#8230;<\/p>\n<p><\/p>\n","protected":false},"excerpt":{"rendered":"Un radar de la RN88, \u00e0 Saint-\u00c9tienne, ne peut plus sanctionner les voitures qui roulent trop vite depuis&hellip;\n","protected":false},"author":2,"featured_media":619998,"comment_status":"","ping_status":"","sticky":false,"template":"","format":"standard","meta":{"footnotes":""},"categories":[9653],"tags":[15290,1111,11,6955,2430,1777,674,1011,27,12,63629,27760,25,15292,72995,9920,4001,51257],"class_list":{"0":"post-619997","1":"post","2":"type-post","3":"status-publish","4":"format-standard","5":"has-post-thumbnail","7":"category-saint-etienne","8":"tag-a72","9":"tag-actu","10":"tag-actualites","11":"tag-autoroute","12":"tag-auvergne-rhone-alpes","13":"tag-eu","14":"tag-europe","15":"tag-fr","16":"tag-france","17":"tag-news","18":"tag-nol","19":"tag-radar","20":"tag-republique-francaise","21":"tag-rn88","22":"tag-route-nationale","23":"tag-saint-tienne","24":"tag-saint-etienne","25":"tag-terrenoire"},"share_on_mastodon":{"url":"https:\/\/pubeurope.com\/@fr\/115774911588519164","error":""},"_links":{"self":[{"href":"https:\/\/www.europesays.com\/fr\/wp-json\/wp\/v2\/posts\/619997","targetHints":{"allow":["GET"]}}],"collection":[{"href":"https:\/\/www.europesays.com\/fr\/wp-json\/wp\/v2\/posts"}],"about":[{"href":"https:\/\/www.europesays.com\/fr\/wp-json\/wp\/v2\/types\/post"}],"author":[{"embeddable":true,"href":"https:\/\/www.europesays.com\/fr\/wp-json\/wp\/v2\/users\/2"}],"replies":[{"embeddable":true,"href":"https:\/\/www.europesays.com\/fr\/wp-json\/wp\/v2\/comments?post=619997"}],"version-history":[{"count":0,"href":"https:\/\/www.europesays.com\/fr\/wp-json\/wp\/v2\/posts\/619997\/revisions"}],"wp:featuredmedia":[{"embeddable":true,"href":"https:\/\/www.europesays.com\/fr\/wp-json\/wp\/v2\/media\/619998"}],"wp:attachment":[{"href":"https:\/\/www.europesays.com\/fr\/wp-json\/wp\/v2\/media?parent=619997"}],"wp:term":[{"taxonomy":"category","embeddable":true,"href":"https:\/\/www.europesays.com\/fr\/wp-json\/wp\/v2\/categories?post=619997"},{"taxonomy":"post_tag","embeddable":true,"href":"https:\/\/www.europesays.com\/fr\/wp-json\/wp\/v2\/tags?post=619997"}],"curies":[{"name":"wp","href":"https:\/\/api.w.org\/{rel}","templated":true}]}}