{"id":619999,"date":"2025-12-24T14:04:08","date_gmt":"2025-12-24T14:04:08","guid":{"rendered":"https:\/\/www.europesays.com\/fr\/619999\/"},"modified":"2025-12-24T14:04:08","modified_gmt":"2025-12-24T14:04:08","slug":"nancy-concert-gregoire","status":"publish","type":"post","link":"https:\/\/www.europesays.com\/fr\/619999\/","title":{"rendered":"NANCY > CONCERT > GREGOIRE"},"content":{"rendered":"<p>Gr\u00e9goire, un voyage intime et musical \u00e0 la Salle Poirel de Nancy<\/p>\n<p><a href=\"https:\/\/www.info-lux.com\/wp-content\/uploads\/2025\/12\/IMG_4574-scaled.jpeg\" target=\"_blank\" rel=\"noopener\"><img loading=\"lazy\" decoding=\"async\" width=\"1024\" height=\"683\" src=\"https:\/\/www.europesays.com\/fr\/wp-content\/uploads\/2025\/12\/IMG_4574-1024x683.jpeg\" alt=\"\" class=\"wp-image-1533262\"\/><\/a><\/p>\n<p class=\"has-medium-font-size\">Le 19 d\u00e9cembre dernier, Gr\u00e9goire faisait escale \u00e0 Nancy pour un concert \u00e0 la Salle Poirel, offrant au public un moment suspendu, \u00e0 la fois <strong>sinc\u00e8re, chaleureux et profond\u00e9ment humain<\/strong>.<\/p>\n<p class=\"has-medium-font-size\">Sur sc\u00e8ne, l\u2019artiste ne se contente pas d\u2019encha\u00eener ses titres les plus connus. Il propose un v\u00e9ritable r\u00e9cit musical, retra\u00e7ant son parcours depuis ses d\u00e9buts jusqu\u2019\u00e0 aujourd\u2019hui. Chaque chanson s\u2019inscrit dans une chronologie assum\u00e9e, comme les chapitres d\u2019une autobiographie chant\u00e9e, o\u00f9 les souvenirs personnels se m\u00ealent aux \u00e9motions partag\u00e9es avec le public.<\/p>\n<p><a href=\"https:\/\/www.info-lux.com\/wp-content\/uploads\/2025\/12\/IMG_4582-scaled.jpeg\" target=\"_blank\" rel=\"noopener\"><img loading=\"lazy\" decoding=\"async\" width=\"683\" height=\"1024\" data-id=\"1533253\" src=\"https:\/\/www.europesays.com\/fr\/wp-content\/uploads\/2025\/12\/IMG_4582-683x1024.jpeg\" alt=\"\" class=\"wp-image-1533253\"\/><\/a><\/p>\n<p><a href=\"https:\/\/www.info-lux.com\/wp-content\/uploads\/2025\/12\/IMG_4584.jpeg\" target=\"_blank\" rel=\"noopener\"><img loading=\"lazy\" decoding=\"async\" width=\"683\" height=\"1024\" data-id=\"1533255\" src=\"https:\/\/www.europesays.com\/fr\/wp-content\/uploads\/2025\/12\/IMG_4584-683x1024.jpeg\" alt=\"\" class=\"wp-image-1533255\"\/><\/a><\/p>\n<p><a href=\"https:\/\/www.info-lux.com\/wp-content\/uploads\/2025\/12\/IMG_4585-scaled.jpeg\" target=\"_blank\" rel=\"noopener\"><img loading=\"lazy\" decoding=\"async\" width=\"1024\" height=\"683\" data-id=\"1533256\" src=\"https:\/\/www.europesays.com\/fr\/wp-content\/uploads\/2025\/12\/IMG_4585-1024x683.jpeg\" alt=\"\" class=\"wp-image-1533256\"\/><\/a><br \/>\nNANCY &gt; CONCERT &gt; GREGOIRE<\/p>\n<p class=\"has-medium-font-size\">Le fil conducteur de la soir\u00e9e est aussi simple qu\u2019efficace : avant chaque morceau, Gr\u00e9goire annonce avec humour et autod\u00e9rision : <strong>\u00ab Bonsoir, je m\u2019appelle Gr\u00e9goire, j\u2019ai \u2026 ans \u00bb.<\/strong><\/p>\n<p class=\"has-medium-font-size\">Une phrase rituelle qui marque le temps qui passe, les \u00e9tapes de la vie, et donne \u00e0 chaque titre une nouvelle r\u00e9sonance. <strong>Anecdotes, faits de vie, moments de doute ou de joie<\/strong> : l\u2019artiste se livre sans artifice, cr\u00e9ant une proximit\u00e9 imm\u00e9diate avec la salle.<\/p>\n<p class=\"has-medium-font-size\">Accompagn\u00e9 d\u2019une <strong>mise en sc\u00e8ne sobre<\/strong>, laissant toute la place \u00e0 la musique et au texte, Gr\u00e9goire revisite ses chansons embl\u00e9matiques avec une justesse intacte. Les titres, connus et repris par le public, prennent une dimension nouvelle lorsqu\u2019ils sont replac\u00e9s dans leur contexte de cr\u00e9ation, r\u00e9v\u00e9lant parfois une fragilit\u00e9 touchante, parfois une \u00e9nergie communicative.<\/p>\n<p><a href=\"https:\/\/www.info-lux.com\/wp-content\/uploads\/2025\/12\/IMG_4591-scaled.jpeg\" target=\"_blank\" rel=\"noopener\"><img loading=\"lazy\" decoding=\"async\" width=\"1024\" height=\"683\" data-id=\"1533251\" src=\"https:\/\/www.europesays.com\/fr\/wp-content\/uploads\/2025\/12\/IMG_4591-1024x683.jpeg\" alt=\"\" class=\"wp-image-1533251\"\/><\/a><\/p>\n<p><a href=\"https:\/\/www.info-lux.com\/wp-content\/uploads\/2025\/12\/IMG_4574-scaled.jpeg\" target=\"_blank\" rel=\"noopener\"><img loading=\"lazy\" decoding=\"async\" width=\"1024\" height=\"683\" data-id=\"1533262\" src=\"https:\/\/www.europesays.com\/fr\/wp-content\/uploads\/2025\/12\/IMG_4574-1024x683.jpeg\" alt=\"\" class=\"wp-image-1533262\"\/><\/a><\/p>\n<p><a href=\"https:\/\/www.info-lux.com\/wp-content\/uploads\/2025\/12\/IMG_4592-scaled.jpeg\" target=\"_blank\" rel=\"noopener\"><img loading=\"lazy\" decoding=\"async\" width=\"1024\" height=\"683\" data-id=\"1533248\" src=\"https:\/\/www.europesays.com\/fr\/wp-content\/uploads\/2025\/12\/IMG_4592-1024x683.jpeg\" alt=\"\" class=\"wp-image-1533248\"\/><\/a><br \/>\nNANCY &gt; CONCERT &gt; GREGOIRE<\/p>\n<p class=\"has-medium-font-size\">Dans une Salle Poirel attentive et conquise, ce concert s\u2019est impos\u00e9 comme bien plus qu\u2019une simple date de tourn\u00e9e. Il s\u2019agissait d\u2019un moment de partage authentique, o\u00f9 le temps semblait suspendu, port\u00e9 par la voix d\u2019un artiste qui a su transformer son histoire personnelle en un langage universel.<\/p>\n<p class=\"has-medium-font-size\">Une soir\u00e9e \u00e0 l\u2019image de Gr\u00e9goire : sinc\u00e8re, accessible, et profond\u00e9ment humaine.<\/p>\n<p>PHOTOS &gt; NANCY &gt; CONCERT &gt; GREGOIRE<\/p>\n<p><a href=\"https:\/\/www.info-lux.com\/wp-content\/uploads\/2025\/12\/IMG_4572-scaled.jpeg\" target=\"_blank\" rel=\"noopener\"><img loading=\"lazy\" decoding=\"async\" width=\"683\" height=\"1024\" data-id=\"1533264\" src=\"https:\/\/www.europesays.com\/fr\/wp-content\/uploads\/2025\/12\/IMG_4572-683x1024.jpeg\" alt=\"\" class=\"wp-image-1533264\"\/><\/a><\/p>\n<p><a href=\"https:\/\/www.info-lux.com\/wp-content\/uploads\/2025\/12\/IMG_4573.jpeg\" target=\"_blank\" rel=\"noopener\"><img loading=\"lazy\" decoding=\"async\" width=\"1024\" height=\"683\" data-id=\"1533263\" src=\"https:\/\/www.europesays.com\/fr\/wp-content\/uploads\/2025\/12\/IMG_4573-1024x683.jpeg\" alt=\"\" class=\"wp-image-1533263\"\/><\/a><\/p>\n<p><a href=\"https:\/\/www.info-lux.com\/wp-content\/uploads\/2025\/12\/IMG_4574-scaled.jpeg\" target=\"_blank\" rel=\"noopener\"><img loading=\"lazy\" decoding=\"async\" width=\"1024\" height=\"683\" data-id=\"1533262\" src=\"https:\/\/www.europesays.com\/fr\/wp-content\/uploads\/2025\/12\/IMG_4574-1024x683.jpeg\" alt=\"\" class=\"wp-image-1533262\"\/><\/a><\/p>\n<p><a href=\"https:\/\/www.info-lux.com\/wp-content\/uploads\/2025\/12\/IMG_4575.jpeg\" target=\"_blank\" rel=\"noopener\"><img loading=\"lazy\" decoding=\"async\" width=\"1024\" height=\"683\" data-id=\"1533261\" src=\"https:\/\/www.europesays.com\/fr\/wp-content\/uploads\/2025\/12\/IMG_4575-1024x683.jpeg\" alt=\"\" class=\"wp-image-1533261\"\/><\/a><\/p>\n<p><a href=\"https:\/\/www.info-lux.com\/wp-content\/uploads\/2025\/12\/IMG_4576-scaled.jpeg\" target=\"_blank\" rel=\"noopener\"><img loading=\"lazy\" decoding=\"async\" width=\"1024\" height=\"683\" data-id=\"1533260\" src=\"https:\/\/www.europesays.com\/fr\/wp-content\/uploads\/2025\/12\/IMG_4576-1024x683.jpeg\" alt=\"\" class=\"wp-image-1533260\"\/><\/a><\/p>\n<p><a href=\"https:\/\/www.info-lux.com\/wp-content\/uploads\/2025\/12\/IMG_4578.jpeg\" target=\"_blank\" rel=\"noopener\"><img loading=\"lazy\" decoding=\"async\" width=\"683\" height=\"1024\" data-id=\"1533259\" src=\"https:\/\/www.europesays.com\/fr\/wp-content\/uploads\/2025\/12\/IMG_4578-683x1024.jpeg\" alt=\"\" class=\"wp-image-1533259\"\/><\/a><\/p>\n<p><a href=\"https:\/\/www.info-lux.com\/wp-content\/uploads\/2025\/12\/IMG_4579-scaled.jpeg\" target=\"_blank\" rel=\"noopener\"><img loading=\"lazy\" decoding=\"async\" width=\"1024\" height=\"683\" data-id=\"1533258\" src=\"https:\/\/www.europesays.com\/fr\/wp-content\/uploads\/2025\/12\/IMG_4579-1024x683.jpeg\" alt=\"\" class=\"wp-image-1533258\"\/><\/a><\/p>\n<p><a href=\"https:\/\/www.info-lux.com\/wp-content\/uploads\/2025\/12\/IMG_4580.jpeg\" target=\"_blank\" rel=\"noopener\"><img loading=\"lazy\" decoding=\"async\" width=\"683\" height=\"1024\" data-id=\"1533257\" src=\"https:\/\/www.europesays.com\/fr\/wp-content\/uploads\/2025\/12\/IMG_4580-683x1024.jpeg\" alt=\"\" class=\"wp-image-1533257\"\/><\/a><\/p>\n<p><a href=\"https:\/\/www.info-lux.com\/wp-content\/uploads\/2025\/12\/IMG_4585-scaled.jpeg\" target=\"_blank\" rel=\"noopener\"><img loading=\"lazy\" decoding=\"async\" width=\"1024\" height=\"683\" data-id=\"1533256\" src=\"https:\/\/www.europesays.com\/fr\/wp-content\/uploads\/2025\/12\/IMG_4585-1024x683.jpeg\" alt=\"\" class=\"wp-image-1533256\"\/><\/a><\/p>\n<p><a href=\"https:\/\/www.info-lux.com\/wp-content\/uploads\/2025\/12\/IMG_4584.jpeg\" target=\"_blank\" rel=\"noopener\"><img loading=\"lazy\" decoding=\"async\" width=\"683\" height=\"1024\" data-id=\"1533255\" src=\"https:\/\/www.europesays.com\/fr\/wp-content\/uploads\/2025\/12\/IMG_4584-683x1024.jpeg\" alt=\"\" class=\"wp-image-1533255\"\/><\/a><\/p>\n<p><a href=\"https:\/\/www.info-lux.com\/wp-content\/uploads\/2025\/12\/IMG_4586-scaled.jpeg\" target=\"_blank\" rel=\"noopener\"><img loading=\"lazy\" decoding=\"async\" width=\"1024\" height=\"683\" data-id=\"1533250\" src=\"https:\/\/www.europesays.com\/fr\/wp-content\/uploads\/2025\/12\/IMG_4586-1024x683.jpeg\" alt=\"\" class=\"wp-image-1533250\"\/><\/a><\/p>\n<p><a href=\"https:\/\/www.info-lux.com\/wp-content\/uploads\/2025\/12\/IMG_4591-scaled.jpeg\" target=\"_blank\" rel=\"noopener\"><img loading=\"lazy\" decoding=\"async\" width=\"1024\" height=\"683\" data-id=\"1533251\" src=\"https:\/\/www.europesays.com\/fr\/wp-content\/uploads\/2025\/12\/IMG_4591-1024x683.jpeg\" alt=\"\" class=\"wp-image-1533251\"\/><\/a><\/p>\n<p><a href=\"https:\/\/www.info-lux.com\/wp-content\/uploads\/2025\/12\/IMG_4581-scaled.jpeg\" target=\"_blank\" rel=\"noopener\"><img loading=\"lazy\" decoding=\"async\" width=\"1024\" height=\"683\" data-id=\"1533252\" src=\"https:\/\/www.europesays.com\/fr\/wp-content\/uploads\/2025\/12\/IMG_4581-1024x683.jpeg\" alt=\"\" class=\"wp-image-1533252\"\/><\/a><\/p>\n<p><a href=\"https:\/\/www.info-lux.com\/wp-content\/uploads\/2025\/12\/IMG_4582-scaled.jpeg\" target=\"_blank\" rel=\"noopener\"><img loading=\"lazy\" decoding=\"async\" width=\"683\" height=\"1024\" data-id=\"1533253\" src=\"https:\/\/www.europesays.com\/fr\/wp-content\/uploads\/2025\/12\/IMG_4582-683x1024.jpeg\" alt=\"\" class=\"wp-image-1533253\"\/><\/a><\/p>\n<p><a href=\"https:\/\/www.info-lux.com\/wp-content\/uploads\/2025\/12\/IMG_4583.jpeg\" target=\"_blank\" rel=\"noopener\"><img loading=\"lazy\" decoding=\"async\" width=\"683\" height=\"1024\" data-id=\"1533254\" src=\"https:\/\/www.europesays.com\/fr\/wp-content\/uploads\/2025\/12\/IMG_4583-683x1024.jpeg\" alt=\"\" class=\"wp-image-1533254\"\/><\/a><\/p>\n<p><a href=\"https:\/\/www.info-lux.com\/wp-content\/uploads\/2025\/12\/IMG_4587-scaled.jpeg\" target=\"_blank\" rel=\"noopener\"><img loading=\"lazy\" decoding=\"async\" width=\"1024\" height=\"683\" data-id=\"1533249\" src=\"https:\/\/www.europesays.com\/fr\/wp-content\/uploads\/2025\/12\/IMG_4587-1024x683.jpeg\" alt=\"\" class=\"wp-image-1533249\"\/><\/a><\/p>\n<p><a href=\"https:\/\/www.info-lux.com\/wp-content\/uploads\/2025\/12\/IMG_4592-scaled.jpeg\" target=\"_blank\" rel=\"noopener\"><img loading=\"lazy\" decoding=\"async\" width=\"1024\" height=\"683\" data-id=\"1533248\" src=\"https:\/\/www.europesays.com\/fr\/wp-content\/uploads\/2025\/12\/IMG_4592-1024x683.jpeg\" alt=\"\" class=\"wp-image-1533248\"\/><\/a><\/p>\n<p><a href=\"https:\/\/www.info-lux.com\/wp-content\/uploads\/2025\/12\/IMG_4588-scaled.jpeg\" target=\"_blank\" rel=\"noopener\"><img loading=\"lazy\" decoding=\"async\" width=\"1024\" height=\"683\" data-id=\"1533247\" src=\"https:\/\/www.europesays.com\/fr\/wp-content\/uploads\/2025\/12\/IMG_4588-1024x683.jpeg\" alt=\"\" class=\"wp-image-1533247\"\/><\/a><\/p>\n<p><a href=\"https:\/\/www.info-lux.com\/wp-content\/uploads\/2025\/12\/IMG_4589-scaled.jpeg\" target=\"_blank\" rel=\"noopener\"><img loading=\"lazy\" decoding=\"async\" width=\"683\" height=\"1024\" data-id=\"1533246\" src=\"https:\/\/www.europesays.com\/fr\/wp-content\/uploads\/2025\/12\/IMG_4589-683x1024.jpeg\" alt=\"\" class=\"wp-image-1533246\"\/><\/a><\/p>\n<p><a href=\"https:\/\/www.info-lux.com\/wp-content\/uploads\/2025\/12\/IMG_4590-scaled.jpeg\" target=\"_blank\" rel=\"noopener\"><img loading=\"lazy\" decoding=\"async\" width=\"683\" height=\"1024\" data-id=\"1533245\" src=\"https:\/\/www.europesays.com\/fr\/wp-content\/uploads\/2025\/12\/IMG_4590-683x1024.jpeg\" alt=\"\" class=\"wp-image-1533245\"\/><\/a><\/p>\n<p><a href=\"https:\/\/www.info-lux.com\/wp-content\/uploads\/2025\/12\/IMG_4595-scaled.jpeg\" target=\"_blank\" rel=\"noopener\"><img loading=\"lazy\" decoding=\"async\" width=\"1024\" height=\"683\" data-id=\"1533244\" src=\"https:\/\/www.europesays.com\/fr\/wp-content\/uploads\/2025\/12\/IMG_4595-1024x683.jpeg\" alt=\"\" class=\"wp-image-1533244\"\/><\/a><\/p>\n<p><a href=\"https:\/\/www.info-lux.com\/wp-content\/uploads\/2025\/12\/IMG_4593-scaled.jpeg\" target=\"_blank\" rel=\"noopener\"><img loading=\"lazy\" decoding=\"async\" width=\"1024\" height=\"683\" data-id=\"1533243\" src=\"https:\/\/www.europesays.com\/fr\/wp-content\/uploads\/2025\/12\/IMG_4593-1024x683.jpeg\" alt=\"\" class=\"wp-image-1533243\"\/><\/a><\/p>\n<p><a href=\"https:\/\/www.info-lux.com\/wp-content\/uploads\/2025\/12\/IMG_4594-scaled.jpeg\" target=\"_blank\" rel=\"noopener\"><img loading=\"lazy\" decoding=\"async\" width=\"1024\" height=\"683\" data-id=\"1533242\" src=\"https:\/\/www.europesays.com\/fr\/wp-content\/uploads\/2025\/12\/IMG_4594-1024x683.jpeg\" alt=\"\" class=\"wp-image-1533242\"\/><\/a><br \/>\nNANCY &gt; CONCERT &gt; GREGOIRE<\/p>\n<ul class=\"wp-block-latest-posts__list is-grid columns-3 wp-block-latest-posts\">\n<li><img loading=\"lazy\" decoding=\"async\" width=\"150\" height=\"150\" src=\"https:\/\/www.europesays.com\/fr\/wp-content\/uploads\/2025\/12\/IMG_4587-150x150.jpeg\" class=\"attachment-thumbnail size-thumbnail wp-post-image\" alt=\"\" style=\"\"\/><a class=\"wp-block-latest-posts__post-title\" href=\"https:\/\/www.info-lux.com\/nancy-concert-gregoire\/themes\/\" target=\"_blank\" rel=\"noopener\">NANCY &gt; CONCERT &gt; GREGOIRE<\/a>Gr\u00e9goire, un voyage intime et musical \u00e0 la Salle Poirel de Nancy Le 19 d\u00e9cembre dernier, Gr\u00e9goire faisait escale \u00e0\u2026 <a class=\"wp-block-latest-posts__read-more\" href=\"https:\/\/www.info-lux.com\/nancy-concert-gregoire\/themes\/\" rel=\"noopener noreferrer\" target=\"_blank\">Lire la suite\u00a0: NANCY &gt; CONCERT &gt; GREGOIRE<\/a><\/li>\n<li><img loading=\"lazy\" decoding=\"async\" width=\"150\" height=\"150\" src=\"https:\/\/www.europesays.com\/fr\/wp-content\/uploads\/2025\/12\/BAG26_cover-3D111-150x150.jpg\" class=\"attachment-thumbnail size-thumbnail wp-post-image\" alt=\"\" style=\"\"\/><a class=\"wp-block-latest-posts__post-title\" href=\"https:\/\/www.info-lux.com\/bruxelles-guide-art-2026\/pays\/belgique\/wallonie\/bruxelles\/\" target=\"_blank\" rel=\"noopener\">Bruxelles &gt; Guide &gt; Art 2026<\/a>\n<p>La nouvelle \u00e9dition du Brussels Art Guide 2026 r\u00e9v\u00e8le la richesse de la sc\u00e8ne artistique contemporaine de Bruxelles, entre jeunes talents, lieux embl\u00e9matiques et initiatives cr\u00e9atives.<\/p>\n<\/li>\n<li><img loading=\"lazy\" decoding=\"async\" width=\"150\" height=\"150\" src=\"https:\/\/www.europesays.com\/fr\/wp-content\/uploads\/2025\/12\/Concert-Levitation-Photos-00002-150x150.jpg\" class=\"attachment-thumbnail size-thumbnail wp-post-image\" alt=\"\" style=\"\"\/><a class=\"wp-block-latest-posts__post-title\" href=\"https:\/\/www.info-lux.com\/concert-levitation-photos\/themes\/cultures\/concerts\/photos-de-concerts\/\" target=\"_blank\" rel=\"noopener\">Concert &gt; L\u00e9vitation &gt; Photos<\/a>\n<p>L\u00e9vitation : un concert sensoriel unique qui invite le public \u00e0 vivre un voyage immersif entre sons, \u00e9motions et vibrations. Une exp\u00e9rience musicale in\u00e9dite sign\u00e9e Quentin Dujardin, Gil Delogne et leur invit\u00e9 Erwin Vann.<\/p>\n<\/li>\n<li><img loading=\"lazy\" decoding=\"async\" width=\"150\" height=\"150\" src=\"https:\/\/www.europesays.com\/fr\/wp-content\/uploads\/2025\/12\/WhatsApp-Image-2025-12-20-at-14.11.59-61-150x150.jpg\" class=\"attachment-thumbnail size-thumbnail wp-post-image\" alt=\"\" style=\"\"\/><a class=\"wp-block-latest-posts__post-title\" href=\"https:\/\/www.info-lux.com\/cosplay-portrait-jason-jessy\/actualites\/rubriques\/cosplay-rubrique\/info-cosplay\/\" target=\"_blank\" rel=\"noopener\">Cosplay &gt; Portrait &gt; Jason (Jessy)<\/a>\n<p>\u00c0 Braine-l\u2019Alleud, le passionn\u00e9 de cosplay Jason, alias Jessy, se d\u00e9voile sous le nom de Bubbulecosplay, v\u00e9ritable cam\u00e9l\u00e9on sc\u00e9nique capable d\u2019incarner aussi bien The Joker, Lady Gaga que Myl\u00e8ne Farmer , avec une libert\u00e9 artistique totale.<\/p>\n<\/li>\n<li><img loading=\"lazy\" decoding=\"async\" width=\"150\" height=\"150\" src=\"https:\/\/www.europesays.com\/fr\/wp-content\/uploads\/2025\/12\/Zik-Zak-Concert-Band-of-Friends-032-150x150.gif\" class=\"attachment-thumbnail size-thumbnail wp-post-image\" alt=\"\" style=\"\"\/><a class=\"wp-block-latest-posts__post-title\" href=\"https:\/\/www.info-lux.com\/ittre-zikzak-janvier-2026\/themes\/cultures\/concerts\/salles-de-concerts\/concert-zikzak\/\" target=\"_blank\" rel=\"noopener\">Ittre &gt; ZikZak &gt; Janvier 2026<\/a>\n<p>Le Zik-Zak d\u2019Ittre s\u2019annonce incandescent en janvier 2026 avec trois soir\u00e9es plac\u00e9es sous le signe du rock, du blues et de la chanson belge. Une programmation vibrante qui fera battre le c\u0153ur des amateurs de musique live.<\/p>\n<\/li>\n<li><img loading=\"lazy\" decoding=\"async\" width=\"150\" height=\"150\" src=\"https:\/\/www.europesays.com\/fr\/wp-content\/uploads\/2025\/12\/49ff8aa32fc2ffff987f61e0d37e0daf781b51f1111-150x150.jpg\" class=\"attachment-thumbnail size-thumbnail wp-post-image\" alt=\"\" style=\"\"\/><a class=\"wp-block-latest-posts__post-title\" href=\"https:\/\/www.info-lux.com\/bruxelles-exposition-ecole-agnes-varda\/themes\/cultures\/exposition\/\" target=\"_blank\" rel=\"noopener\">Bruxelles &gt; Exposition &gt; \u00c9cole Agn\u00e8s Varda<\/a>\n<p>Les jeunes talents de l\u2019\u00c9cole Agn\u00e8s Varda r\u00e9v\u00e8lent leurs univers \u00e0 Bruxelles lors d\u2019une exposition collective \u00e0 l\u2019Espace Vanderborght.<\/p>\n<\/li>\n<li><img loading=\"lazy\" decoding=\"async\" width=\"150\" height=\"150\" src=\"https:\/\/www.europesays.com\/fr\/wp-content\/uploads\/2025\/12\/fcknye-scene-1-1-150x150.jpg\" class=\"attachment-thumbnail size-thumbnail wp-post-image\" alt=\"\" style=\"\"\/><a class=\"wp-block-latest-posts__post-title\" href=\"https:\/\/www.info-lux.com\/j-7-fcknye\/pays\/belgique\/wallonie\/bruxelles\/brussels-expo\/fcknye-festival\/\" target=\"_blank\" rel=\"noopener\">BRUXELLES &gt; FCKNYE &gt; J-7<\/a>Il y a des festivals qui annoncent la fin d\u2019une ann\u00e9e. Et puis il y a ceux qui la font\u2026 <a class=\"wp-block-latest-posts__read-more\" href=\"https:\/\/www.info-lux.com\/j-7-fcknye\/pays\/belgique\/wallonie\/bruxelles\/brussels-expo\/fcknye-festival\/\" rel=\"noopener noreferrer\" target=\"_blank\">Lire la suite\u00a0: BRUXELLES &gt; FCKNYE &gt; J-7<\/a><\/li>\n<li><img loading=\"lazy\" decoding=\"async\" width=\"150\" height=\"150\" src=\"https:\/\/www.europesays.com\/fr\/wp-content\/uploads\/2025\/12\/ChatGPT-Image-22-dec.-2025-03_16_55-150x150.png\" class=\"attachment-thumbnail size-thumbnail wp-post-image\" alt=\"\" style=\"\"\/><a class=\"wp-block-latest-posts__post-title\" href=\"https:\/\/www.info-lux.com\/gaming-esport-rocket-league\/actualites\/rubriques\/gaming\/\" target=\"_blank\" rel=\"noopener\">Gaming &gt; Esport &gt; Rocket League<\/a>\n<p>LE SACRE MONDIAL DE LA FRANCE EN ROCKET LEAGUE CONFIRME LA PUISSANCE DU GAMING ESPORT EN 2025<\/p>\n<\/li>\n<li><img loading=\"lazy\" decoding=\"async\" width=\"150\" height=\"150\" src=\"https:\/\/www.europesays.com\/fr\/wp-content\/uploads\/2025\/12\/80-ans-Harmonie-de-Bouillon-43-150x150.jpg\" class=\"attachment-thumbnail size-thumbnail wp-post-image\" alt=\"\" style=\"\"\/><a class=\"wp-block-latest-posts__post-title\" href=\"https:\/\/www.info-lux.com\/bouillon-concert-80-ans-de-lharmonie\/photorep\/\" target=\"_blank\" rel=\"noopener\">Bouillon &gt; Concert &gt; 80 ans de l\u2019Harmonie &gt;<\/a>L\u2019Harmonie \u00ab L\u2019Union Bouillonnaise \u00bb c\u00e9l\u00e8bre 80 ans de musique et de passion Une salle comble pour un anniversaire exceptionnel\u2026 <a class=\"wp-block-latest-posts__read-more\" href=\"https:\/\/www.info-lux.com\/bouillon-concert-80-ans-de-lharmonie\/photorep\/\" rel=\"noopener noreferrer\" target=\"_blank\">Lire la suite\u00a0: Bouillon &gt; Concert &gt; 80 ans de l\u2019Harmonie &gt;<\/a><\/li>\n<li><img loading=\"lazy\" decoding=\"async\" width=\"150\" height=\"150\" src=\"https:\/\/www.europesays.com\/fr\/wp-content\/uploads\/2025\/12\/Concert-de-Noel-Arcanes-49-150x150.jpg\" class=\"attachment-thumbnail size-thumbnail wp-post-image\" alt=\"\" style=\"\"\/><a class=\"wp-block-latest-posts__post-title\" href=\"https:\/\/www.info-lux.com\/florenville-arcanes-concert-de-noel-2\/photorep\/\" target=\"_blank\" rel=\"noopener\">Florenville &gt; Arcanes &gt; Concert de No\u00ebl &gt;<\/a>Un concert de No\u00ebl chaleureux et f\u00e9d\u00e9rateur pour le groupe vocal Arcanes Un rendez-vous musical attendu Ce vendredi 19 d\u00e9cembre,\u2026 <a class=\"wp-block-latest-posts__read-more\" href=\"https:\/\/www.info-lux.com\/florenville-arcanes-concert-de-noel-2\/photorep\/\" rel=\"noopener noreferrer\" target=\"_blank\">Lire la suite\u00a0: Florenville &gt; Arcanes &gt; Concert de No\u00ebl &gt;<\/a><\/li>\n<li><img loading=\"lazy\" decoding=\"async\" width=\"150\" height=\"150\" src=\"https:\/\/www.info-lux.com\/wp-content\/uploads\/2025\/12\/IMG_4542-150x150.jpeg\" class=\"attachment-thumbnail size-thumbnail wp-post-image\" alt=\"\" style=\"\"\/><a class=\"wp-block-latest-posts__post-title\" href=\"https:\/\/www.info-lux.com\/nancy-experience-candlelight-by-fever\/themes\/\" target=\"_blank\" rel=\"noopener\">NANCY &gt; EXPERIENCE &gt; CANDLELIGHT by Fever<\/a>Candlelight by Fever illumine l\u2019H\u00f4tel de Ville de Nancy avec Imagine Dragons et Coldplay Nancy, hier soir \u00e0 18h30. Dans\u2026 <a class=\"wp-block-latest-posts__read-more\" href=\"https:\/\/www.info-lux.com\/nancy-experience-candlelight-by-fever\/themes\/\" rel=\"noopener noreferrer\" target=\"_blank\">Lire la suite\u00a0: NANCY &gt; EXPERIENCE &gt; CANDLELIGHT by Fever<\/a><\/li>\n<li><img loading=\"lazy\" decoding=\"async\" width=\"150\" height=\"150\" src=\"https:\/\/www.europesays.com\/fr\/wp-content\/uploads\/2025\/12\/WhatsApp-Image-2025-12-17-at-06.31.221-150x150.jpg\" class=\"attachment-thumbnail size-thumbnail wp-post-image\" alt=\"\" style=\"\"\/><a class=\"wp-block-latest-posts__post-title\" href=\"https:\/\/www.info-lux.com\/cosplay-portrait-axelle\/actualites\/rubriques\/cosplay-rubrique\/info-cosplay\/\" target=\"_blank\" rel=\"noopener\">Cosplay &gt; Portrait &gt; Axelle<\/a>\n<p>Axelle, passionn\u00e9e de cosplay et d\u2019\u00e9quitation, partage un parcours inspirant o\u00f9 cr\u00e9ativit\u00e9, r\u00e9silience et amiti\u00e9 se m\u00ealent au rythme des conventions belges et europ\u00e9ennes.<\/p>\n<\/li>\n<\/ul>\n","protected":false},"excerpt":{"rendered":"Gr\u00e9goire, un voyage intime et musical \u00e0 la Salle Poirel de Nancy Le 19 d\u00e9cembre dernier, Gr\u00e9goire faisait&hellip;\n","protected":false},"author":2,"featured_media":620000,"comment_status":"","ping_status":"","sticky":false,"template":"","format":"standard","meta":{"footnotes":""},"categories":[9635],"tags":[1111,11,1697,1777,674,1011,27,775,17261,1702,12,72996,25],"class_list":{"0":"post-619999","1":"post","2":"type-post","3":"status-publish","4":"format-standard","5":"has-post-thumbnail","7":"category-nancy","8":"tag-actu","9":"tag-actualites","10":"tag-concert","11":"tag-eu","12":"tag-europe","13":"tag-fr","14":"tag-france","15":"tag-grand-est","16":"tag-gregoire","17":"tag-nancy","18":"tag-news","19":"tag-poirel","20":"tag-republique-francaise"},"share_on_mastodon":{"url":"https:\/\/pubeurope.com\/@fr\/115774934548640862","error":""},"_links":{"self":[{"href":"https:\/\/www.europesays.com\/fr\/wp-json\/wp\/v2\/posts\/619999","targetHints":{"allow":["GET"]}}],"collection":[{"href":"https:\/\/www.europesays.com\/fr\/wp-json\/wp\/v2\/posts"}],"about":[{"href":"https:\/\/www.europesays.com\/fr\/wp-json\/wp\/v2\/types\/post"}],"author":[{"embeddable":true,"href":"https:\/\/www.europesays.com\/fr\/wp-json\/wp\/v2\/users\/2"}],"replies":[{"embeddable":true,"href":"https:\/\/www.europesays.com\/fr\/wp-json\/wp\/v2\/comments?post=619999"}],"version-history":[{"count":0,"href":"https:\/\/www.europesays.com\/fr\/wp-json\/wp\/v2\/posts\/619999\/revisions"}],"wp:featuredmedia":[{"embeddable":true,"href":"https:\/\/www.europesays.com\/fr\/wp-json\/wp\/v2\/media\/620000"}],"wp:attachment":[{"href":"https:\/\/www.europesays.com\/fr\/wp-json\/wp\/v2\/media?parent=619999"}],"wp:term":[{"taxonomy":"category","embeddable":true,"href":"https:\/\/www.europesays.com\/fr\/wp-json\/wp\/v2\/categories?post=619999"},{"taxonomy":"post_tag","embeddable":true,"href":"https:\/\/www.europesays.com\/fr\/wp-json\/wp\/v2\/tags?post=619999"}],"curies":[{"name":"wp","href":"https:\/\/api.w.org\/{rel}","templated":true}]}}