{"id":620006,"date":"2025-12-24T14:10:25","date_gmt":"2025-12-24T14:10:25","guid":{"rendered":"https:\/\/www.europesays.com\/fr\/620006\/"},"modified":"2025-12-24T14:10:25","modified_gmt":"2025-12-24T14:10:25","slug":"nous-avons-tous-besoin-de-souffler-le-coach-des-grenats-de-lescm-se-confie-sur-la-treve-hivernale","status":"publish","type":"post","link":"https:\/\/www.europesays.com\/fr\/620006\/","title":{"rendered":"\u00ab\u00a0Nous avons tous besoin de souffler\u00a0\u00bb\u00a0: le coach des Grenats de l\u2019ESCM se confie sur la tr\u00eave hivernale"},"content":{"rendered":"<p>\n                                                                Coach des Grenats de l\u2018ESCM (R\u00e9gional 1), Jean-Michel Guzman se confie sur la tr\u00eave hivernale et la gestion d\u2019un retour r\u00e9ussi sur les terrains.\n                            <\/p>\n<p class=\"txt-question\">Cette tr\u00eave arrive-t-elle au bon moment pour votre groupe\u00a0?<\/p>\n<p>Nous sommes des footballeurs amateurs, c\u2019est donc une p\u00e9riode toujours importante pour prendre le temps de souffler et de couper. Et pour le coup, elle arrive vraiment \u00e0 point nomm\u00e9 pour nous. Une \u00e9quipe comme la n\u00f4tre a d\u00e9j\u00e0 disput\u00e9 19 matches de comp\u00e9tition depuis le 1er\u00a0septembre, ce qui est \u00e9norme. Depuis la reprise de l\u2019entra\u00eenement le 20\u00a0juillet, nous n\u2019avons jamais vraiment eu la possibilit\u00e9 de d\u00e9connecter avec le football. Cette coupure est indispensable pour se r\u00e9g\u00e9n\u00e9rer, tant physiquement que mentalement. Entre le terrain, le travail quotidien et la vie de tous les jours, nous en avons tous besoin.<\/p>\n<p class=\"txt-question\">Un programme personnalis\u00e9 a-t-il \u00e9t\u00e9 donn\u00e9 \u00e0 vos joueurs pour les f\u00eates\u00a0?<\/p>\n<p>Non, pas forc\u00e9ment pour tout le monde. Des programmes adapt\u00e9s vont \u00eatre pr\u00e9par\u00e9s sp\u00e9cifiquement pour les joueurs qui sont en phase de reprise. Mais pour tous ceux qui ont beaucoup encha\u00een\u00e9 ces derniers mois et qui ont \u00e9t\u00e9 tr\u00e8s sollicit\u00e9s, ce sera du \u00ab\u00a0off\u00a0\u00bb total.<\/p>\n<p>\u00ab\u00a0Recharger les batteries et revenir avec de la fra\u00eecheur\u00a0\u00bb<\/p>\n<p class=\"txt-question\">Est-ce la m\u00eame consigne pour les membres du staff\u00a0?<\/p>\n<p>Oui, totalement. Nous aussi, en tant que membres du staff, sommes impliqu\u00e9s au quotidien pour la r\u00e9ussite de l\u2019\u00e9quipe. Quand tu t\u2019investis autant, en plus de ton activit\u00e9 professionnelle et de ta vie de famille, c\u2019est indispensable de s\u2019offrir des moments sans football pour recharger les batteries et revenir avec de la fra\u00eecheur.<\/p>\n<p class=\"txt-question\">On a souvent l\u2019habitude de dire que la reprise de janvier est capitale dans une saison. Qu\u2019en pensez-vous\u00a0?<\/p>\n<p>J\u2019ai tout connu \u00e0 ce niveau-l\u00e0 avec ma petite exp\u00e9rience d\u2019entra\u00eeneur. Nous avons parfois r\u00e9ussi nos reprises en janvier, mais nous en avons aussi rat\u00e9 certaines. Je ne suis pas persuad\u00e9 qu\u2019il y ait vraiment une v\u00e9rit\u00e9 absolue derri\u00e8re ce sujet. Apr\u00e8s, c\u2019est s\u00fbr que nous allons rentrer dans une p\u00e9riode charni\u00e8re du championnat. Surtout dans une poule comme la n\u00f4tre, o\u00f9 le niveau est tellement serr\u00e9 que tout le monde ou presque peut battre tout le monde. Hormis le trio de t\u00eate, j\u2019ai vraiment la sensation que toutes les \u00e9quipes se valent. Et c\u2019est vrai que dans un tel contexte, la p\u00e9riode de janvier pourrait bien avoir son importance. Ce sera l\u2019occasion pour certaines formations d\u2019essayer de s\u2019\u00e9chapper un peu de cette zone rouge, tandis que d\u2019autres resteront en difficult\u00e9. C\u2019est surtout par rapport \u00e0 cette homog\u00e9n\u00e9it\u00e9 que je dis que cette reprise sera importante. Peut-\u00eatre que s\u2019il y avait plus d\u2019\u00e9cart dans la poule, mon avis serait diff\u00e9rent. Ce sera \u00e0 nous de bien n\u00e9gocier ces premiers matches de l\u2019ann\u00e9e pour essayer de prendre nos distances avec la zone rouge.<\/p>\n","protected":false},"excerpt":{"rendered":"Coach des Grenats de l\u2018ESCM (R\u00e9gional 1), Jean-Michel Guzman se confie sur la tr\u00eave hivernale et la gestion&hellip;\n","protected":false},"author":2,"featured_media":620007,"comment_status":"","ping_status":"","sticky":false,"template":"","format":"standard","meta":{"footnotes":""},"categories":[9599],"tags":[1111,11,1777,674,1011,27,7089,72997,2208,12,2680,25,517],"class_list":{"0":"post-620006","1":"post","2":"type-post","3":"status-publish","4":"format-standard","5":"has-post-thumbnail","7":"category-montpellier","8":"tag-actu","9":"tag-actualites","10":"tag-eu","11":"tag-europe","12":"tag-fr","13":"tag-france","14":"tag-herault","15":"tag-montferriersurlez","16":"tag-montpellier","17":"tag-news","18":"tag-occitanie","19":"tag-republique-francaise","20":"tag-sport"},"share_on_mastodon":{"url":"https:\/\/pubeurope.com\/@fr\/115774948946290584","error":""},"_links":{"self":[{"href":"https:\/\/www.europesays.com\/fr\/wp-json\/wp\/v2\/posts\/620006","targetHints":{"allow":["GET"]}}],"collection":[{"href":"https:\/\/www.europesays.com\/fr\/wp-json\/wp\/v2\/posts"}],"about":[{"href":"https:\/\/www.europesays.com\/fr\/wp-json\/wp\/v2\/types\/post"}],"author":[{"embeddable":true,"href":"https:\/\/www.europesays.com\/fr\/wp-json\/wp\/v2\/users\/2"}],"replies":[{"embeddable":true,"href":"https:\/\/www.europesays.com\/fr\/wp-json\/wp\/v2\/comments?post=620006"}],"version-history":[{"count":0,"href":"https:\/\/www.europesays.com\/fr\/wp-json\/wp\/v2\/posts\/620006\/revisions"}],"wp:featuredmedia":[{"embeddable":true,"href":"https:\/\/www.europesays.com\/fr\/wp-json\/wp\/v2\/media\/620007"}],"wp:attachment":[{"href":"https:\/\/www.europesays.com\/fr\/wp-json\/wp\/v2\/media?parent=620006"}],"wp:term":[{"taxonomy":"category","embeddable":true,"href":"https:\/\/www.europesays.com\/fr\/wp-json\/wp\/v2\/categories?post=620006"},{"taxonomy":"post_tag","embeddable":true,"href":"https:\/\/www.europesays.com\/fr\/wp-json\/wp\/v2\/tags?post=620006"}],"curies":[{"name":"wp","href":"https:\/\/api.w.org\/{rel}","templated":true}]}}