{"id":620008,"date":"2025-12-24T14:11:16","date_gmt":"2025-12-24T14:11:16","guid":{"rendered":"https:\/\/www.europesays.com\/fr\/620008\/"},"modified":"2025-12-24T14:11:16","modified_gmt":"2025-12-24T14:11:16","slug":"5-mois-de-fermeture-administrative-pour-cette-epicerie","status":"publish","type":"post","link":"https:\/\/www.europesays.com\/fr\/620008\/","title":{"rendered":"5 mois de fermeture administrative pour cette \u00e9picerie"},"content":{"rendered":"<p>                    Par<br \/>\n        <strong><br \/>\n            <a href=\"https:\/\/actu.fr\/auteur\/antoine-heureu-2\" title=\"Consulter tous les articles de Antoine Hereu\" target=\"_blank\" rel=\"noopener\">Antoine Hereu<\/a><br \/>\n                    <\/strong><\/p>\n<p>        Publi\u00e9 le<\/p>\n<p>            24 d\u00e9c. 2025 \u00e0 13h03        <\/p>\n<p>Vendredi dernier, la <strong>pr\u00e9fecture de l\u2019H\u00e9rault<\/strong> a annonc\u00e9 la fermeture administrative pour une dur\u00e9e de cinq mois de <strong>l\u2019\u00e9picerie XSLV<\/strong>, situ\u00e9e au 283, avenue de la R\u00e9publique \u00e0 <strong>Lunel-Viel<\/strong>. En cause : une d\u00e9tention frauduleuse de tabac en vue de la revente, en situation de r\u00e9cidive.<\/p>\n<p class=\" wall-content\">Cette fermeture permet \u00e9galement d\u2019observer le nouveau dispositif d\u2019affichage mis en place par la pr\u00e9fecture afin de rendre plus visibles les commerces faisant l\u2019objet de sanctions administratives. Sur la devanture, on peut d\u00e9sormais lire : \u00ab Ferm\u00e9 par le pr\u00e9fet de l\u2019H\u00e9rault. Cet \u00e9tablissement est ferm\u00e9 pour non-respect de la r\u00e9glementation. \u00bb<\/p>\n<p>    <a href=\"https:\/\/www.google.com\/maps\/embed?pb=!1m18!1m12!1m3!1d5771.164855662899!2d4.0774485935791!3d43.677653600000006!2m3!1f0!2f0!3f0!3m2!1i1024!2i768!4f13.1!3m3!1m2!1s0x12b69f75ae8c0091%3A0x660669208ed4435e!2sMarket!5e0!3m2!1sfr!2sfr!4v1766576395575!5m2!1sfr!2sfr\" title=\"Ouvrie le lien\" target=\"_blank\" rel=\"noopener\">Cliquez ici pour visualiser le contenu<\/a><\/p>\n<p>Cinq autre fermetures administratives\u00a0<\/p>\n<p class=\" wall-content\"><a href=\"https:\/\/actu.fr\/occitanie\/montpellier_34172\/herault-la-nouvelle-prefete-chantal-mauchet-a-pris-ses-fonctions_63611551.html\" target=\"_blank\" rel=\"noopener\">R\u00e9cemment nomm\u00e9es pr\u00e9f\u00e8te de l\u2019H\u00e9rault, <strong>Chantal Mauchet<\/strong><\/a> a rapidement prononc\u00e9 des fermetures administratives \u00e0 l\u2019encontre de cinq \u00e9tablissements du d\u00e9partement :<\/p>\n<ul class=\" wall-content\">\n<li><strong>Trois mois<\/strong> de fermeture pour<strong> Cheese Nan<\/strong>, situ\u00e9 au 543, all\u00e9es de l\u2019Europe \u00e0 <strong>Juvignac<\/strong>, \u00e0 compter du 20 d\u00e9cembre, pour travail dissimul\u00e9 et emploi ill\u00e9gal de salari\u00e9s \u00e9trangers.<\/li>\n<li><strong>Deux mois<\/strong> de fermeture pour <strong>Destination Tapas<\/strong>, situ\u00e9 au 8, place<strong> Cop\u00e9 Cambes<\/strong> \u00e0 <strong>Montpellier<\/strong>, \u00e0 compter du 19 d\u00e9cembre, pour travail dissimul\u00e9 et emploi ill\u00e9gal de salari\u00e9s \u00e9trangers.<\/li>\n<li><strong>Un mois<\/strong> de fermeture pour <strong>Chez Mondo<\/strong>, situ\u00e9 au 80, avenue Victor-Hugo \u00e0 <strong>Lunel<\/strong>, \u00e0 compter du 20 d\u00e9cembre, pour non-respect de l\u2019arr\u00eat\u00e9 municipal interdisant la vente d\u2019alcool apr\u00e8s 20 heures.<\/li>\n<li><strong>Quinze jours<\/strong> de fermeture pour<strong> L\u2019Azur Bleu<\/strong>, situ\u00e9 place du 14 Juillet \u00e0 <strong>Vias<\/strong>, \u00e0 compter du 19 d\u00e9cembre, pour troubles \u00e0 l\u2019ordre public.<\/li>\n<li><strong>Quinze jours<\/strong> de fermeture pour<strong> La Marsillargues<\/strong>, situ\u00e9 au 2, rue Robespierre \u00e0 <strong>Marsillargues<\/strong>, \u00e0 compter du 20 d\u00e9cembre, pour non-respect de l\u2019arr\u00eat\u00e9 municipal interdisant la vente d\u2019alcool apr\u00e8s 22 heures.<\/li>\n<\/ul>\n<p class=\" wall-content\">Personnalisez votre actualit\u00e9 en ajoutant vos villes et m\u00e9dias en favori avec <a href=\"https:\/\/moncompte.actu.fr\" title=\"D\u00e9couvez Mon Actu\" rel=\"nofollow noopener\" data-trk=\"{&quot;cta&quot;:{&quot;action&quot;:&quot;https:\\\/\\\/moncompte.actu.fr&quot;,&quot;category&quot;:&quot;mon compte&quot;,&quot;from&quot;:&quot;article footer&quot;,&quot;name&quot;:&quot;Mon actu&quot;,&quot;type&quot;:&quot;cta&quot;}}\" target=\"_blank\">Mon Actu<\/a>.<\/p>\n","protected":false},"excerpt":{"rendered":"Par Antoine Hereu Publi\u00e9 le 24 d\u00e9c. 2025 \u00e0 13h03 Vendredi dernier, la pr\u00e9fecture de l\u2019H\u00e9rault a annonc\u00e9&hellip;\n","protected":false},"author":2,"featured_media":620009,"comment_status":"","ping_status":"","sticky":false,"template":"","format":"standard","meta":{"footnotes":""},"categories":[9599],"tags":[1111,11,1777,674,118,1011,27,2208,12,2680,25],"class_list":{"0":"post-620008","1":"post","2":"type-post","3":"status-publish","4":"format-standard","5":"has-post-thumbnail","7":"category-montpellier","8":"tag-actu","9":"tag-actualites","10":"tag-eu","11":"tag-europe","12":"tag-faits-divers","13":"tag-fr","14":"tag-france","15":"tag-montpellier","16":"tag-news","17":"tag-occitanie","18":"tag-republique-francaise"},"share_on_mastodon":{"url":"https:\/\/pubeurope.com\/@fr\/115774953007707157","error":""},"_links":{"self":[{"href":"https:\/\/www.europesays.com\/fr\/wp-json\/wp\/v2\/posts\/620008","targetHints":{"allow":["GET"]}}],"collection":[{"href":"https:\/\/www.europesays.com\/fr\/wp-json\/wp\/v2\/posts"}],"about":[{"href":"https:\/\/www.europesays.com\/fr\/wp-json\/wp\/v2\/types\/post"}],"author":[{"embeddable":true,"href":"https:\/\/www.europesays.com\/fr\/wp-json\/wp\/v2\/users\/2"}],"replies":[{"embeddable":true,"href":"https:\/\/www.europesays.com\/fr\/wp-json\/wp\/v2\/comments?post=620008"}],"version-history":[{"count":0,"href":"https:\/\/www.europesays.com\/fr\/wp-json\/wp\/v2\/posts\/620008\/revisions"}],"wp:featuredmedia":[{"embeddable":true,"href":"https:\/\/www.europesays.com\/fr\/wp-json\/wp\/v2\/media\/620009"}],"wp:attachment":[{"href":"https:\/\/www.europesays.com\/fr\/wp-json\/wp\/v2\/media?parent=620008"}],"wp:term":[{"taxonomy":"category","embeddable":true,"href":"https:\/\/www.europesays.com\/fr\/wp-json\/wp\/v2\/categories?post=620008"},{"taxonomy":"post_tag","embeddable":true,"href":"https:\/\/www.europesays.com\/fr\/wp-json\/wp\/v2\/tags?post=620008"}],"curies":[{"name":"wp","href":"https:\/\/api.w.org\/{rel}","templated":true}]}}