{"id":620010,"date":"2025-12-24T14:12:12","date_gmt":"2025-12-24T14:12:12","guid":{"rendered":"https:\/\/www.europesays.com\/fr\/620010\/"},"modified":"2025-12-24T14:12:12","modified_gmt":"2025-12-24T14:12:12","slug":"pres-de-rouen-ces-freres-et-soeurs-invitent-les-etudiants-seuls-a-feter-noel-avec-eux","status":"publish","type":"post","link":"https:\/\/www.europesays.com\/fr\/620010\/","title":{"rendered":"Pr\u00e8s de Rouen, ces fr\u00e8res et s\u0153urs invitent les \u00e9tudiants seuls \u00e0 f\u00eater No\u00ebl avec eux"},"content":{"rendered":"<p>                    Par<br \/>\n        <strong><br \/>\n            <a href=\"https:\/\/actu.fr\/auteur\/jessie-leclerc\" title=\"Consulter tous les articles de Jessie Leclerc\" target=\"_blank\" rel=\"noopener\">Jessie Leclerc<\/a><br \/>\n                    <\/strong><\/p>\n<p>        Publi\u00e9 le<\/p>\n<p>            24 d\u00e9c. 2025 \u00e0 15h02        <\/p>\n<p>Les contes de No\u00ebl n\u2019existent pas que dans les livres ou les t\u00e9l\u00e9films. Parfois ils prennent vie autour d\u2019une table, \u00e0 deux pas de chez soi, comme <a href=\"https:\/\/actu.fr\/normandie\/le-petit-quevilly_76498\" target=\"_blank\" rel=\"noopener\">au Petit-Quevilly (Seine-Maritime)<\/a>, <strong>pr\u00e8s de Rouen<\/strong>. Ce 24\u00a0d\u00e9cembre 2025, une fratrie a d\u00e9cid\u00e9 d\u2019ouvrir les portes de son appartement \u00e0 des <strong>\u00e9tudiants seuls pour le r\u00e9veillon<\/strong>. Une poign\u00e9e de chaises suppl\u00e9mentaires qui fait de ce No\u00ebl un v\u00e9ritable moment de partage et de solidarit\u00e9.<\/p>\n<p>Pour que No\u00ebl ne soit pas trop calme<\/p>\n<p class=\" wall-content\">\u00c0 l\u2019origine de cette belle histoire, il y a Rita, 32\u00a0ans, couturi\u00e8re et styliste sp\u00e9cialis\u00e9e dans <a href=\"https:\/\/actu.fr\/normandie\/le-havre_76351\/le-havre-apres-des-annees-dans-l-immobilier-aurelie-cree-des-robes-de-mariee-sur-mesure_61340582.html\" target=\"_blank\" rel=\"noopener\">les robes de mari\u00e9es<\/a>. Habitu\u00e9e aux grandes <strong>tabl\u00e9es familiales<\/strong>, elle vit, cette ann\u00e9e, un No\u00ebl diff\u00e9rent.<\/p>\n<p class=\" wall-content\">\u00ab\u2009On a toujours f\u00eat\u00e9 No\u00ebl avec beaucoup de monde, <strong>en grande famille<\/strong>. Cette ann\u00e9e, on est que quatre et sans ma s\u0153ur Georgette qui est au S\u00e9n\u00e9gal. En petit comit\u00e9, \u00e7a faisait triste\u2009\u00bb, glisse-t-elle.<\/p>\n<p class=\" wall-content\">Avec ses fr\u00e8res, Laurent, 31 ans, et Fran\u00e7ois, 27 ans, et leur demi-s\u0153ur Madeleine, 17 ans, Rita ressent un manque. La moiti\u00e9 de la famille est au S\u00e9n\u00e9gal, et l\u2019esprit de No\u00ebl semble incomplet.<\/p>\n<p>Un message Facebook qui change tout<\/p>\n<p class=\" wall-content\">Alors elle \u00e9crit. Quelques lignes seulement, publi\u00e9es anonymement <strong>sur une page Facebook<\/strong> d\u00e9di\u00e9e aux \u00e9tudiants. Sans attente particuli\u00e8re, sans imaginer l\u2019ampleur de la r\u00e9action.<\/p>\n<blockquote class=\"ac-article-quote wall-content\">\n<p>Bonjour, [&#8230;] je sais qu&rsquo;il y a des \u00e9tudiants qui seront seuls \u00e0 No\u00ebl et je trouve \u00e7a triste. [&#8230;] J&rsquo;aimerais inviter quelques personnes, six maximum, pour venir f\u00eater No\u00ebl avec nous (quatre fr\u00e8res et s\u0153urs). Nous sommes tr\u00e8s ouverts d&rsquo;esprit [&#8230;]. C&rsquo;est gratuit.<\/p>\n<p>    <strong>Rita<\/strong><br \/>\n        Message anonyme publi\u00e9 sur Facebook    <\/p><\/blockquote>\n<p>Vid\u00e9os : en ce moment sur Actu<\/p>\n<p class=\" wall-content\">Le message circule rapidement. Quelques heures apr\u00e8s la publication, d\u00e9j\u00e0 une quarantaine de commentaires, pour la plupart de f\u00e9licitations. Et parmi eux, quelques <a href=\"https:\/\/actu.fr\/normandie\/rouen_76540\/depuis-30-ans-dans-cette-ecole-de-rouen-des-etudiants-du-monde-entier-sont-accueillis-dans-des-familles_63245667.html\" target=\"_blank\" rel=\"noopener\">\u00e9tudiants loin de leur famille<\/a> qui acceptent volontiers la proposition de Rita.<\/p>\n<p class=\" wall-content\">\u00ab\u2009Quand j\u2019\u00e9tais \u00e9tudiante, je connaissais des gens <a href=\"https:\/\/actu.fr\/normandie\/rouen_76540\/guitare-dragon-dinosaure-que-demandent-les-enfants-au-pere-noel-du-marche-de-rouen_63593619.html\" target=\"_blank\" rel=\"noopener\">qui faisaient No\u00ebl<\/a> seuls, car ils \u00e9taient <strong>loin de chez eux<\/strong>. J\u2019avais d\u00e9j\u00e0 propos\u00e9 \u00e0 une amie de le faire avec ma famille. L\u00e0, c\u2019est un autre cap\u2009\u00bb, confie la jeune femme.<\/p>\n<p>Votre r\u00e9gion, votre actu !<\/p>\n<p>Recevez chaque jour les infos qui comptent pour vous.<\/p>\n<p>\t<a href=\"https:\/\/actu.fr\/newsletter\" class=\"ac-btn ac-btn--corner ac-btn--medium ac-btn--blue800\" target=\"_blank\" rel=\"noopener\">S&rsquo;incrire<\/a><br \/>\nUn No\u00ebl multiculturel et interg\u00e9n\u00e9rationnel<\/p>\n<p class=\" wall-content\">Tr\u00e8s vite, Rita rentre en contact avec des jeunes. L\u2019h\u00f4te a pu \u00e9changer avec quatre d\u2019entre eux et est en attente de confirmation pour les autres.<\/p>\n<p class=\" wall-content\">Des \u00e9tudiants venus du N\u00e9pal, <a href=\"https:\/\/actu.fr\/normandie\/rouen_76540\/au-petit-quevilly-il-cree-des-accessoires-de-luxe-pour-rendre-hommage-a-sa-soeur-disparue_62241255.html\" target=\"_blank\" rel=\"noopener\">de Tunisie<\/a> ou encore du B\u00e9nin pour un <strong>m\u00e9lange de cultures<\/strong>, de langues et de traditions. \u00ab\u2009L\u2019\u00e9tudiante tunisienne ram\u00e8ne des sp\u00e9cialit\u00e9s de chez elle. Certains vont d\u00e9couvrir No\u00ebl pour la premi\u00e8re fois\u2009\u00bb, se r\u00e9jouit Rita.<\/p>\n<p class=\" wall-content\">\u00ab\u2009J\u2019ai m\u00eame propos\u00e9 \u00e0 ma coll\u00e8gue de 50\u00a0ans et \u00e0 son fils de venir\u2009\u00bb, ajoute l\u2019h\u00f4te.<\/p>\n<p>Un r\u00e9veillon sans chichi, mais plein de c\u0153ur<\/p>\n<p class=\" wall-content\">Pas de plan de table ni de pression. Rita souhaite simplement <strong>un moment convivial<\/strong>. Elle a tout achet\u00e9 et <a href=\"https:\/\/actu.fr\/normandie\/le-havre_76351\/fetes-un-plat-a-moins-de-3-euros-par-le-chef-du-restaurant-tartarin-au-havre-on-vous-donne-la-recette_63588518.html\" target=\"_blank\" rel=\"noopener\">cuisin\u00e9 de A \u00e0 Z<\/a>.<\/p>\n<p class=\" wall-content\">\u00ab\u2009Ce ne sera pas une table classique, on va mettre des chaises un peu partout. Chacun prendra son assiette et s\u2019assi\u00e9ra o\u00f9 il veut\u2009\u00bb, explique-t-elle.<\/p>\n<p class=\" wall-content\">Au programme\u2009: jeux et musiques selon les go\u00fbts de chacun, discussions\u2026 et m\u00eame un tour de table pour que chacun apprenne \u00e0 se conna\u00eetre. \u00ab\u2009On veut <strong>que tout le monde s\u2019y retrouve<\/strong>, que personne ne soit dans un coin sur son portable, \u00e7a serait triste\u2009\u00bb, insiste Rita.<\/p>\n<p>Recevoir, une seconde nature<\/p>\n<p class=\" wall-content\">Si l\u2019id\u00e9e d\u2019inviter des inconnus lui est venue \u00e0 l\u2019esprit, c\u2019est que<strong> recevoir fait partie de son ADN<\/strong>.<\/p>\n<blockquote class=\"ac-article-quote wall-content\">\n<p>J&rsquo;aime bien recevoir, il y a souvent des gens chez moi.<\/p>\n<p>    <strong>Rita<\/strong><br \/>\n        \u00e0 l&rsquo;initiative du projet    <\/p><\/blockquote>\n<p class=\" wall-content\">\u00ab\u2009J\u2019aime aussi<strong> rencontrer du monde<\/strong>. Quand je pars <a href=\"https:\/\/actu.fr\/loisirs-culture\/ou-partent-en-vacances-les-rouennais-et-les-havrais-en-cet-ete-2025_62916041.html\" target=\"_blank\" rel=\"noopener\">en voyage<\/a>, j\u2019aime parler avec les locaux, m\u00eame si je gal\u00e8re avec la langue. Les gestes suffisent \u00e0 se comprendre.\u2009\u00bb<\/p>\n<p class=\" wall-content\">Et le reste de la fratrie a suivi. \u00ab\u2009On en a parl\u00e9 la semaine derni\u00e8re et ils n\u2019ont pas le choix, c\u2019est moi qui d\u00e9pense mon argent et je l\u2019organise chez moi\u2009\u00bb, rigole Rita. Et d\u2019ajouter\u2009: \u00ab\u2009Mais ils sont d\u2019accord. Laurent m\u2019a dit que c\u2019\u00e9tait<strong> une tr\u00e8s bonne initiative<\/strong>.\u2009\u00bb<\/p>\n<p class=\" wall-content\">Elle admet pourtant avoir h\u00e9sit\u00e9 un instant. \u00ab\u2009J\u2019avais un peu peur au niveau des gar\u00e7ons, car je suis une fille, mais mes fr\u00e8res sont l\u00e0.\u2009\u00bb<\/p>\n<p>Cr\u00e9er du lien<\/p>\n<p class=\" wall-content\">Au-del\u00e0 de No\u00ebl, Rita esp\u00e8re autre chose\u2009: \u00ab\u2009Pourquoi pas de se faire <strong>de nouveaux amis<\/strong> et peut-\u00eatre <a href=\"https:\/\/actu.fr\/normandie\/rouen_76540\/c-est-les-vacances-voici-de-nouveaux-bars-a-tester-a-rouen-pour-une-bonne-soiree_63330668.html\" target=\"_blank\" rel=\"noopener\">boire un verre<\/a> tous ensemble, apr\u00e8s les f\u00eates ?\u2009\u00bb<\/p>\n<blockquote class=\"ac-article-quote wall-content\">\n<p>Ce genre d&rsquo;attention est importante, car en ce moment, il y a tellement d&rsquo;informations n\u00e9gatives. Tout le monde est seul et personne n&rsquo;ose parler avec personne, tout le monde reste dans son coin et je trouve \u00e7a malheureux.<\/p>\n<p>    <strong>Rita<\/strong><br \/>\n        H\u00f4te    <\/p><\/blockquote>\n<p class=\" wall-content\">Les inscriptions restent <strong>ouvertes jusqu\u2019\u00e0 la derni\u00e8re minute<\/strong>.<\/p>\n<p class=\" wall-content\">Le rendez-vous est donn\u00e9 dans son appartement, \u00e0 Petit-Quevilly, \u00e0 proximit\u00e9 des arr\u00eats de <strong>M\u00e9tro et de Teor<\/strong>.<\/p>\n<p>Suivez l\u2019actualit\u00e9 de Rouen <a href=\"https:\/\/www.whatsapp.com\/channel\/0029VaKfnf99hXF2ddApFB1D\" target=\"_blank\" rel=\"noopener\">sur notre cha\u00eene WhatsApp<\/a> et <a href=\"https:\/\/www.tiktok.com\/@76actu.fr?lang=fr\" target=\"_blank\" rel=\"noopener\">sur notre compte TikTok<\/a><\/p>\n<p class=\" wall-content\">Personnalisez votre actualit\u00e9 en ajoutant vos villes et m\u00e9dias en favori avec <a href=\"https:\/\/moncompte.actu.fr\" title=\"D\u00e9couvez Mon Actu\" rel=\"nofollow noopener\" data-trk=\"{&quot;cta&quot;:{&quot;action&quot;:&quot;https:\\\/\\\/moncompte.actu.fr&quot;,&quot;category&quot;:&quot;mon compte&quot;,&quot;from&quot;:&quot;article footer&quot;,&quot;name&quot;:&quot;Mon actu&quot;,&quot;type&quot;:&quot;cta&quot;}}\" target=\"_blank\">Mon Actu<\/a>.<\/p>\n<p>                    <script async src=\"\/\/www.tiktok.com\/embed.js\"><\/script><\/p>\n","protected":false},"excerpt":{"rendered":"Par Jessie Leclerc Publi\u00e9 le 24 d\u00e9c. 2025 \u00e0 15h02 Les contes de No\u00ebl n\u2019existent pas que dans&hellip;\n","protected":false},"author":2,"featured_media":620011,"comment_status":"","ping_status":"","sticky":false,"template":"","format":"standard","meta":{"footnotes":""},"categories":[9587],"tags":[1111,11,1777,674,1011,27,1757,12,15830,5161,25,938,9590,3400],"class_list":{"0":"post-620010","1":"post","2":"type-post","3":"status-publish","4":"format-standard","5":"has-post-thumbnail","7":"category-rouen","8":"tag-actu","9":"tag-actualites","10":"tag-eu","11":"tag-europe","12":"tag-fr","13":"tag-france","14":"tag-insolite","15":"tag-news","16":"tag-noel","17":"tag-normandie","18":"tag-republique-francaise","19":"tag-reseaux-sociaux","20":"tag-rouen","21":"tag-solidarite"},"share_on_mastodon":{"url":"https:\/\/pubeurope.com\/@fr\/115774956714418906","error":""},"_links":{"self":[{"href":"https:\/\/www.europesays.com\/fr\/wp-json\/wp\/v2\/posts\/620010","targetHints":{"allow":["GET"]}}],"collection":[{"href":"https:\/\/www.europesays.com\/fr\/wp-json\/wp\/v2\/posts"}],"about":[{"href":"https:\/\/www.europesays.com\/fr\/wp-json\/wp\/v2\/types\/post"}],"author":[{"embeddable":true,"href":"https:\/\/www.europesays.com\/fr\/wp-json\/wp\/v2\/users\/2"}],"replies":[{"embeddable":true,"href":"https:\/\/www.europesays.com\/fr\/wp-json\/wp\/v2\/comments?post=620010"}],"version-history":[{"count":0,"href":"https:\/\/www.europesays.com\/fr\/wp-json\/wp\/v2\/posts\/620010\/revisions"}],"wp:featuredmedia":[{"embeddable":true,"href":"https:\/\/www.europesays.com\/fr\/wp-json\/wp\/v2\/media\/620011"}],"wp:attachment":[{"href":"https:\/\/www.europesays.com\/fr\/wp-json\/wp\/v2\/media?parent=620010"}],"wp:term":[{"taxonomy":"category","embeddable":true,"href":"https:\/\/www.europesays.com\/fr\/wp-json\/wp\/v2\/categories?post=620010"},{"taxonomy":"post_tag","embeddable":true,"href":"https:\/\/www.europesays.com\/fr\/wp-json\/wp\/v2\/tags?post=620010"}],"curies":[{"name":"wp","href":"https:\/\/api.w.org\/{rel}","templated":true}]}}