{"id":620014,"date":"2025-12-24T14:14:13","date_gmt":"2025-12-24T14:14:13","guid":{"rendered":"https:\/\/www.europesays.com\/fr\/620014\/"},"modified":"2025-12-24T14:14:13","modified_gmt":"2025-12-24T14:14:13","slug":"meylan-la-ville-de-meylan-relance-son-concours-des-vitrines-de-noel","status":"publish","type":"post","link":"https:\/\/www.europesays.com\/fr\/620014\/","title":{"rendered":"Meylan. La Ville de Meylan relance son concours des vitrines de No\u00ebl"},"content":{"rendered":"<p>Dans le cadre des festivit\u00e9s de No\u00ebl, la Ville de Meylan souhaite mettre en lumi\u00e8re l\u2019implication des commer\u00e7ants qui participent \u00e0 cr\u00e9er une ambiance chaleureuse dans ses quartiers en cette fin d\u2019ann\u00e9e et font vivre la magie de No\u00ebl. Les habitants sont invit\u00e9s \u00e0 aller admirer leurs vitrines pour ensuite \u00e9lire leur pr\u00e9f\u00e9r\u00e9e, dans chacune des trois cat\u00e9gories propos\u00e9es.<\/p>\n<p>Sept commer\u00e7ants ont relev\u00e9 le d\u00e9fi et se sont inscrits au concours\u00a0: la boucherie Picoto (quartier Buclos Grand-Pr\u00e9), l\u2019\u00e9picerie Chez Chlo\u00e9 (quartier Haut-Meylan), Nal\u00e9a coiffure (quartier Buclos Grand-Pr\u00e9), la pharmacie Grisollet (quartier Aiguinards), le pressing des Buclos (quartier Buclos Grand-Pr\u00e9), le restaurant Le Saint Augustin (quartier B\u00e9ali\u00e8res) et le salon \u00c9ric L\u00e9turgie (quartier B\u00e9ali\u00e8res).<\/p>\n<p>Pour voter et tenter de gagner un cadeau, il faut choisir sa vitrine pr\u00e9f\u00e9r\u00e9e dans chacune des 3 th\u00e9matiques propos\u00e9es, \u00e0 savoir\u00a0: traditionnelle (sapin, guirlandes, ambiance classique rouge et verte), artisanale (d\u00e9corations faites maison, mat\u00e9riaux naturels, objets recycl\u00e9s) et f\u00e9erique (une vitrine magique, po\u00e9tique, lumineuse).<\/p>\n<p>Le vote, via un formulaire sur le site de la Ville, est ouvert aux personnes majeures et une seule participation par personne est autoris\u00e9e. Jusqu\u2019au 5\u00a0janvier\u00a02026, chaque votant sera inscrit d\u2019office au tirage au sort qui d\u00e9terminera le gagnant du panier garni approvisionn\u00e9 aupr\u00e8s des commerces de Meylan. Le gagnant du panier garni sera contact\u00e9 apr\u00e8s le 12\u00a0janvier \u00e0 l\u2019aide des coordonn\u00e9es fournies dans le formulaire de vote.<\/p>\n","protected":false},"excerpt":{"rendered":"Dans le cadre des festivit\u00e9s de No\u00ebl, la Ville de Meylan souhaite mettre en lumi\u00e8re l\u2019implication des commer\u00e7ants&hellip;\n","protected":false},"author":2,"featured_media":620015,"comment_status":"","ping_status":"","sticky":false,"template":"","format":"standard","meta":{"footnotes":""},"categories":[9566],"tags":[1111,11,2430,4406,1687,33,112,1777,674,1011,27,2731,9597,9598,12,25],"class_list":{"0":"post-620014","1":"post","2":"type-post","3":"status-publish","4":"format-standard","5":"has-post-thumbnail","7":"category-grenoble","8":"tag-actu","9":"tag-actualites","10":"tag-auvergne-rhone-alpes","11":"tag-commerce-et-services","12":"tag-culture-loisirs","13":"tag-economie","14":"tag-edition-grenoble-agglomeration","15":"tag-eu","16":"tag-europe","17":"tag-fr","18":"tag-france","19":"tag-grenoble","20":"tag-meylan","21":"tag-meylan-et-autour","22":"tag-news","23":"tag-republique-francaise"},"share_on_mastodon":{"url":"https:\/\/pubeurope.com\/@fr\/115774964802583674","error":""},"_links":{"self":[{"href":"https:\/\/www.europesays.com\/fr\/wp-json\/wp\/v2\/posts\/620014","targetHints":{"allow":["GET"]}}],"collection":[{"href":"https:\/\/www.europesays.com\/fr\/wp-json\/wp\/v2\/posts"}],"about":[{"href":"https:\/\/www.europesays.com\/fr\/wp-json\/wp\/v2\/types\/post"}],"author":[{"embeddable":true,"href":"https:\/\/www.europesays.com\/fr\/wp-json\/wp\/v2\/users\/2"}],"replies":[{"embeddable":true,"href":"https:\/\/www.europesays.com\/fr\/wp-json\/wp\/v2\/comments?post=620014"}],"version-history":[{"count":0,"href":"https:\/\/www.europesays.com\/fr\/wp-json\/wp\/v2\/posts\/620014\/revisions"}],"wp:featuredmedia":[{"embeddable":true,"href":"https:\/\/www.europesays.com\/fr\/wp-json\/wp\/v2\/media\/620015"}],"wp:attachment":[{"href":"https:\/\/www.europesays.com\/fr\/wp-json\/wp\/v2\/media?parent=620014"}],"wp:term":[{"taxonomy":"category","embeddable":true,"href":"https:\/\/www.europesays.com\/fr\/wp-json\/wp\/v2\/categories?post=620014"},{"taxonomy":"post_tag","embeddable":true,"href":"https:\/\/www.europesays.com\/fr\/wp-json\/wp\/v2\/tags?post=620014"}],"curies":[{"name":"wp","href":"https:\/\/api.w.org\/{rel}","templated":true}]}}