{"id":620016,"date":"2025-12-24T14:15:25","date_gmt":"2025-12-24T14:15:25","guid":{"rendered":"https:\/\/www.europesays.com\/fr\/620016\/"},"modified":"2025-12-24T14:15:25","modified_gmt":"2025-12-24T14:15:25","slug":"pres-de-grenoble-la-population-de-cette-commune-explose-pourquoi-elle-attire-autant","status":"publish","type":"post","link":"https:\/\/www.europesays.com\/fr\/620016\/","title":{"rendered":"Pr\u00e8s de Grenoble. La population de cette commune explose, pourquoi elle attire autant"},"content":{"rendered":"<p>                    Par<br \/>\n        <strong><br \/>\n            <a href=\"https:\/\/actu.fr\/auteur\/lisa-rodrigues\" title=\"Consulter tous les articles de Lisa Rodrigues\" target=\"_blank\" rel=\"noopener\">Lisa Rodrigues<\/a><br \/>\n                    <\/strong><\/p>\n<p>        Publi\u00e9 le<\/p>\n<p>            24 d\u00e9c. 2025 \u00e0 14h14        <\/p>\n<p>C\u2019est une nouvelle que la municipalit\u00e9 de <strong>Fontanil-Cornillon<\/strong>, un peu plus de 3 400 habitants au compteur, met volontiers en avant. La petite commune pr\u00e8s de Grenoble est en effet celle qui <a href=\"https:\/\/actu.fr\/societe\/isere-cette-commune-est-celle-qui-a-gagne-le-plus-d-habitants-selon-l-insee_63599920.html\" target=\"_blank\" rel=\"noopener\">a gagn\u00e9 le plus d\u2019habitants<\/a> en <a href=\"https:\/\/actu.fr\/auvergne-rhone-alpes\/isere_38\" target=\"_blank\" rel=\"noopener\">Is\u00e8re<\/a> ces cinq derni\u00e8res ann\u00e9es selon l\u2019Insee : +3,9% annuels en moyenne.\u00a0<br \/>\u00ab\u00a0En 9 ans, <strong>la population a augment\u00e9 d\u2019environ 20-25%<\/strong>, calcule St\u00e9phane Dupont-Ferrier, maire de Fontanil-Cornillon. On a eu pas mal de jeunes familles qui sont venues s\u2019installer chez nous.\u00a0\u00bb Comment expliquer cet attrait pour cette petite commune de la m\u00e9tropole grenobloise ?<\/p>\n<p>Un village en bout de ligne de tram<\/p>\n<p class=\" wall-content\">Pour le maire, cela se r\u00e9sume en une explication tr\u00e8s simple : <strong>le tramway<\/strong>. Il y a quelques ann\u00e9es, \u00ab\u00a0il y a eu les discussions pour que le tram viennent jusqu\u2019\u00e0 Fontanil\u00a0\u00bb avec un rallongement de la ligne E pour assurer une meilleure desserte du village, explique l\u2019\u00e9dile \u00e0 actu Grenoble.\u00a0<\/p>\n<p class=\" wall-content\">L\u2019arriv\u00e9e de la ligne de tram s\u2019est donc faite et elle a logiquement rendu <a href=\"https:\/\/actu.fr\/auvergne-rhone-alpes\/fontanil-cornillon_38170\" target=\"_blank\" rel=\"noopener\">Fontanil-Cornillon<\/a> plus attractive pour ceux cherchant un logement en dehors de <a href=\"https:\/\/actu.fr\/grenoble\/\" target=\"_blank\" rel=\"noopener\">Grenoble<\/a>, tout en ayant un acc\u00e8s rapide au centre-ville.\u00a0<\/p>\n<p class=\" wall-content\">Les travaux du tram se sont aussi accompagn\u00e9s \u00ab\u00a0d\u2019une s\u00e9rie d\u2019op\u00e9rations immobili\u00e8res\u00a0\u00bb le long <a href=\"https:\/\/actu.fr\/auvergne-rhone-alpes\/grenoble_38185\/grenoble-tram-a-b-c-d-ou-e-voici-la-ligne-preferee-des-grenoblois_56983021.html\" target=\"_blank\" rel=\"noopener\">de la ligne E<\/a> avec des logements abordables. \u00ab\u00a0Les plan\u00e8tes se sont relativement bien align\u00e9es\u00a0\u00bb, reconna\u00eet St\u00e9phane Dupont-Ferrier.<\/p>\n<p>Garder \u00ab\u00a0un esprit village\u00a0\u00bb<\/p>\n<p class=\" wall-content\">En revanche, pas question pour le maire de perdre l\u2019identit\u00e9 de la commune. <strong>\u00ab\u00a0On veut garder notre esprit village\u00a0\u00bb<\/strong> avec ses commerces dans le bourg et une int\u00e9gration r\u00e9ussie de ces nouveaux arrivants, mart\u00e8le\u00a0St\u00e9phane Dupont-Ferrier.<\/p>\n<p class=\" wall-content\">Ainsi, pour ne pas mettre en p\u00e9ril cet \u00e9quilibre, \u00ab\u00a0on a anticip\u00e9 les choses. On a \u00e9t\u00e9 novateur avec <a href=\"https:\/\/actu.fr\/auvergne-rhone-alpes\/fontaine_38169\/pres-de-grenoble-950-logements-vont-sortir-de-terre-dans-ce-quartier-voici-quand_63521792.html\" target=\"_blank\" rel=\"noopener\">les nouvelles constructions<\/a>, puisqu\u2019on ne voulait pas qu\u2019il y ait de commerces au pied des immeubles. On voulait qu\u2019ils restent dans le centre du village.\u00a0\u00bb\u00a0<\/p>\n<p class=\" wall-content\">Pour accueillir les nouveaux habitants \u2013 et leurs enfants -, les investissements ont aussi \u00e9t\u00e9 pens\u00e9s en cons\u00e9quence : agrandissement de l\u2019\u00e9cole pour 5 millions \u20ac, doublement du nombre de places en cr\u00e8che, centre a\u00e9r\u00e9 refait\u2026<\/p>\n<p>Votre r\u00e9gion, votre actu !<\/p>\n<p>Recevez chaque jour les infos qui comptent pour vous.<\/p>\n<p>\t<a href=\"https:\/\/actu.fr\/newsletter\" class=\"ac-btn ac-btn--corner ac-btn--medium ac-btn--blue800\" target=\"_blank\" rel=\"noopener\">S&rsquo;incrire<\/a><\/p>\n<p class=\" wall-content\">\u00ab\u00a0On veut avoir des gens heureux de vivre \u00e0 Fontanil, et pas juste avoir des personnes qui font tram-boulot-dodo\u00a0\u00bb, souligne l\u2019\u00e9dile.<\/p>\n<p>\u00ab\u00a0On sait que \u00e7a ne va pas continuer\u00a0\u00bb<\/p>\n<p class=\" wall-content\">Si les \u00e9lus se r\u00e9jouissent de cet accroissement de la population, ils restent r\u00e9alistes. \u00ab\u00a0On ne veut pas grandir trop\u00a0\u00bb pour garder cette identit\u00e9 de village, temp\u00e8re St\u00e9phane Dupont-Ferrier.<\/p>\n<p class=\" wall-content\">\u00ab\u00a0De toute fa\u00e7on, on sait que \u00e7a ne va pas continuer : on n\u2019a plus beaucoup de terrains urbanisables aujourd\u2019hui !\u00a0\u00bb Un dernier immeuble doit ainsi \u00eatre livr\u00e9 prochainement au niveau du terminus du tramway.<\/p>\n<p class=\" wall-content\">Personnalisez votre actualit\u00e9 en ajoutant vos villes et m\u00e9dias en favori avec <a href=\"https:\/\/moncompte.actu.fr\" title=\"D\u00e9couvez Mon Actu\" rel=\"nofollow noopener\" data-trk=\"{&quot;cta&quot;:{&quot;action&quot;:&quot;https:\\\/\\\/moncompte.actu.fr&quot;,&quot;category&quot;:&quot;mon compte&quot;,&quot;from&quot;:&quot;article footer&quot;,&quot;name&quot;:&quot;Mon actu&quot;,&quot;type&quot;:&quot;cta&quot;}}\" target=\"_blank\">Mon Actu<\/a>.<\/p>\n","protected":false},"excerpt":{"rendered":"Par Lisa Rodrigues Publi\u00e9 le 24 d\u00e9c. 2025 \u00e0 14h14 C\u2019est une nouvelle que la municipalit\u00e9 de Fontanil-Cornillon,&hellip;\n","protected":false},"author":2,"featured_media":620017,"comment_status":"","ping_status":"","sticky":false,"template":"","format":"standard","meta":{"footnotes":""},"categories":[9566],"tags":[1111,11,2430,6969,1777,674,1011,27,2731,12,25,104,8194],"class_list":{"0":"post-620016","1":"post","2":"type-post","3":"status-publish","4":"format-standard","5":"has-post-thumbnail","7":"category-grenoble","8":"tag-actu","9":"tag-actualites","10":"tag-auvergne-rhone-alpes","11":"tag-demographie","12":"tag-eu","13":"tag-europe","14":"tag-fr","15":"tag-france","16":"tag-grenoble","17":"tag-news","18":"tag-republique-francaise","19":"tag-societe","20":"tag-transport-de-lagglomeration-grenobloise-tag"},"share_on_mastodon":{"url":"https:\/\/pubeurope.com\/@fr\/115774968614503502","error":""},"_links":{"self":[{"href":"https:\/\/www.europesays.com\/fr\/wp-json\/wp\/v2\/posts\/620016","targetHints":{"allow":["GET"]}}],"collection":[{"href":"https:\/\/www.europesays.com\/fr\/wp-json\/wp\/v2\/posts"}],"about":[{"href":"https:\/\/www.europesays.com\/fr\/wp-json\/wp\/v2\/types\/post"}],"author":[{"embeddable":true,"href":"https:\/\/www.europesays.com\/fr\/wp-json\/wp\/v2\/users\/2"}],"replies":[{"embeddable":true,"href":"https:\/\/www.europesays.com\/fr\/wp-json\/wp\/v2\/comments?post=620016"}],"version-history":[{"count":0,"href":"https:\/\/www.europesays.com\/fr\/wp-json\/wp\/v2\/posts\/620016\/revisions"}],"wp:featuredmedia":[{"embeddable":true,"href":"https:\/\/www.europesays.com\/fr\/wp-json\/wp\/v2\/media\/620017"}],"wp:attachment":[{"href":"https:\/\/www.europesays.com\/fr\/wp-json\/wp\/v2\/media?parent=620016"}],"wp:term":[{"taxonomy":"category","embeddable":true,"href":"https:\/\/www.europesays.com\/fr\/wp-json\/wp\/v2\/categories?post=620016"},{"taxonomy":"post_tag","embeddable":true,"href":"https:\/\/www.europesays.com\/fr\/wp-json\/wp\/v2\/tags?post=620016"}],"curies":[{"name":"wp","href":"https:\/\/api.w.org\/{rel}","templated":true}]}}