{"id":620018,"date":"2025-12-24T14:17:19","date_gmt":"2025-12-24T14:17:19","guid":{"rendered":"https:\/\/www.europesays.com\/fr\/620018\/"},"modified":"2025-12-24T14:17:19","modified_gmt":"2025-12-24T14:17:19","slug":"deux-spectacles-et-une-formation-la-conteuse-marie-chiffmine-etait-a-lecole-sainte-anne","status":"publish","type":"post","link":"https:\/\/www.europesays.com\/fr\/620018\/","title":{"rendered":"Deux spectacles et une formation\u00a0: la conteuse Marie Chiff\u2019mine \u00e9tait \u00e0 l\u2019\u00e9cole Sainte-Anne"},"content":{"rendered":"<p>Cette ann\u00e9e, l\u2019\u00e9cole Sainte-Anne de Thorign\u00e9-Fouillard a choisi de placer l\u2019ensemble de ses projets p\u00e9dagogiques sous le th\u00e8me des contes. Un fil conducteur qui nourrit l\u2019imaginaire des \u00e9l\u00e8ves tout au long de l\u2019ann\u00e9e scolaire.<\/p>\n<p>En maternelle, afin d\u2019\u00e9toffer et de donner davantage de profondeur aux diff\u00e9rents projets men\u00e9s en classe, les enseignants et les agents territoriaux sp\u00e9cialis\u00e9s des \u00e9coles maternelles (Atsem) ont suivi une formation d\u00e9di\u00e9e \u00e0 l\u2019art du conte, anim\u00e9e par Marie Chiff\u2019mine. Cette formation a permis aux \u00e9quipes de d\u00e9couvrir ou d\u2019approfondir les techniques de narration, de mise en voix et de mise en sc\u00e8ne, au service des apprentissages. \u00a0\u00catre form\u00e9s par Marie Chiff\u2019mine et avoir la chance d\u2019\u00e9changer avec elle est une exp\u00e9rience tr\u00e8s riche, que nous pourrons exploiter avec les \u00e9l\u00e8ves tout au long de l\u2019ann\u00e9e\u00a0, estime Gr\u00e9gory Massart, enseignant en moyenne et grande section.<\/p>\n<p>Deux spectacles en prime<\/p>\n<p>Conteuse bretonne reconnue, Marie Chiff\u2019mine enchante petits et grands en Bretagne et ailleurs en France, mais aussi \u00e0 l\u2019international, notamment en \u00c9cosse et en Estonie. \u00a0La cr\u00e9ation sur mesure, la po\u00e9sie, le chant, la transmission, l\u2019\u00e9criture \u00e0 partir de l\u2019oralit\u00e9 ainsi que la mise en sc\u00e8ne, l\u2019invention et la recherche de liens entre les arts et la population sont au c\u0153ur de sa d\u00e9marche artistique\u00a0, pr\u00e9sente Pascal Morel, directeur de l\u2019\u00e9cole.<\/p>\n<p>Dans le prolongement de cette formation, jeudi 18\u00a0d\u00e9cembre 2025, Marie Chiff\u2019mine est venue \u00e0 l\u2019\u00e9cole avec sa c\u00e9l\u00e8bre brouette remplie d\u2019accessoires pour pr\u00e9senter deux spectacles destin\u00e9s \u00e0 l\u2019ensemble des classes de maternelle.<\/p>\n<p>\u00a0Ces temps de formation et de spectacle illustrent pleinement la volont\u00e9 de l\u2019\u00c9cole Sainte-Anne de proposer aux \u00e9l\u00e8ves des exp\u00e9riences culturelles de qualit\u00e9, en lien \u00e9troit avec le travail p\u00e9dagogique des \u00e9quipes \u00e9ducatives\u00a0\u00bb, s\u2019est r\u00e9joui le chef d\u2019\u00e9tablissement.<\/p>\n<p>\u00a0<\/p>\n","protected":false},"excerpt":{"rendered":"Cette ann\u00e9e, l\u2019\u00e9cole Sainte-Anne de Thorign\u00e9-Fouillard a choisi de placer l\u2019ensemble de ses projets p\u00e9dagogiques sous le th\u00e8me&hellip;\n","protected":false},"author":2,"featured_media":620019,"comment_status":"","ping_status":"","sticky":false,"template":"","format":"standard","meta":{"footnotes":""},"categories":[2821],"tags":[1111,11,829,72998,71142,1122,1777,674,1119,1011,27,6665,121,12,3086,584,25,52429,853,4182],"class_list":{"0":"post-620018","1":"post","2":"type-post","3":"status-publish","4":"format-standard","5":"has-post-thumbnail","7":"category-rennes","8":"tag-actu","9":"tag-actualites","10":"tag-bretagne","11":"tag-chiff","12":"tag-conteuse","13":"tag-ecole","14":"tag-eu","15":"tag-europe","16":"tag-formation","17":"tag-fr","18":"tag-france","19":"tag-marie","20":"tag-mine","21":"tag-news","22":"tag-redon","23":"tag-rennes","24":"tag-republique-francaise","25":"tag-sainte-anne","26":"tag-spectacles","27":"tag-thorigne-fouillard"},"share_on_mastodon":{"url":"https:\/\/pubeurope.com\/@fr\/115774976355212584","error":""},"_links":{"self":[{"href":"https:\/\/www.europesays.com\/fr\/wp-json\/wp\/v2\/posts\/620018","targetHints":{"allow":["GET"]}}],"collection":[{"href":"https:\/\/www.europesays.com\/fr\/wp-json\/wp\/v2\/posts"}],"about":[{"href":"https:\/\/www.europesays.com\/fr\/wp-json\/wp\/v2\/types\/post"}],"author":[{"embeddable":true,"href":"https:\/\/www.europesays.com\/fr\/wp-json\/wp\/v2\/users\/2"}],"replies":[{"embeddable":true,"href":"https:\/\/www.europesays.com\/fr\/wp-json\/wp\/v2\/comments?post=620018"}],"version-history":[{"count":0,"href":"https:\/\/www.europesays.com\/fr\/wp-json\/wp\/v2\/posts\/620018\/revisions"}],"wp:featuredmedia":[{"embeddable":true,"href":"https:\/\/www.europesays.com\/fr\/wp-json\/wp\/v2\/media\/620019"}],"wp:attachment":[{"href":"https:\/\/www.europesays.com\/fr\/wp-json\/wp\/v2\/media?parent=620018"}],"wp:term":[{"taxonomy":"category","embeddable":true,"href":"https:\/\/www.europesays.com\/fr\/wp-json\/wp\/v2\/categories?post=620018"},{"taxonomy":"post_tag","embeddable":true,"href":"https:\/\/www.europesays.com\/fr\/wp-json\/wp\/v2\/tags?post=620018"}],"curies":[{"name":"wp","href":"https:\/\/api.w.org\/{rel}","templated":true}]}}