{"id":620020,"date":"2025-12-24T14:21:48","date_gmt":"2025-12-24T14:21:48","guid":{"rendered":"https:\/\/www.europesays.com\/fr\/620020\/"},"modified":"2025-12-24T14:21:48","modified_gmt":"2025-12-24T14:21:48","slug":"rennes-piscine-privee-et-vis-a-vis-le-tribunal-suspend-un-permis-de-bati-armor","status":"publish","type":"post","link":"https:\/\/www.europesays.com\/fr\/620020\/","title":{"rendered":"Rennes. Piscine priv\u00e9e et vis-\u00e0-vis, le tribunal suspend un permis de Bati-Armor"},"content":{"rendered":"<p>            <a href=\"https:\/\/unidivers.fr\/wp-content\/uploads\/2025\/12\/bluenat-piscine-rennes.jpg\" data-caption=\"\" target=\"_blank\" rel=\"noopener\"><img decoding=\"async\" fetchpriority=\"high\" width=\"696\" height=\"464\" class=\"entry-thumb td-modal-image\" src=\"https:\/\/www.europesays.com\/fr\/wp-content\/uploads\/2025\/12\/bluenat-piscine-rennes-696x464.jpg\"   alt=\"bluenat piscine rennes\" title=\"bluenat piscine rennes\" data-eio=\"p\"\/><\/a><\/p>\n<p>Dans le quartier Br\u00e9quigny de Rennes, un couple obtient la suspension du permis relatif \u00e0 un projet de Bati-Armor sis au 311 rue de Nantes. En question un vis-\u00e0-vis jug\u00e9 excessif.<\/p>\n<p>Le <strong>tribunal administratif de Rennes<\/strong> a ordonn\u00e9 la <strong>suspension<\/strong> du <strong>permis de construire<\/strong> d\u00e9livr\u00e9 par la Ville de Rennes \u00e0 un projet immobilier port\u00e9 par le promoteur <strong>Bati-Armor<\/strong> au <strong>311 rue de Nantes<\/strong>. En cause, un <strong>immeuble de huit \u00e9tages<\/strong> susceptible de cr\u00e9er un <strong>vis-\u00e0-vis<\/strong> important sur une <strong>piscine priv\u00e9e<\/strong> situ\u00e9e \u00e0 proximit\u00e9 imm\u00e9diate, au <strong>5 boulevard Albert Ier<\/strong>, dans le quartier de <strong>Br\u00e9quigny<\/strong>. Selon les \u00e9l\u00e9ments rapport\u00e9s, la juge a retenu des <strong>doutes sur la l\u00e9galit\u00e9 du projet<\/strong> et un vis-\u00e0-vis jug\u00e9 <strong>excessif<\/strong>, justifiant l\u2019arr\u00eat provisoire de l\u2019ex\u00e9cution du permis.<\/p>\n<p><img fetchpriority=\"high\" decoding=\"async\" width=\"1440\" height=\"960\" src=\"https:\/\/www.europesays.com\/fr\/wp-content\/uploads\/2025\/12\/311-rue-de-nantes-rennes.jpg\" alt=\"311 rue de Nantes Rennes\" class=\"wp-image-3539426\"   data-eio=\"p\"\/><\/p>\n<p>\u00c0 l\u2019origine du recours, <strong>Nolwenn et Olivier Saget<\/strong>, qui ont cr\u00e9\u00e9 fin <strong>2016<\/strong> un bassin de natation dans leur jardin, au <strong>5 boulevard Albert Ier<\/strong>. Le couple a fond\u00e9 la soci\u00e9t\u00e9 commerciale <strong>BlueNat<\/strong> qui propose des cours \u00e0 de <strong>petits groupes<\/strong> (apprentissage, perfectionnement, aquagym) dans un cadre pr\u00e9sent\u00e9 comme particuli\u00e8rement <strong>pr\u00e9serv\u00e9<\/strong>. L\u2019implantation du futur immeuble, ses hauteurs, et la pr\u00e9sence de <strong>balcons<\/strong> donnant sur l\u2019axe du jardin\/piscine ont cristallis\u00e9 l\u2019inqui\u00e9tude ; pour les requ\u00e9rants, le projet transformerait une pratique intime (et une activit\u00e9) en espace surexpos\u00e9. Le pr\u00e9judice all\u00e9gu\u00e9 est donc \u00e0 la fois esth\u00e9tique qu\u2019<strong>\u00e9conomique<\/strong> \u2013 atteinte \u00e0 la tranquillit\u00e9, conditions d\u2019exploitation, perte de client\u00e8le.<\/p>\n<p><img loading=\"lazy\" decoding=\"async\" width=\"1008\" height=\"810\" src=\"https:\/\/www.europesays.com\/fr\/wp-content\/uploads\/2025\/12\/blue-nat-psicine-albert-de-mun-immobilier.jpg\" alt=\"piscine rennes br\u00e9quigny\" class=\"wp-image-3539424\"   data-eio=\"p\"\/><\/p>\n<p>La d\u00e9cision du tribunal administratif ne signifie pas encore l\u2019annulation d\u00e9finitive du permis. Elle correspond \u00e0 une logique classique. Lorsque le juge estime, au vu des arguments, qu\u2019il existe un <strong>doute s\u00e9rieux<\/strong> sur la l\u00e9galit\u00e9 de l\u2019autorisation et qu\u2019un <strong>pr\u00e9judice<\/strong> suffisamment caract\u00e9ris\u00e9 justifie d\u2019interrompre provisoirement ses effets, il peut ordonner la <strong>suspension<\/strong>. Autrement dit, le projet est <strong>gel\u00e9<\/strong> dans l\u2019attente de la suite de la proc\u00e9dure (jugement au fond, modifications, nouvelle instruction, etc.).<\/p>\n<p>Le \u00ab <strong>vis-\u00e0-vis <\/strong>\u00bb n\u2019est pas, en soi, un concept moral, c\u2019est souvent un sujet de <strong>proportion<\/strong> et de <strong>configuration<\/strong> urbaine. Ici, il devient d\u00e9cisif parce qu\u2019il est pr\u00e9sent\u00e9 comme <strong>excessif<\/strong>, ce qui laisse entendre que la hauteur, la distance, l\u2019orientation des fa\u00e7ades et l\u2019effet de surplomb pourraient produire une atteinte particuli\u00e8rement marqu\u00e9e aux conditions de jouissance. Le cas est embl\u00e9matique des tensions contemporaines : densifier la ville, oui mais jusqu\u2019o\u00f9, et \u00e0 quel prix au plan humain et reltionnel ?<\/p>\n<p><img loading=\"lazy\" decoding=\"async\" width=\"1414\" height=\"1250\" src=\"https:\/\/www.europesays.com\/fr\/wp-content\/uploads\/2025\/12\/blue-nat-psicine-albert-de-mun-rennes.jpg\" alt=\"piscine rennes\" class=\"wp-image-3539425\"   data-eio=\"p\"\/><\/p>\n","protected":false},"excerpt":{"rendered":"Dans le quartier Br\u00e9quigny de Rennes, un couple obtient la suspension du permis relatif \u00e0 un projet de&hellip;\n","protected":false},"author":2,"featured_media":620021,"comment_status":"","ping_status":"","sticky":false,"template":"","format":"standard","meta":{"footnotes":""},"categories":[2821],"tags":[1111,11,829,1777,674,1011,27,12,584,25],"class_list":{"0":"post-620020","1":"post","2":"type-post","3":"status-publish","4":"format-standard","5":"has-post-thumbnail","7":"category-rennes","8":"tag-actu","9":"tag-actualites","10":"tag-bretagne","11":"tag-eu","12":"tag-europe","13":"tag-fr","14":"tag-france","15":"tag-news","16":"tag-rennes","17":"tag-republique-francaise"},"share_on_mastodon":{"url":"https:\/\/pubeurope.com\/@fr\/115774993229742338","error":""},"_links":{"self":[{"href":"https:\/\/www.europesays.com\/fr\/wp-json\/wp\/v2\/posts\/620020","targetHints":{"allow":["GET"]}}],"collection":[{"href":"https:\/\/www.europesays.com\/fr\/wp-json\/wp\/v2\/posts"}],"about":[{"href":"https:\/\/www.europesays.com\/fr\/wp-json\/wp\/v2\/types\/post"}],"author":[{"embeddable":true,"href":"https:\/\/www.europesays.com\/fr\/wp-json\/wp\/v2\/users\/2"}],"replies":[{"embeddable":true,"href":"https:\/\/www.europesays.com\/fr\/wp-json\/wp\/v2\/comments?post=620020"}],"version-history":[{"count":0,"href":"https:\/\/www.europesays.com\/fr\/wp-json\/wp\/v2\/posts\/620020\/revisions"}],"wp:featuredmedia":[{"embeddable":true,"href":"https:\/\/www.europesays.com\/fr\/wp-json\/wp\/v2\/media\/620021"}],"wp:attachment":[{"href":"https:\/\/www.europesays.com\/fr\/wp-json\/wp\/v2\/media?parent=620020"}],"wp:term":[{"taxonomy":"category","embeddable":true,"href":"https:\/\/www.europesays.com\/fr\/wp-json\/wp\/v2\/categories?post=620020"},{"taxonomy":"post_tag","embeddable":true,"href":"https:\/\/www.europesays.com\/fr\/wp-json\/wp\/v2\/tags?post=620020"}],"curies":[{"name":"wp","href":"https:\/\/api.w.org\/{rel}","templated":true}]}}