{"id":620023,"date":"2025-12-24T14:30:56","date_gmt":"2025-12-24T14:30:56","guid":{"rendered":"https:\/\/www.europesays.com\/fr\/620023\/"},"modified":"2025-12-24T14:30:56","modified_gmt":"2025-12-24T14:30:56","slug":"voici-ou-se-rendre-dans-le-bas-rhin-pour-prolonger-les-fetes","status":"publish","type":"post","link":"https:\/\/www.europesays.com\/fr\/620023\/","title":{"rendered":"voici o\u00f9 se rendre dans le Bas-Rhin pour prolonger les f\u00eates"},"content":{"rendered":"<p>                    Par<br \/>\n        <strong><br \/>\n            <a href=\"https:\/\/actu.fr\/auteur\/thomas-blanc\" title=\"Consulter tous les articles de Thomas Blanc\" target=\"_blank\" rel=\"noopener\">Thomas Blanc<\/a><br \/>\n                    <\/strong><\/p>\n<p>        Publi\u00e9 le<\/p>\n<p>            24 d\u00e9c. 2025 \u00e0 12h22        <\/p>\n<p>Le <a href=\"https:\/\/actu.fr\/grand-est\/strasbourg_67482\/la-frequentation-du-marche-de-noel-de-strasbourg-en-baisse-selon-les-commercants-comment-ils-l-expliquent_63611859.html\" target=\"_blank\" rel=\"noopener\">march\u00e9 de No\u00ebl de Strasbourg<\/a> fermera ses portes <strong>\u00e0 18h ce mercredi 24 d\u00e9cembre<\/strong>, au grand dam de ses commer\u00e7ants et des visiteurs qui souhaiteraient <strong>pouvoir jouer les prolongations apr\u00e8s cette date<\/strong>. Mais\u00a0pas de panique, ces march\u00e9s de <a href=\"https:\/\/actu.fr\/tag\/noel\" target=\"_blank\" rel=\"noopener\">No\u00ebl<\/a> situ\u00e9s dans le Bas-Rhin prennent le relais et <strong>sont tous accessibles en train<\/strong> depuis la <a href=\"https:\/\/actu.fr\/grand-est\/strasbourg_67482\/insolite-un-concert-avec-de-grands-noms-de-l-electro-bientot-organise-a-la-gare-de-strasbourg_63565104.html\" target=\"_blank\" rel=\"noopener\">gare de Strasbourg<\/a>.<\/p>\n<p class=\" wall-content\">\u00c0 noter qu\u2019au <a href=\"https:\/\/actu.fr\/grand-est\/metz_57463\/le-marche-de-noel-de-metz-est-ouvert-revivez-en-images-cette-premiere-journee-de-festivites_63468742.html\" target=\"_blank\" rel=\"noopener\">march\u00e9 de No\u00ebl de Metz<\/a>, la f\u00eate dure<strong> jusqu\u2019au 30\u00a0d\u00e9cembre<\/strong>, et qu\u2019\u00e0 <a href=\"https:\/\/actu.fr\/grand-est\/nancy_54395\/video-revivez-le-lancement-des-fetes-de-saint-nicolas-2025-a-nancy_63473735.html\" target=\"_blank\" rel=\"noopener\">Nancy, les F\u00eates de Saint-Nicolas<\/a> se d\u00e9roulent jusqu\u2019au 4 janvier 2026.<\/p>\n<p>Apr\u00e8s la fin du march\u00e9 de No\u00ebl de Strasbourg, vous pourrez vous rendre \u00e0 Haguenau<\/p>\n<p class=\" wall-content\">La <strong>deuxi\u00e8me plus grande ville du Bas-Rhin<\/strong>, <a href=\"https:\/\/actu.fr\/grand-est\/haguenau_67180\/bas-rhin-cette-ville-de-reve-fait-son-entree-dans-le-top-500-des-villes-et-villages-ou-il-fait-bon-vivre_62256635.html\" target=\"_blank\" rel=\"noopener\">Haguenau<\/a>, cl\u00f4turera son march\u00e9 de No\u00ebl dans une semaine, <strong>le 30\u00a0d\u00e9cembre au soir<\/strong>. D\u2019ailleurs, <strong>une parade de cl\u00f4ture<\/strong> est pr\u00e9vue ce soir-l\u00e0 <strong>\u00e0 partir de 17h30<\/strong>. Deux d\u00e9parts auront lieu simultan\u00e9ment, un depuis Grand\u2019Rue devant la Halle aux Houblons et un autre rue Gruntz.<\/p>\n<p class=\" wall-content\"><strong>Les stands y sont ouverts jusqu\u2019\u00e0 20h les vendredis et samedis<\/strong> et jusqu\u2019\u00e0 19h le reste de la semaine. Le ticket de train pour s\u2019y rendre co\u00fbte 9,4 euros depuis la gare de Strasbourg et le trajet dure 25\u00a0minutes environ.<\/p>\n<p>Obernai et son march\u00e9 tr\u00e8s r\u00e9put\u00e9<\/p>\n<p class=\" wall-content\">La ville d\u2019Obernai fait, elle, courir son march\u00e9 de No\u00ebl <strong>jusqu\u2019au soir de la nouvelle ann\u00e9e<\/strong>. Les <strong>45 chalets du centre-ville<\/strong> sont ouverts jusqu\u2019\u00e0 19h en semaine,<strong> 20h les vendredis, samedis et dimanches<\/strong>. Sauf ce 24\u00a0d\u00e9cembre et le soir du 31 o\u00f9 le march\u00e9 fermera \u00e0 16h.<\/p>\n<p class=\" wall-content\">Attention, il n\u2019a pas lieu le 25 d\u00e9cembre.<\/p>\n<p>Votre r\u00e9gion, votre actu !<\/p>\n<p>Recevez chaque jour les infos qui comptent pour vous.<\/p>\n<p>\t<a href=\"https:\/\/actu.fr\/newsletter\" class=\"ac-btn ac-btn--corner ac-btn--medium ac-btn--blue800\" target=\"_blank\" rel=\"noopener\">S&rsquo;incrire<\/a><br \/>\nSaverne, le march\u00e9 le plus long<\/p>\n<p class=\" wall-content\">Visiblement, c\u2019est \u00e0 <a href=\"https:\/\/actu.fr\/grand-est\/saverne_67437\/saverne-l-elu-surpris-en-train-d-utiliser-la-piscine-publique-un-jour-ferie-devra-payer-ses-frais-d-avocat_62489126.html\" target=\"_blank\" rel=\"noopener\">Saverne<\/a> que <strong>l\u2019on aime le plus No\u00ebl<\/strong>. Le march\u00e9 y a \u00e9t\u00e9 lanc\u00e9 le 28\u00a0novembre dernier et se poursuivra jusqu\u2019\u00e0 la veille de la rentr\u00e9e scolaire,<strong> le dimanche 4\u00a0janvier 2026<\/strong>.<\/p>\n<p class=\" wall-content\">Sur place, <strong>les vitrines des commerces sont illumin\u00e9es<\/strong>, <strong>une patinoire est install\u00e9e<\/strong> et le village gourmand, place du G\u00e9n\u00e9ral de Gaulle<strong> regorge d\u2019animations<\/strong> \u00e0 l\u2019instar d\u2019une chasse au tr\u00e9sor organis\u00e9e tous les jours. Les horaires se constituent comme suit\u2009: du lundi au vendredi\u2009: 12\u2009h \u00e0 19\u2009h, samedi\u2009: 10\u2009h \u00e0 20\u2009h, dimanche\u2009: 10\u2009h \u00e0 19\u2009h, 24 et 25\u00a0d\u00e9cembre\u2009: 10\u2009h \u00e0 17\u2009h.<\/p>\n<p class=\" wall-content\">Comptez 25 ou 45 minutes en fonction du train que vous empruntez pour vous y rendre depuis Strasbourg.<\/p>\n<p>S\u00e9lestat et sa tradition du sapin vieille de plus de 500\u00a0ans<\/p>\n<p class=\" wall-content\">La fin du <a href=\"https:\/\/actu.fr\/grand-est\/selestat_67462\/bas-rhin-pourquoi-il-ne-faut-pas-manquer-noel-a-selestat-cette-annee_46275684.html\" target=\"_blank\" rel=\"noopener\">march\u00e9 de No\u00ebl de S\u00e9lestat<\/a> est pr\u00e9vue pour<strong> le dimanche 28\u00a0d\u00e9cembre<\/strong>. Les exposants de la place des Armes, de la place Kluber et de la place de la Victoire (o\u00f9 se situe \u00e9galement<strong> le sapin de No\u00ebl<\/strong>) remballeront leurs stands entre 19h et 20h. Le march\u00e9 est ouvert<strong> jusqu\u2019\u00e0 20h le vendredi et le samedi<\/strong> avec des prolongations possibles jusqu\u2019\u00e0 21h.<\/p>\n<p class=\" wall-content\">Comme \u00e0 Obernai, le march\u00e9 est ferm\u00e9 le 25\u00a0d\u00e9cembre.<\/p>\n<p class=\" wall-content\">Personnalisez votre actualit\u00e9 en ajoutant vos villes et m\u00e9dias en favori avec <a href=\"https:\/\/moncompte.actu.fr\" title=\"D\u00e9couvez Mon Actu\" rel=\"nofollow noopener\" data-trk=\"{&quot;cta&quot;:{&quot;action&quot;:&quot;https:\\\/\\\/moncompte.actu.fr&quot;,&quot;category&quot;:&quot;mon compte&quot;,&quot;from&quot;:&quot;article footer&quot;,&quot;name&quot;:&quot;Mon actu&quot;,&quot;type&quot;:&quot;cta&quot;}}\" target=\"_blank\">Mon Actu<\/a>.<\/p>\n","protected":false},"excerpt":{"rendered":"Par Thomas Blanc Publi\u00e9 le 24 d\u00e9c. 2025 \u00e0 12h22 Le march\u00e9 de No\u00ebl de Strasbourg fermera ses&hellip;\n","protected":false},"author":2,"featured_media":620024,"comment_status":"","ping_status":"","sticky":false,"template":"","format":"standard","meta":{"footnotes":""},"categories":[2820],"tags":[1111,11,1777,674,1011,27,775,1652,56596,12,15830,25,640,602],"class_list":{"0":"post-620023","1":"post","2":"type-post","3":"status-publish","4":"format-standard","5":"has-post-thumbnail","7":"category-strasbourg","8":"tag-actu","9":"tag-actualites","10":"tag-eu","11":"tag-europe","12":"tag-fr","13":"tag-france","14":"tag-grand-est","15":"tag-loisirs-culture","16":"tag-marche-de-noel-de-strasbourg","17":"tag-news","18":"tag-noel","19":"tag-republique-francaise","20":"tag-strasbourg","21":"tag-tourisme"},"share_on_mastodon":{"url":"https:\/\/pubeurope.com\/@fr\/115775031447691331","error":""},"_links":{"self":[{"href":"https:\/\/www.europesays.com\/fr\/wp-json\/wp\/v2\/posts\/620023","targetHints":{"allow":["GET"]}}],"collection":[{"href":"https:\/\/www.europesays.com\/fr\/wp-json\/wp\/v2\/posts"}],"about":[{"href":"https:\/\/www.europesays.com\/fr\/wp-json\/wp\/v2\/types\/post"}],"author":[{"embeddable":true,"href":"https:\/\/www.europesays.com\/fr\/wp-json\/wp\/v2\/users\/2"}],"replies":[{"embeddable":true,"href":"https:\/\/www.europesays.com\/fr\/wp-json\/wp\/v2\/comments?post=620023"}],"version-history":[{"count":0,"href":"https:\/\/www.europesays.com\/fr\/wp-json\/wp\/v2\/posts\/620023\/revisions"}],"wp:featuredmedia":[{"embeddable":true,"href":"https:\/\/www.europesays.com\/fr\/wp-json\/wp\/v2\/media\/620024"}],"wp:attachment":[{"href":"https:\/\/www.europesays.com\/fr\/wp-json\/wp\/v2\/media?parent=620023"}],"wp:term":[{"taxonomy":"category","embeddable":true,"href":"https:\/\/www.europesays.com\/fr\/wp-json\/wp\/v2\/categories?post=620023"},{"taxonomy":"post_tag","embeddable":true,"href":"https:\/\/www.europesays.com\/fr\/wp-json\/wp\/v2\/tags?post=620023"}],"curies":[{"name":"wp","href":"https:\/\/api.w.org\/{rel}","templated":true}]}}