{"id":620026,"date":"2025-12-24T14:35:45","date_gmt":"2025-12-24T14:35:45","guid":{"rendered":"https:\/\/www.europesays.com\/fr\/620026\/"},"modified":"2025-12-24T14:35:45","modified_gmt":"2025-12-24T14:35:45","slug":"a-nice-noel-comme-moteur-du-commerce-de-proximite","status":"publish","type":"post","link":"https:\/\/www.europesays.com\/fr\/620026\/","title":{"rendered":"A Nice, No\u00ebl comme moteur du commerce de proximit\u00e9"},"content":{"rendered":"<p melodystyle=\"\">Dans les rues moins touristiques du centre-ville, une autre dynamique est \u00e0 l\u2019\u0153uvre. Port\u00e9e par l\u2019<a href=\"https:\/\/nice-centre.fr\/\" target=\"_blank\" rel=\"noopener\"><b>association de commer\u00e7ants Nice Centre Rive Droite<\/b><\/a>, co-pr\u00e9sid\u00e9e depuis huit ans par Christophe Br\u00e9mard (CAP Assurances), elle repose sur une conviction simple : le commerce de proximit\u00e9 se dynamise d\u2019abord par les animations collectives de terrain. Et No\u00ebl, p\u00e9riode cruciale pour de nombreux secteurs (alimentation, cadeaux, chocolatiers ou concept stores), constitue \u00e0 ce titre un temps fort strat\u00e9gique, tout comme le Carnaval, la Grande Braderie Ni\u00e7oise et la <b><a href=\"https:\/\/tribuca.net\/actualites_140584908-pour-la-saint-valentin-qui-sera-le-couple-le-plus-glamour-de-nice\/\" target=\"_blank\" rel=\"noopener\">Saint-Valentin<\/a><\/b>. Loin d\u2019\u00eatre une nouveaut\u00e9, les actions \u00e0 l\u2019occasion de l\u2019arriv\u00e9e du P\u00e8re No\u00ebl ont pris de l\u2019ampleur cette ann\u00e9e pour l\u2019association. En plus des d\u00e9corations harmonis\u00e9es pour \u00e9viter les \u00ab\u00a0cassures\u00a0\u00bb entre rues et d\u2019un Secret Santa entre commer\u00e7ants, un concours de vitrines a vu le jour pour capter la client\u00e8le attir\u00e9e par le march\u00e9 de No\u00ebl et l\u2019art\u00e8re principale. \u00ab\u00a0Aujourd\u2019hui, une vraie dynamique s\u2019est mise en place. Nos adh\u00e9rents ont compris l\u2019int\u00e9r\u00eat de d\u00e9corer leurs vitrines pour que la magie de No\u00ebl passe par nos rues\u00ab\u00a0, explique Christophe Br\u00e9mard. Le r\u00e9sultat ? Pas de statistiques officielles sur la possible hausse du chiffre d\u2019affaires, mais pr\u00e8s de 150 commer\u00e7ants participent d\u00e9sormais au concours de vitrines, contre un peu plus d\u2019une centaine auparavant, signe d\u2019une mobilisation croissante. Le vote, partag\u00e9 entre le public via QR code -plus de 1.000 votants l\u2019an dernier- et le conseil d\u2019administration de l\u2019association, alimente une saine \u00e9mulation. \u00c0 la cl\u00e9, 150\u20ac en ch\u00e8ques-cadeaux \u00e0 d\u00e9penser chez les membres de l\u2019association pour renforcer un cercle vertueux assum\u00e9. \u00ab\u00a0Chacun devient en quelque sorte l\u2019ambassadeur de son voisin. Toutes ces actions am\u00e8nent plus de passage dans les rues et donc plus personnes susceptibles de s\u2019arr\u00eater et de rentrer dans nos commerces. Le commerce est une r\u00e9ussite collective et chacun doit contribuer au dynamisme, juge le pr\u00e9sident. Chacun doit comprendre que derri\u00e8re ces petites actions individuelles, il y a \u00e9galement un int\u00e9r\u00eat collectif\u00ab\u00a0.\u00a0<\/p>\n<p melodystyle=\"\">Cette strat\u00e9gie s\u2019inscrit \u00e9galement dans un contexte plus large et s\u2019appuie sur l\u2019attractivit\u00e9 touristique de Nice lors des f\u00eates de fin d\u2019ann\u00e9e. A ce titre, la client\u00e8le \u00e9trang\u00e8re repr\u00e9sente d\u00e9sormais 15 \u00e0 20% des visiteurs des commerces du quartier. Une \u00e9volution qui conforte les choix de l\u2019association, mais ne peut masquer certaines inqui\u00e9tudes. \u00ab\u00a0Novembre n\u2019a pas \u00e9t\u00e9 tr\u00e8s bon et d\u00e9but d\u00e9cembre est en dessous de ses standards. La conjoncture nationale n\u2019aide pas, tout comme les probl\u00e8mes pour se garer dans le centre-ville. Les habitants des collines ne descendent plus en ville et pr\u00e9f\u00e8rent se rendre dans des centres commerciaux\u00ab\u00a0, conclut Christophe Br\u00e9mard.\u00a0<\/p>\n","protected":false},"excerpt":{"rendered":"Dans les rues moins touristiques du centre-ville, une autre dynamique est \u00e0 l\u2019\u0153uvre. Port\u00e9e par l\u2019association de commer\u00e7ants&hellip;\n","protected":false},"author":2,"featured_media":620027,"comment_status":"","ping_status":"","sticky":false,"template":"","format":"standard","meta":{"footnotes":""},"categories":[2819],"tags":[1111,11,1777,674,1011,27,12,2401,882,25],"class_list":{"0":"post-620026","1":"post","2":"type-post","3":"status-publish","4":"format-standard","5":"has-post-thumbnail","7":"category-nice","8":"tag-actu","9":"tag-actualites","10":"tag-eu","11":"tag-europe","12":"tag-fr","13":"tag-france","14":"tag-news","15":"tag-nice","16":"tag-provence-alpes-cote-dazur","17":"tag-republique-francaise"},"share_on_mastodon":{"url":"https:\/\/pubeurope.com\/@fr\/115775051089628472","error":""},"_links":{"self":[{"href":"https:\/\/www.europesays.com\/fr\/wp-json\/wp\/v2\/posts\/620026","targetHints":{"allow":["GET"]}}],"collection":[{"href":"https:\/\/www.europesays.com\/fr\/wp-json\/wp\/v2\/posts"}],"about":[{"href":"https:\/\/www.europesays.com\/fr\/wp-json\/wp\/v2\/types\/post"}],"author":[{"embeddable":true,"href":"https:\/\/www.europesays.com\/fr\/wp-json\/wp\/v2\/users\/2"}],"replies":[{"embeddable":true,"href":"https:\/\/www.europesays.com\/fr\/wp-json\/wp\/v2\/comments?post=620026"}],"version-history":[{"count":0,"href":"https:\/\/www.europesays.com\/fr\/wp-json\/wp\/v2\/posts\/620026\/revisions"}],"wp:featuredmedia":[{"embeddable":true,"href":"https:\/\/www.europesays.com\/fr\/wp-json\/wp\/v2\/media\/620027"}],"wp:attachment":[{"href":"https:\/\/www.europesays.com\/fr\/wp-json\/wp\/v2\/media?parent=620026"}],"wp:term":[{"taxonomy":"category","embeddable":true,"href":"https:\/\/www.europesays.com\/fr\/wp-json\/wp\/v2\/categories?post=620026"},{"taxonomy":"post_tag","embeddable":true,"href":"https:\/\/www.europesays.com\/fr\/wp-json\/wp\/v2\/tags?post=620026"}],"curies":[{"name":"wp","href":"https:\/\/api.w.org\/{rel}","templated":true}]}}