{"id":620028,"date":"2025-12-24T14:39:41","date_gmt":"2025-12-24T14:39:41","guid":{"rendered":"https:\/\/www.europesays.com\/fr\/620028\/"},"modified":"2025-12-24T14:39:41","modified_gmt":"2025-12-24T14:39:41","slug":"nice-le-port-transforme-avec-des-terrasses-sur-les-quais-le-projet-clivant-destrosi","status":"publish","type":"post","link":"https:\/\/www.europesays.com\/fr\/620028\/","title":{"rendered":"Nice. Le port transform\u00e9 avec des terrasses sur les quais, le projet clivant d&rsquo;Estrosi"},"content":{"rendered":"<p>                    Par<br \/>\n        <strong><br \/>\n            <a href=\"https:\/\/actu.fr\/auteur\/ugo-maillard\" title=\"Consulter tous les articles de Ugo Maillard\" target=\"_blank\" rel=\"noopener\">Ugo Maillard<\/a><br \/>\n                    <\/strong><\/p>\n<p>        Publi\u00e9 le<\/p>\n<p>            24 d\u00e9c. 2025 \u00e0 15h28<br \/>\n        ; mis \u00e0 jour le 24 d\u00e9c. 2025 \u00e0 15h29    <\/p>\n<p>Un projet qui ne manque pas de faire r\u00e9agir. Lanc\u00e9 dans la <strong>campagne<\/strong> des<a href=\"https:\/\/actu.fr\/nice\/politique\/elections-municipales\" target=\"_blank\" rel=\"noopener\"> \u00e9lections municipales<\/a> de 2026, le maire de <a href=\"https:\/\/actu.fr\/nice\/\" target=\"_blank\" rel=\"noopener\">Nice<\/a>, <a href=\"https:\/\/actu.fr\/provence-alpes-cote-d-azur\/nice_06088\/municipales-2026-a-nice-des-tramways-toute-la-nuit-la-proposition-inedite-de-christian-estrosi_63560488.html\" target=\"_blank\" rel=\"noopener\">Christian Estrosi<\/a> d\u00e9voile au compte-goutte des propositions qui figureront dans son programme. L\u2019\u00e9lu Horizons qui briguera un quatri\u00e8me mandat cons\u00e9cutif a annonc\u00e9 son souhait de r\u00e9aliser d\u2019importants travaux au niveau du <strong>port Lympia<\/strong> de Nice. Une volont\u00e9 de transformation qui n\u2019est pas nouvelle puisqu\u2019il s\u2019agit d\u2019un projet pr\u00e9sent\u00e9 en 2022 qui a d\u00fb \u00eatre report\u00e9, notamment en raison de la tenue du<a href=\"https:\/\/actu.fr\/dossier\/sommet-des-oceans-a-nice-tout-ce-qu-il-faut-savoir-sur-la-conference-de-l-onu_62542007.html\" target=\"_blank\" rel=\"noopener\"> Sommet des Oc\u00e9ans<\/a> de l\u2019ONU en juin 2025. Projets, r\u00e9actions, ce que l\u2019on sait.<\/p>\n<p>Le projet de la ville<\/p>\n<p class=\" wall-content\"><a href=\"https:\/\/actu.fr\/tag\/christian-estrosi\" target=\"_blank\" rel=\"noopener\">Christian Estrosi<\/a> ambitionne de cr\u00e9er des \u00ab\u2009terrasses\u2009\u00bb sur les quais des Deux Emmanuels et Lunel du port Lympia de Nice. Concr\u00e8tement, l\u2019objectif est de mettre en place des zones avec des <strong>bancs et des chaises<\/strong> \u00e0 destination des pi\u00e9tons sur les deux quais. Des places assises qui seront ombrag\u00e9es gr\u00e2ce \u00e0 la plantation d\u2019arbres sur ce m\u00eame secteur.<\/p>\n<p>    <a href=\"https:\/\/www.google.com\/maps\/embed?pb=!1m18!1m12!1m3!1d11538.914516317707!2d7.274838772388265!3d43.69540480204811!2m3!1f0!2f0!3f0!3m2!1i1024!2i768!4f13.1!3m3!1m2!1s0x12cddab8ca5ed2d1%3A0x35d6e3ec8c9f63cb!2sPort%20Lympia!5e0!3m2!1sfr!2sfr!4v1766569778933!5m2!1sfr!2sfr\" title=\"Ouvrie le lien\" target=\"_blank\" rel=\"noopener\">Cliquez ici pour visualiser le contenu<\/a><\/p>\n<p class=\" wall-content\">\u00ab\u2009Oui, les quais seront apais\u00e9s, avec de belles terrasses, une vision assez proche de ce qui se fait \u00e0 Beaulieu et Saint-Jean-Cap-Ferrat\u2009\u00bb, a expliqu\u00e9 Christian Estrosi \u00e0<a href=\"https:\/\/nicepresse.com\/le-port-de-nice-embarque-pour-sa-nouvelle-vie-grande-place-et-quais-reamenages-centaines-darbres-promenades-ce-quil-faut-retenir-des-annonces\/\" target=\"_blank\" rel=\"noopener\"> Nice Presse<\/a> lors d\u2019une interview dans laquelle il a d\u00e9taill\u00e9 ses ambitions pour le quartier.<\/p>\n<p class=\" wall-content\">\n    <img   decoding=\"async\" loading=\"lazy\" src=\"https:\/\/www.europesays.com\/fr\/wp-content\/uploads\/2025\/12\/visuel-quai-emmanuels-nice-960x640.png\" alt=\"Voici \u00e0 quoi pourrait ressembler le quai des Deux Emmanuels\" width=\"960\" height=\"640\"\/><br \/>\n    Voici \u00e0 quoi pourrait ressembler le quai des Deux Emmanuels (\u00a9Mairie de Nice)<br \/>\n    <img   decoding=\"async\" loading=\"lazy\" src=\"https:\/\/www.europesays.com\/fr\/wp-content\/uploads\/2025\/12\/visuel-quai-lunel-nice-960x640.png\" alt=\"Voici \u00e0 quoi pourrait ressembler le quai Lunel.\" width=\"960\" height=\"640\"\/><br \/>\n    Voici \u00e0 quoi pourrait ressembler le quai Lunel. (\u00a9Mairie de Nice)<\/p>\n<p class=\" wall-content\">Les visuels pr\u00e9sent\u00e9s ci-dessus sont dat\u00e9s de 2022. Une source au sein de l\u2019\u00e9quipe de Christian Estrosi confirme que le quai des Deux Emmanuels ressemblera \u00e0 ce qui avait \u00e9t\u00e9 pr\u00e9sent\u00e9.<\/p>\n<p class=\" wall-content\">En revanche, pour le quai Lunel, les travaux ne pourront pas \u00eatre comme ceux pr\u00e9sent\u00e9s, en raison du <a href=\"https:\/\/actu.fr\/provence-alpes-cote-d-azur\/nice_06088\/nice-retour-du-double-sens-sur-rauba-capeu-c-est-stupide-fustige-une-association_63469707.html\" target=\"_blank\" rel=\"noopener\">retour du double sens pour les voitures<\/a>. \u00ab\u2009On ne pourra pas faire les am\u00e9nagements exactement comme pr\u00e9vu sur le quai Lunel tant que la piste cyclable sera sur le trottoir\u2009\u00bb, nous confie-t-on en interne.<\/p>\n<p>    <img   decoding=\"async\" loading=\"lazy\" src=\"https:\/\/www.europesays.com\/fr\/wp-content\/uploads\/2025\/12\/nice-quai-velo-960x640.png\" alt=\"Depuis le retour du double sens, la place accord\u00e9e aux pi\u00e9tons a \u00e9t\u00e9 drastiquement r\u00e9duite.\" width=\"960\" height=\"640\"\/><br \/>\n    Depuis le retour du double sens, la place accord\u00e9e aux pi\u00e9tons a \u00e9t\u00e9 drastiquement r\u00e9duite. (\u00a9Ugo Maillard \/ actu Nice)<\/p>\n<p>Votre r\u00e9gion, votre actu !<\/p>\n<p>Recevez chaque jour les infos qui comptent pour vous.<\/p>\n<p>\t<a href=\"https:\/\/actu.fr\/newsletter\" class=\"ac-btn ac-btn--corner ac-btn--medium ac-btn--blue800\" target=\"_blank\" rel=\"noopener\">S&rsquo;incrire<\/a><\/p>\n<p class=\" wall-content\">En ce qui concerne les terrasses des restaurateurs, elles resteront au m\u00eame endroit, soit, de l\u2019autre c\u00f4t\u00e9 de la route. \u00c0 noter que le chantier de v\u00e9g\u00e9talisation d\u2019Oc\u00e9anice est bien pr\u00e9vu pour janvier\u00a02026.<\/p>\n<p>Des voix se l\u00e8vent contre le projet<\/p>\n<p class=\" wall-content\">En r\u00e9ponse \u00e0 la remise au go\u00fbt du jour de ce projet de 2022, l\u2019Union maritime des Alpes-Maritimes a r\u00e9agi en tan\u00e7ant le maire en campagne\u2009: \u00ab\u2009Le projet d\u2019implantation de terrasses de restaurants sur le quai des Deux Emmanuels, qui empi\u00e8te sur les voies de circulation et compromet les acc\u00e8s op\u00e9rationnels au port de commerce, g\u00e9n\u00e9rant des risques majeurs en mati\u00e8re de s\u00fbret\u00e9 et de s\u00e9curit\u00e9, notamment dans la zone d\u2019embarquement ferries et d\u2019acheminement des cargaisons.\u2009\u00bb<\/p>\n<p class=\" wall-content\">Sollicit\u00e9es sur la suppression d\u2019une voie automobile d\u2019acc\u00e8s au port, les \u00e9quipes de campagne \u00e9lectorale de Christian Estrosi n\u2019ont pas r\u00e9pondu.<\/p>\n<p class=\" wall-content\"><a href=\"https:\/\/actu.fr\/tag\/eric-ciotti\" target=\"_blank\" rel=\"noopener\">\u00c9ric Ciotti<\/a>, annonc\u00e9 comme le principal opposant au maire sortant, a vivement critiqu\u00e9 ce projet de refonte du port dans les colonnes de Nice Presse, d\u00e9non\u00e7ant\u00a0des \u00ab\u00a0d\u00e9cisions improvis\u00e9es et non concert\u00e9es, qui imposent des contraintes absurdes et p\u00e9nalisantes aux professionnels comme aux habitants. Je demande l\u2019abandon imm\u00e9diat de ce projet dangereux.\u00a0\u00bb<\/p>\n<p>Les restaurateurs montent au cr\u00e9neau pour d\u00e9fendre Estrosi<\/p>\n<p class=\" wall-content\">Preuve que cette hypoth\u00e9tique transformation du port de Nice <strong>ne laisse pas indiff\u00e9rent<\/strong>, l\u2019association des commer\u00e7ants du port a comment\u00e9, par le biais d\u2019un communiqu\u00e9, la d\u00e9claration de l\u2019Union maritime en assurant que \u00ab\u2009les propositions du maire r\u00e9pondent donc aux attentes des habitants et des restaurateurs\u2009\u00bb.<\/p>\n<p>    <img   decoding=\"async\" loading=\"lazy\" src=\"https:\/\/www.europesays.com\/fr\/wp-content\/uploads\/2025\/12\/quai-deux-emmanuels-nice-960x640.png\" alt=\"Les restaurateurs d\u00e9fendent cette transformation.\" width=\"960\" height=\"640\"\/><br \/>\n    Les restaurateurs d\u00e9fendent cette transformation. (\u00a9Ugo Maillard \/ actu Nice)<\/p>\n<blockquote class=\"ac-article-quote wall-content\">\n<p>Lors de l\u2019enqu\u00eate publique men\u00e9e par la mission Port en 2023, la majorit\u00e9 des habitants du bassin Lympia souhaitait, en priorit\u00e9, des terrasses en bordure de quai et une pi\u00e9tonnisation et plus d\u2019animations <\/p>\n<p>    <strong>Association commer\u00e7ants du port de Nice<\/strong>\n            <\/p><\/blockquote>\n<p class=\" wall-content\">\u00ab\u00a0Ce qui est dangereux, c\u2019est la situation actuelle de ce quai o\u00f9 r\u00e8gne l\u2019anarchie dans le stationnement des camions, et leur vitesse excessive au milieu des pi\u00e9tons et des v\u00e9los\u2009\u00bb, assure l\u2019association qui regroupe notamment des restaurateurs.<\/p>\n<p class=\" wall-content\">Personnalisez votre actualit\u00e9 en ajoutant vos villes et m\u00e9dias en favori avec <a href=\"https:\/\/moncompte.actu.fr\" title=\"D\u00e9couvez Mon Actu\" rel=\"nofollow noopener\" data-trk=\"{&quot;cta&quot;:{&quot;action&quot;:&quot;https:\\\/\\\/moncompte.actu.fr&quot;,&quot;category&quot;:&quot;mon compte&quot;,&quot;from&quot;:&quot;article footer&quot;,&quot;name&quot;:&quot;Mon actu&quot;,&quot;type&quot;:&quot;cta&quot;}}\" target=\"_blank\">Mon Actu<\/a>.<\/p>\n","protected":false},"excerpt":{"rendered":"Par Ugo Maillard Publi\u00e9 le 24 d\u00e9c. 2025 \u00e0 15h28 ; mis \u00e0 jour le 24 d\u00e9c. 2025&hellip;\n","protected":false},"author":2,"featured_media":620029,"comment_status":"","ping_status":"","sticky":false,"template":"","format":"standard","meta":{"footnotes":""},"categories":[2819],"tags":[1111,11,2397,4188,1777,674,1011,27,3434,12,2401,316,882,25,2086],"class_list":{"0":"post-620028","1":"post","2":"type-post","3":"status-publish","4":"format-standard","5":"has-post-thumbnail","7":"category-nice","8":"tag-actu","9":"tag-actualites","10":"tag-christian-estrosi","11":"tag-elections-municipales","12":"tag-eu","13":"tag-europe","14":"tag-fr","15":"tag-france","16":"tag-municipales-2026","17":"tag-news","18":"tag-nice","19":"tag-politique","20":"tag-provence-alpes-cote-dazur","21":"tag-republique-francaise","22":"tag-travaux"},"share_on_mastodon":{"url":"https:\/\/pubeurope.com\/@fr\/115775063939684373","error":""},"_links":{"self":[{"href":"https:\/\/www.europesays.com\/fr\/wp-json\/wp\/v2\/posts\/620028","targetHints":{"allow":["GET"]}}],"collection":[{"href":"https:\/\/www.europesays.com\/fr\/wp-json\/wp\/v2\/posts"}],"about":[{"href":"https:\/\/www.europesays.com\/fr\/wp-json\/wp\/v2\/types\/post"}],"author":[{"embeddable":true,"href":"https:\/\/www.europesays.com\/fr\/wp-json\/wp\/v2\/users\/2"}],"replies":[{"embeddable":true,"href":"https:\/\/www.europesays.com\/fr\/wp-json\/wp\/v2\/comments?post=620028"}],"version-history":[{"count":0,"href":"https:\/\/www.europesays.com\/fr\/wp-json\/wp\/v2\/posts\/620028\/revisions"}],"wp:featuredmedia":[{"embeddable":true,"href":"https:\/\/www.europesays.com\/fr\/wp-json\/wp\/v2\/media\/620029"}],"wp:attachment":[{"href":"https:\/\/www.europesays.com\/fr\/wp-json\/wp\/v2\/media?parent=620028"}],"wp:term":[{"taxonomy":"category","embeddable":true,"href":"https:\/\/www.europesays.com\/fr\/wp-json\/wp\/v2\/categories?post=620028"},{"taxonomy":"post_tag","embeddable":true,"href":"https:\/\/www.europesays.com\/fr\/wp-json\/wp\/v2\/tags?post=620028"}],"curies":[{"name":"wp","href":"https:\/\/api.w.org\/{rel}","templated":true}]}}