{"id":620030,"date":"2025-12-24T14:41:14","date_gmt":"2025-12-24T14:41:14","guid":{"rendered":"https:\/\/www.europesays.com\/fr\/620030\/"},"modified":"2025-12-24T14:41:14","modified_gmt":"2025-12-24T14:41:14","slug":"elle-tente-de-prendre-lavion-avec-un-faux-passeport","status":"publish","type":"post","link":"https:\/\/www.europesays.com\/fr\/620030\/","title":{"rendered":"elle tente de prendre l\u2019avion avec un faux passeport"},"content":{"rendered":"<p>                    Par<br \/>\n        <strong><br \/>\n            <a href=\"https:\/\/actu.fr\/auteur\/gwendal-lepriellec\" title=\"Consulter tous les articles de Gwendal Le Priellec\" target=\"_blank\" rel=\"noopener\">Gwendal Le Priellec<\/a><br \/>\n                    <\/strong><\/p>\n<p>        Publi\u00e9 le<\/p>\n<p>            24 d\u00e9c. 2025 \u00e0 12h16        <\/p>\n<p>Une personne a \u00e9t\u00e9 <b>interpell\u00e9e <\/b>par la <b>Police <\/b>nationale \u00e0 l\u2019<b>a\u00e9roport de Nantes<\/b> (Loire-Atlantique), en pleine p\u00e9riode des f\u00eates de <b>No\u00ebl<\/b>.<\/p>\n<p>A\u00e9roport de Nantes\u2009: elle tente de prendre l\u2019avion avec un faux passeport<\/p>\n<p class=\" wall-content\">En effet, cette personne tentait de prendre un avion, mais avec un <b>faux passeport<\/b>. La <b>Police <\/b>nationale de Loire-Atlantique a annonc\u00e9 son <b>interpellation<\/b>\u00a0ce mercredi 24\u00a0d\u00e9cembre 2025.<\/p>\n<blockquote class=\"ac-article-quote wall-content\">\n<p>La police aux fronti\u00e8res effectue de nombreux contr\u00f4les \u00e0 l\u2019a\u00e9roport de Nantes pour lutter contre les trafics. Ils sont form\u00e9s en continu \u00e0 la d\u00e9tection de faux documents.<\/p>\n<p>Police nationale de Loire-Atlantique<\/p><\/blockquote>\n<p class=\" wall-content\">Ce qui leur a permis d\u2019interpeller une personne tentant d\u2019embarquer avec \u00ab\u2009un passeport contrefait\u2009\u00bb.<\/p>\n<p class=\" wall-content\">Personnalisez votre actualit\u00e9 en ajoutant vos villes et m\u00e9dias en favori avec <a href=\"https:\/\/moncompte.actu.fr\" title=\"D\u00e9couvez Mon Actu\" rel=\"nofollow noopener\" data-trk=\"{&quot;cta&quot;:{&quot;action&quot;:&quot;https:\\\/\\\/moncompte.actu.fr&quot;,&quot;category&quot;:&quot;mon compte&quot;,&quot;from&quot;:&quot;article footer&quot;,&quot;name&quot;:&quot;Mon actu&quot;,&quot;type&quot;:&quot;cta&quot;}}\" target=\"_blank\">Mon Actu<\/a>.<\/p>\n","protected":false},"excerpt":{"rendered":"Par Gwendal Le Priellec Publi\u00e9 le 24 d\u00e9c. 2025 \u00e0 12h16 Une personne a \u00e9t\u00e9 interpell\u00e9e par la&hellip;\n","protected":false},"author":2,"featured_media":620031,"comment_status":"","ping_status":"","sticky":false,"template":"","format":"standard","meta":{"footnotes":""},"categories":[2818],"tags":[1111,11,754,1777,674,118,1011,27,766,12,4391,2636,1072,25],"class_list":{"0":"post-620030","1":"post","2":"type-post","3":"status-publish","4":"format-standard","5":"has-post-thumbnail","7":"category-nantes","8":"tag-actu","9":"tag-actualites","10":"tag-aeroport-de-nantes","11":"tag-eu","12":"tag-europe","13":"tag-faits-divers","14":"tag-fr","15":"tag-france","16":"tag-nantes","17":"tag-news","18":"tag-passeport","19":"tag-pays-de-la-loire","20":"tag-police","21":"tag-republique-francaise"},"share_on_mastodon":{"url":"https:\/\/pubeurope.com\/@fr\/115775070886402953","error":""},"_links":{"self":[{"href":"https:\/\/www.europesays.com\/fr\/wp-json\/wp\/v2\/posts\/620030","targetHints":{"allow":["GET"]}}],"collection":[{"href":"https:\/\/www.europesays.com\/fr\/wp-json\/wp\/v2\/posts"}],"about":[{"href":"https:\/\/www.europesays.com\/fr\/wp-json\/wp\/v2\/types\/post"}],"author":[{"embeddable":true,"href":"https:\/\/www.europesays.com\/fr\/wp-json\/wp\/v2\/users\/2"}],"replies":[{"embeddable":true,"href":"https:\/\/www.europesays.com\/fr\/wp-json\/wp\/v2\/comments?post=620030"}],"version-history":[{"count":0,"href":"https:\/\/www.europesays.com\/fr\/wp-json\/wp\/v2\/posts\/620030\/revisions"}],"wp:featuredmedia":[{"embeddable":true,"href":"https:\/\/www.europesays.com\/fr\/wp-json\/wp\/v2\/media\/620031"}],"wp:attachment":[{"href":"https:\/\/www.europesays.com\/fr\/wp-json\/wp\/v2\/media?parent=620030"}],"wp:term":[{"taxonomy":"category","embeddable":true,"href":"https:\/\/www.europesays.com\/fr\/wp-json\/wp\/v2\/categories?post=620030"},{"taxonomy":"post_tag","embeddable":true,"href":"https:\/\/www.europesays.com\/fr\/wp-json\/wp\/v2\/tags?post=620030"}],"curies":[{"name":"wp","href":"https:\/\/api.w.org\/{rel}","templated":true}]}}