{"id":620032,"date":"2025-12-24T14:42:11","date_gmt":"2025-12-24T14:42:11","guid":{"rendered":"https:\/\/www.europesays.com\/fr\/620032\/"},"modified":"2025-12-24T14:42:11","modified_gmt":"2025-12-24T14:42:11","slug":"pres-de-nantes-un-grutier-de-25-ans-fait-une-chute-mortelle-sur-un-chantier","status":"publish","type":"post","link":"https:\/\/www.europesays.com\/fr\/620032\/","title":{"rendered":"pr\u00e8s de Nantes, un grutier de 25 ans fait une chute mortelle sur un chantier"},"content":{"rendered":"<p>Un jeune homme de 25\u00a0ans est mort en tombant de sa grue sur un chantier, lundi 22\u00a0d\u00e9cembre 2025, \u00e0 Bouguenais, pr\u00e8s de Nantes (<a target=\"_self\" href=\"https:\/\/www.lanouvellerepublique.fr\/loire-atlantique\" rel=\"noopener\">Loire-Atlantique<\/a>), rapporte <a target=\"_blank\" href=\"https:\/\/actu.fr\/pays-de-la-loire\/bouguenais_44020\/pres-de-nantes-un-homme-de-25-ans-est-mort-apres-une-chute-de-25-metres_63610045.html\" rel=\"noopener\">Actu Nantes<\/a>. Il se trouvait \u00e0 25 m\u00e8tres au-dessus du sol au moment de sa chute.<\/p>\n<p>L\u2019accident a eu lieu vers 8\u00a0h\u00a040, ce lundi. Arriv\u00e9s sur place, les secours n\u2019ont pu que constater le d\u00e9c\u00e8s du grutier. Selon les premiers \u00e9l\u00e9ments de l\u2019enqu\u00eate, il \u00e9tait en train de nettoyer la vitre de sa cabine quand il a bascul\u00e9 dans le vide, indique <a target=\"_blank\" href=\"https:\/\/www.francebleu.fr\/infos\/faits-divers-justice\/a-bouguenais-le-conducteur-d-une-grue-meurt-sur-un-chantier-apres-une-chute-de-25-metres-6579183\" rel=\"noopener\">ICI Loire Oc\u00e9an<\/a>. \u00ab\u00a0Elle s\u2019est bris\u00e9e \u00e0 cause d\u2019un choc avec une pi\u00e8ce m\u00e9tallique\u00a0\u00bb, a d\u00e9taill\u00e9 le parquet de Nantes cit\u00e9 par <a target=\"_blank\" href=\"https:\/\/www.ouest-france.fr\/faits-divers\/accidents\/un-jeune-grutier-decede-dans-une-chute-de-25-m-pres-de-nantes-982e49d4-df2b-11f0-ae25-7dba037201f1\" rel=\"noopener\">Ouest-France<\/a>.<\/p>\n<p>Troisi\u00e8me accident depuis le d\u00e9but du mois<\/p>\n<p>La gendarmerie de Rez\u00e9 a ouvert une enqu\u00eate pour \u00e9claircir les circonstances de l\u2019accident. L\u2019Inspection du travail s\u2019est rendue sur le chantier apr\u00e8s le drame. Le grutier \u00ab\u00a0\u00e9tait professionnel, avait toutes les comp\u00e9tences\u00a0\u00bb, a d\u00e9clar\u00e9 son patron, qui a \u00e9voqu\u00e9 \u00ab\u00a0une douleur immense\u00a0\u00bb.<\/p>\n<p>Il s\u2019agit du troisi\u00e8me accident du travail mortel sur un chantier depuis le d\u00e9but du mois de d\u00e9cembre dans l\u2019agglom\u00e9ration nantaise, souligne <a target=\"_blank\" href=\"https:\/\/www.ouest-france.fr\/faits-divers\/accidents\/un-grutier-perd-la-vie-pres-de-nantes-apres-une-chute-c8382e8a-df2e-11f0-84e2-922db77b2982\" rel=\"noopener\">Presse Oc\u00e9an<\/a>. Le 17\u00a0d\u00e9cembre dernier, un couvreur de 44\u00a0ans est d\u00e9c\u00e9d\u00e9 en chutant d\u2019un toit. Neuf jours plus t\u00f4t, <a target=\"_self\" href=\"https:\/\/www.lanouvellerepublique.fr\/loire-atlantique\/loire-atlantique-un-cordiste-de-53-ans-meurt-apres-une-chute-d-une-vingtaine-de-metres-une-enquete-ouverte-1765471193\" rel=\"noopener\">c\u2019est un cordiste qui avait perdu la vie<\/a> en tombant de 20 m\u00e8tres, alors qu\u2019il nettoyait les vitres d\u2019un b\u00e2timent.<\/p>\n","protected":false},"excerpt":{"rendered":"Un jeune homme de 25\u00a0ans est mort en tombant de sa grue sur un chantier, lundi 22\u00a0d\u00e9cembre 2025,&hellip;\n","protected":false},"author":2,"featured_media":620033,"comment_status":"","ping_status":"","sticky":false,"template":"","format":"standard","meta":{"footnotes":""},"categories":[2818],"tags":[1111,11,1674,1777,674,274,1011,27,3047,766,12,2636,25],"class_list":{"0":"post-620032","1":"post","2":"type-post","3":"status-publish","4":"format-standard","5":"has-post-thumbnail","7":"category-nantes","8":"tag-actu","9":"tag-actualites","10":"tag-communes","11":"tag-eu","12":"tag-europe","13":"tag-faits-divers-justice","14":"tag-fr","15":"tag-france","16":"tag-loire-atlantique","17":"tag-nantes","18":"tag-news","19":"tag-pays-de-la-loire","20":"tag-republique-francaise"},"share_on_mastodon":{"url":"https:\/\/pubeurope.com\/@fr\/115775075139110181","error":""},"_links":{"self":[{"href":"https:\/\/www.europesays.com\/fr\/wp-json\/wp\/v2\/posts\/620032","targetHints":{"allow":["GET"]}}],"collection":[{"href":"https:\/\/www.europesays.com\/fr\/wp-json\/wp\/v2\/posts"}],"about":[{"href":"https:\/\/www.europesays.com\/fr\/wp-json\/wp\/v2\/types\/post"}],"author":[{"embeddable":true,"href":"https:\/\/www.europesays.com\/fr\/wp-json\/wp\/v2\/users\/2"}],"replies":[{"embeddable":true,"href":"https:\/\/www.europesays.com\/fr\/wp-json\/wp\/v2\/comments?post=620032"}],"version-history":[{"count":0,"href":"https:\/\/www.europesays.com\/fr\/wp-json\/wp\/v2\/posts\/620032\/revisions"}],"wp:featuredmedia":[{"embeddable":true,"href":"https:\/\/www.europesays.com\/fr\/wp-json\/wp\/v2\/media\/620033"}],"wp:attachment":[{"href":"https:\/\/www.europesays.com\/fr\/wp-json\/wp\/v2\/media?parent=620032"}],"wp:term":[{"taxonomy":"category","embeddable":true,"href":"https:\/\/www.europesays.com\/fr\/wp-json\/wp\/v2\/categories?post=620032"},{"taxonomy":"post_tag","embeddable":true,"href":"https:\/\/www.europesays.com\/fr\/wp-json\/wp\/v2\/tags?post=620032"}],"curies":[{"name":"wp","href":"https:\/\/api.w.org\/{rel}","templated":true}]}}