{"id":620035,"date":"2025-12-24T14:44:12","date_gmt":"2025-12-24T14:44:12","guid":{"rendered":"https:\/\/www.europesays.com\/fr\/620035\/"},"modified":"2025-12-24T14:44:12","modified_gmt":"2025-12-24T14:44:12","slug":"cnews-va-diffuser-la-messe-de-noel-en-latin-dune-paroisse-bordelaise","status":"publish","type":"post","link":"https:\/\/www.europesays.com\/fr\/620035\/","title":{"rendered":"CNews va diffuser la messe de No\u00ebl en latin d\u2019une paroisse bordelaise"},"content":{"rendered":"<p>\n    Pour la premi\u00e8re fois de son histoire, CNews va diffuser ce mercredi soir en direct une veill\u00e9e et une messe de No\u00ebl c\u00e9l\u00e9br\u00e9es en latin, selon le rite de Saint Pie V. Un choix \u00e9ditorial qui fait figure d\u2019exception.<\/p>\n<p class=\"fig-paragraph\">La veill\u00e9e et la messe de la nuit de\u00a0<a href=\"http:\/\/www.lefigaro.fr\/international\/a-bethleem-le-noel-amer-des-palestiniens-chretiens-20251224\" data-fig-type=\"Article\" data-gtm-custom-categorie=\"navigation\" data-gtm-custom-action=\"crossclick\" data-gtm-custom-label=\"Contextuel\" data-gtm-event=\"customEventSPE\" data-fig-domain=\"LEFIGARO\" target=\"_blank\" rel=\"noopener\">No\u00ebl<\/a>\u00a0de l\u2019Institut du Bon Pasteur \u00e0 Bordeaux, qui seront c\u00e9l\u00e9br\u00e9es en l\u2019\u00e9glise Saint-\u00c9loi, doivent \u00eatre retransmises en direct par CNews ce mercredi 24 d\u00e9cembre, \u00e0 partir de 23 heures. Les offices diffus\u00e9s seront dits en latin, selon\u00a0<a href=\"http:\/\/www.lefigaro.fr\/actualite-france\/retrouver-le-sens-du-sacre-de-l-engagement-du-don-de-soi-les-raisons-du-succes-du-pelerinage-de-chartres-20250607\" data-fig-type=\"Article\" data-gtm-custom-categorie=\"navigation\" data-gtm-custom-action=\"crossclick\" data-gtm-custom-label=\"Contextuel\" data-gtm-event=\"customEventSPE\" data-fig-domain=\"LEFIGARO\" target=\"_blank\" rel=\"noopener\">le rite tridentin<\/a>\u00a0codifi\u00e9 par Saint Pie V \u00e0 la suite du concile de Trente. Une liturgie,\u00a0<a href=\"https:\/\/www.lefigaro.fr\/actualite-france\/liturgie-francois-veut-remettre-en-cause-le-motu-proprio-de-benoit-xvi-20210709\" data-fig-type=\"Article\" data-gtm-custom-categorie=\"navigation\" data-gtm-custom-action=\"crossclick\" data-gtm-custom-label=\"Contextuel\" data-gtm-event=\"customEventSPE\" data-fig-domain=\"LEFIGARO\" target=\"_blank\" rel=\"noopener\">lib\u00e9ralis\u00e9e par le pape Beno\u00eet XVI<\/a>, qui fait exception \u00e0 la messe en fran\u00e7ais \u00e9tablie par le pape Paul VI lors du concile Vatican II et promulgu\u00e9e en avril 1969. Le pape Fran\u00e7ois, lui,\u00a0<a href=\"http:\/\/www.lefigaro.fr\/actualite-france\/leon-xiv-a-t-il-vraiment-fait-un-pas-en-direction-des-traditionalistes-20251026\" data-fig-type=\"Article\" data-gtm-custom-categorie=\"navigation\" data-gtm-custom-action=\"crossclick\" data-gtm-custom-label=\"Contextuel\" data-gtm-event=\"customEventSPE\" data-fig-domain=\"LEFIGARO\" target=\"_blank\" rel=\"noopener\">a restreint l\u2019usage de ce rite<\/a>\u00a0\u00e0 l\u2019approbation stricte des \u00e9v\u00eaques dans sa lettre Traditionis Custodes, en 2021.<\/p>\n<p class=\"fig-paragraph\">Pour la frange traditionaliste de l\u2019\u00c9glise catholique, cette diffusion de la messe de No\u00ebl c\u00e9l\u00e9br\u00e9e par l\u2019Institut du Bon pasteur est un \u00e9v\u00e9nement. \u00abC\u2019est la premi\u00e8re fois que CNews diffuse une messe en latin paroissiale, traditionnelle et familiale pour No\u00ebl. C\u2019est la seule du PAF (paysage audiovisuel fran\u00e7ais, NDLR), et elle va permettre d\u2019inclure tous les catholiques qui ne peuvent pas se d\u00e9placer pour y assister\u00bb, se r\u00e9jouit l\u2019abb\u00e9 Gr\u00e9gory Lutz-Wiest. Pour le cur\u00e9 de Saint-\u00c9loi, cette retransmission en direct est un symbole fort pour l\u2019unit\u00e9 des catholiques de France. \u00abIl s\u2019agit d\u2019un beau moyen de faire conna\u00eetre le rite tridentin et de montrer que les fid\u00e8les traditionnels sont membres \u00e0 part enti\u00e8re de l\u2019\u00c9glise catholique. Nous avons aussi vocation \u00e0 \u00e9vang\u00e9liser\u00bb, explique le pr\u00eatre. La messe du jour de No\u00ebl, jeudi 25 d\u00e9cembre sur CNews, elle, sera retransmise depuis le Vatican, o\u00f9 elle doit \u00eatre c\u00e9l\u00e9br\u00e9e\u00a0<a href=\"http:\/\/www.lefigaro.fr\/actualite-france\/leon-xiv-a-t-il-vraiment-fait-un-pas-en-direction-des-traditionalistes-20251026\" data-fig-type=\"Article\" data-gtm-custom-categorie=\"navigation\" data-gtm-custom-action=\"crossclick\" data-gtm-custom-label=\"Contextuel\" data-gtm-event=\"customEventSPE\" data-fig-domain=\"LEFIGARO\" target=\"_blank\" rel=\"noopener\">par le pape L\u00e9on XIV<\/a>.<\/p>\n<p class=\"fig-body-link\">\n            \u00c0 lire aussi<br \/>\n        <a class=\"fig-body-link__link fig-premium-mark\" href=\"http:\/\/www.lefigaro.fr\/actualite-france\/retrouver-le-sens-du-sacre-de-l-engagement-du-don-de-soi-les-raisons-du-succes-du-pelerinage-de-chartres-20250607\" data-fig-type=\"Article\" data-gtm-custom-categorie=\"navigation\" data-gtm-custom-action=\"crossclick\" data-gtm-custom-label=\"Contextuel\" data-gtm-event=\"customEventSPE\" data-fig-domain=\"LEFIGARO\" target=\"_blank\" rel=\"noopener\"><\/p>\n<p>        \u00abRetrouver le sens du sacr\u00e9, de l\u2019engagement, du don de soi\u00bb\u00a0: les raisons du succ\u00e8s du p\u00e8lerinage de Chartres<br \/>\n    <\/a>\n<\/p>\n<p>                                            <a class=\"fig-a11y-skip\" href=\"#fig-a11y-skip-main-inarticle\" data-module=\"a11y-skip\" data-context=\"was @visible\"><br \/>\n    Passer la publicit\u00e9<br \/>\n<\/a>            <\/p>\n<p class=\"fig-paragraph\">Ce choix \u00e9ditorial de l\u2019\u00e9mission En qu\u00eate d\u2019esprit, qui a refus\u00e9 de r\u00e9pondre \u00e0 nos questions, pourrait s\u2019expliquer par le regain d\u2019int\u00e9r\u00eat que suscite le rite tridentin en France. Preuve en est l\u2019explosion, ces derni\u00e8res ann\u00e9es, du nombre de participants au\u00a0<a href=\"http:\/\/www.lefigaro.fr\/actualite-france\/retrouver-le-sens-du-sacre-de-l-engagement-du-don-de-soi-les-raisons-du-succes-du-pelerinage-de-chartres-20250607\" data-fig-type=\"Article\" data-gtm-custom-categorie=\"navigation\" data-gtm-custom-action=\"crossclick\" data-gtm-custom-label=\"Contextuel\" data-gtm-event=\"customEventSPE\" data-fig-domain=\"LEFIGARO\" target=\"_blank\" rel=\"noopener\">p\u00e8lerinage de Chartres, au d\u00e9part de Paris<\/a>, lors du week-end de Pentec\u00f4te. En 2025, ce sont pr\u00e8s de 20.000 p\u00e8lerins catholiques qui\u00a0<a href=\"http:\/\/www.lefigaro.fr\/actualite-france\/rumeurs-et-tensions-autour-des-messes-en-latin-20241212\" data-fig-type=\"Article\" data-gtm-custom-categorie=\"navigation\" data-gtm-custom-action=\"crossclick\" data-gtm-custom-label=\"Contextuel\" data-gtm-event=\"customEventSPE\" data-fig-domain=\"LEFIGARO\" target=\"_blank\" rel=\"noopener\">ont ainsi sillonn\u00e9 les routes<\/a>\u00a0\u00e0 cette occasion. \u00abLe rite tridentin s\u00e9duit de plus en plus de jeunes en France, qui cherchent des r\u00e9ponses aux questions existentielles qu\u2019ils se posent. La sacralit\u00e9 de la liturgie traditionnelle les touche et la simplicit\u00e9 d\u2019acc\u00e8s de son cat\u00e9chisme les convainc\u00bb, veut croire l\u2019abb\u00e9 Gr\u00e9gory Lutz-Wiest pour expliquer ce dynamisme. Qu\u2019ils soient fid\u00e8les de la messe en latin ou non, tous les chr\u00e9tiens, en ce jour de No\u00ebl, seront unis pour c\u00e9l\u00e9brer la naissance du Christ.<\/p>\n","protected":false},"excerpt":{"rendered":"Pour la premi\u00e8re fois de son histoire, CNews va diffuser ce mercredi soir en direct une veill\u00e9e et&hellip;\n","protected":false},"author":2,"featured_media":620036,"comment_status":"","ping_status":"","sticky":false,"template":"","format":"standard","meta":{"footnotes":""},"categories":[2817],"tags":[1111,11,1997,9722,1777,674,1011,27,13600,12,15830,2219,25,20348],"class_list":{"0":"post-620035","1":"post","2":"type-post","3":"status-publish","4":"format-standard","5":"has-post-thumbnail","7":"category-bordeaux","8":"tag-actu","9":"tag-actualites","10":"tag-bordeaux","11":"tag-cnews","12":"tag-eu","13":"tag-europe","14":"tag-fr","15":"tag-france","16":"tag-messe","17":"tag-news","18":"tag-noel","19":"tag-nouvelle-aquitaine","20":"tag-republique-francaise","21":"tag-tradition"},"share_on_mastodon":{"url":"https:\/\/pubeurope.com\/@fr\/115775082570610650","error":""},"_links":{"self":[{"href":"https:\/\/www.europesays.com\/fr\/wp-json\/wp\/v2\/posts\/620035","targetHints":{"allow":["GET"]}}],"collection":[{"href":"https:\/\/www.europesays.com\/fr\/wp-json\/wp\/v2\/posts"}],"about":[{"href":"https:\/\/www.europesays.com\/fr\/wp-json\/wp\/v2\/types\/post"}],"author":[{"embeddable":true,"href":"https:\/\/www.europesays.com\/fr\/wp-json\/wp\/v2\/users\/2"}],"replies":[{"embeddable":true,"href":"https:\/\/www.europesays.com\/fr\/wp-json\/wp\/v2\/comments?post=620035"}],"version-history":[{"count":0,"href":"https:\/\/www.europesays.com\/fr\/wp-json\/wp\/v2\/posts\/620035\/revisions"}],"wp:featuredmedia":[{"embeddable":true,"href":"https:\/\/www.europesays.com\/fr\/wp-json\/wp\/v2\/media\/620036"}],"wp:attachment":[{"href":"https:\/\/www.europesays.com\/fr\/wp-json\/wp\/v2\/media?parent=620035"}],"wp:term":[{"taxonomy":"category","embeddable":true,"href":"https:\/\/www.europesays.com\/fr\/wp-json\/wp\/v2\/categories?post=620035"},{"taxonomy":"post_tag","embeddable":true,"href":"https:\/\/www.europesays.com\/fr\/wp-json\/wp\/v2\/tags?post=620035"}],"curies":[{"name":"wp","href":"https:\/\/api.w.org\/{rel}","templated":true}]}}