{"id":620037,"date":"2025-12-24T14:45:22","date_gmt":"2025-12-24T14:45:22","guid":{"rendered":"https:\/\/www.europesays.com\/fr\/620037\/"},"modified":"2025-12-24T14:45:22","modified_gmt":"2025-12-24T14:45:22","slug":"municipales-2026-a-toulouse-veolia-se-permet-dinterferer-dans-la-campagne-francois-piquemal-sindigne-de-lintervention-du-geant-mondial-de-leau","status":"publish","type":"post","link":"https:\/\/www.europesays.com\/fr\/620037\/","title":{"rendered":"Municipales 2026 \u00e0 Toulouse. \u00ab\u00a0Veolia se permet d\u2019interf\u00e9rer dans la campagne\u00a0\u00bb\u00a0: Fran\u00e7ois Piquemal s\u2019indigne de l\u2019intervention du g\u00e9ant mondial de l\u2019eau"},"content":{"rendered":"<p>\n                                                                    l&rsquo;essentiel<br \/>\n                                                                Apr\u00e8s les propos du candidat Insoumis aux municipales de Toulouse, Fran\u00e7ois Piquemal, qui veut instaurer une r\u00e9gie publique de l\u2019eau, Veolia, le gestionnaire pour la M\u00e9tropole, a r\u00e9agi en vantant sa capacit\u00e9 \u00e0 investir plus efficacement.\n                            <\/p>\n<p>Un invit\u00e9 surprise a fait irruption dans la campagne des municipales de Toulouse ce mardi 23\u00a0d\u00e9cembre. Veolia France, qui, dans la m\u00e9tropole, est le gestionnaire, par d\u00e9l\u00e9gation, de la production et distribution de l\u2019eau potable, a r\u00e9agi au r\u00e9cent point presse du candidat Insoumis Fran\u00e7ois Piquemal.<\/p>\n<p>Vendredi, le candidat, accompagn\u00e9 du d\u00e9put\u00e9 Hadrien Clouet, et de plusieurs de ses soutiens, a mis en avant ses promesses destin\u00e9es \u00e0 am\u00e9liorer le pouvoir d\u2019achat des Toulousains. Parmi celles-ci, l\u2019instauration d\u2019une r\u00e9gie publique de l\u2019eau potable et d\u2019une tarification sociale (li\u00e9e au revenu des foyers).<\/p>\n<p>        <img decoding=\"async\" class=\"std-img__img responsive-img\" src=\"https:\/\/www.europesays.com\/fr\/wp-content\/uploads\/2025\/12\/1766587521_641_image.jpg\" alt=\"Fran\u00e7ois Piquemal (au centre) et le d\u00e9put\u00e9 Hadrien Clouet (\u00e0 droite) avec des militants vendredi lors du point presse sur le pouvoir d\u2019achat.\"\/><\/p>\n<p>                Fran\u00e7ois Piquemal (au centre) et le d\u00e9put\u00e9 Hadrien Clouet (\u00e0 droite) avec des militants vendredi lors du point presse sur le pouvoir d\u2019achat.<\/p>\n<p>Cible r\u00e9guli\u00e8re de toute la gauche, Veolia France affirme ce que la majorit\u00e9 de Jean-Luc Moudenc a par ailleurs plusieurs fois avanc\u00e9\u00a0: \u00ab\u00a0\u00e0 la diff\u00e9rence d\u2019une r\u00e9gie, Veolia peut investir et innover avec des solutions in\u00e9gal\u00e9es pour la performance et la sobri\u00e9t\u00e9.\u00a0\u00bb Le g\u00e9ant fran\u00e7ais de l\u2019eau cite ainsi en exemple ses investissements dans le r\u00e9seau toulousain\u00a0: \u00ab\u00a02\u00a0500 capteurs sur 3\u00a0400\u00a0km de canalisations\u00a0\u00bb pour d\u00e9tecter les fuites, \u00ab\u00a0un centre de pilotage\u00a0\u00bb et \u00ab\u00a0des compteurs intelligents\u00a0\u00bb, une eau \u00ab\u00a0100\u00a0% conforme et des usines modernis\u00e9es\u00a0\u00bb.<\/p>\n<p>Le prix de l\u2019eau l\u2019\u00e9t\u00e9<\/p>\n<p>Veolia vante au passage une mesure mise en place depuis deux \u00e9t\u00e9s par Jean-Luc Moudenc, pr\u00e9sident de la M\u00e9tropole, et combattue par la gauche\u00a0: le tarif saisonnier de l\u2019eau qui augmente l\u2019\u00e9t\u00e9 et baisse l\u2019hiver pour inciter aux \u00e9conomies quand la ressource est rare. \u00ab\u00a0La tarification saisonni\u00e8re r\u00e9concilie \u00e9cologie et pouvoir d\u2019achat avec 800\u00a0000 m\u00b3 \u00e9conomis\u00e9s en un an.\u00a0\u00bb Tous les groupes d\u2019opposition de la m\u00e9tropole, les Insoumis et citoyens, les \u00c9cologistes et le PCF, rejoints par le PS, jugent, eux, la mesure antisociale. La modification du contrat s\u2019est par ailleurs traduite par une somme mise en r\u00e9serve \u00e0 la M\u00e9tropole que ces opposants consid\u00e8rent comme une cagnotte au profit de l\u2019entreprise.<\/p>\n<p>La r\u00e9action de Fran\u00e7ois Piquemal ne s\u2019est pas fait attendre. \u00ab\u00a0Veolia se permet d\u2019interf\u00e9rer dans la campagne municipale toulousaine\u00a0\u00bb, d\u00e9plore-t-il en promettant \u00e0 nouveau le passage de l\u2019eau en gestion publique. Et \u00ab\u00a0la fin de l\u2019impunit\u00e9 pour certains sur le dos des Toulousains\u00a0\u00bb. L\u2019intervention de Veolia a \u00e9galement soulev\u00e9 l\u2019indignation chez les soutiens du candidat.<\/p>\n<p>Ce n\u2019est pas la premi\u00e8re fois que Veolia s\u2019exprime ainsi. En ao\u00fbt, le groupe avait d\u00e9nonc\u00e9 des propos des Insoumis et d\u2019Archipel Citoyen concernant la sinc\u00e9rit\u00e9 de ses comptes.<\/p>\n","protected":false},"excerpt":{"rendered":"l&rsquo;essentiel Apr\u00e8s les propos du candidat Insoumis aux municipales de Toulouse, Fran\u00e7ois Piquemal, qui veut instaurer une r\u00e9gie&hellip;\n","protected":false},"author":2,"featured_media":620038,"comment_status":"","ping_status":"","sticky":false,"template":"","format":"standard","meta":{"footnotes":""},"categories":[2816],"tags":[1111,11,1777,674,1011,27,329,2722,3434,12,2680,316,25,2312,37919],"class_list":{"0":"post-620037","1":"post","2":"type-post","3":"status-publish","4":"format-standard","5":"has-post-thumbnail","7":"category-toulouse","8":"tag-actu","9":"tag-actualites","10":"tag-eu","11":"tag-europe","12":"tag-fr","13":"tag-france","14":"tag-france-monde","15":"tag-haute-garonne","16":"tag-municipales-2026","17":"tag-news","18":"tag-occitanie","19":"tag-politique","20":"tag-republique-francaise","21":"tag-toulouse","22":"tag-u00c9lections"},"share_on_mastodon":{"url":"https:\/\/pubeurope.com\/@fr\/115775087841754149","error":""},"_links":{"self":[{"href":"https:\/\/www.europesays.com\/fr\/wp-json\/wp\/v2\/posts\/620037","targetHints":{"allow":["GET"]}}],"collection":[{"href":"https:\/\/www.europesays.com\/fr\/wp-json\/wp\/v2\/posts"}],"about":[{"href":"https:\/\/www.europesays.com\/fr\/wp-json\/wp\/v2\/types\/post"}],"author":[{"embeddable":true,"href":"https:\/\/www.europesays.com\/fr\/wp-json\/wp\/v2\/users\/2"}],"replies":[{"embeddable":true,"href":"https:\/\/www.europesays.com\/fr\/wp-json\/wp\/v2\/comments?post=620037"}],"version-history":[{"count":0,"href":"https:\/\/www.europesays.com\/fr\/wp-json\/wp\/v2\/posts\/620037\/revisions"}],"wp:featuredmedia":[{"embeddable":true,"href":"https:\/\/www.europesays.com\/fr\/wp-json\/wp\/v2\/media\/620038"}],"wp:attachment":[{"href":"https:\/\/www.europesays.com\/fr\/wp-json\/wp\/v2\/media?parent=620037"}],"wp:term":[{"taxonomy":"category","embeddable":true,"href":"https:\/\/www.europesays.com\/fr\/wp-json\/wp\/v2\/categories?post=620037"},{"taxonomy":"post_tag","embeddable":true,"href":"https:\/\/www.europesays.com\/fr\/wp-json\/wp\/v2\/tags?post=620037"}],"curies":[{"name":"wp","href":"https:\/\/api.w.org\/{rel}","templated":true}]}}