{"id":620039,"date":"2025-12-24T14:46:11","date_gmt":"2025-12-24T14:46:11","guid":{"rendered":"https:\/\/www.europesays.com\/fr\/620039\/"},"modified":"2025-12-24T14:46:11","modified_gmt":"2025-12-24T14:46:11","slug":"nos-idees-de-sorties-a-faire-a-toulouse-le-25-decembre","status":"publish","type":"post","link":"https:\/\/www.europesays.com\/fr\/620039\/","title":{"rendered":"nos id\u00e9es de sorties \u00e0 faire \u00e0 Toulouse le 25 d\u00e9cembre"},"content":{"rendered":"<p>                    Par<br \/>\n        <strong><br \/>\n            <a href=\"https:\/\/actu.fr\/auteur\/magali-vogel\" title=\"Consulter tous les articles de Magali Vogel\" target=\"_blank\" rel=\"noopener\">Magali Vogel<\/a><br \/>\n                    <\/strong><\/p>\n<p>        Publi\u00e9 le<\/p>\n<p>            24 d\u00e9c. 2025 \u00e0 14h48        <\/p>\n<p>Les cadeaux sont ouverts, le repas gargantuesque du r\u00e9veillon aussi. En ce 25 d\u00e9cembre 2025, si aucun repas trop long n\u2019est pr\u00e9vu, il sera<a href=\"https:\/\/actu.fr\/occitanie\/toulouse_31555\/toulouse-nos-idees-pour-occuper-les-enfants-pendant-les-vacances-de-noel-sans-se-ruiner_63616029.html\" target=\"_blank\" rel=\"noopener\"><strong>\u00a0possible de profiter de quelques sorties \u00e0 Toulouse<\/strong><\/a>. Que ce soit juste le temps d\u2019une balade ou d\u2019un film, ce jour f\u00e9rie offre de nombreuses possibilit\u00e9s.<\/p>\n<p>Les sorties en plein air<\/p>\n<p class=\" wall-content\">M\u00eame par temps gris, <strong>Toulouse se pr\u00eate parfaitement aux balades en ext\u00e9rieur<\/strong>. Que ce soit le long du canal du Midi ou sur les rives de la Garonne, rien de tel qu\u2019une promenade digestive pour \u00e9vacuer l\u2019exc\u00e8s de foie gras de la veille.<\/p>\n<p class=\" wall-content\">Pour ceux qui recherchent une marche plus longue et un soup\u00e7on d\u2019aventure, direction les <strong>for\u00eats de Bouconne ou de Buzet<\/strong>, o\u00f9 nature et tranquillit\u00e9 se m\u00ealent pour une escapade ressour\u00e7ante. En poussant un peu plus loin vers Revel, le bassin de Saint-Ferr\u00e9ol permettra une pause au c\u0153ur de la Montagne noire.<\/p>\n<p class=\" wall-content\">Regardez la m\u00e9t\u00e9o avant de sortir, de<a href=\"https:\/\/actu.fr\/occitanie\/saint-gaudens_31483\/il-pourrait-neiger-jusqu-en-plaine-en-haute-garonne-pour-noel-voici-les-secteurs-concernes_63619093.html\" target=\"_blank\" rel=\"noopener\"> la neige est annonc\u00e9e en pleine en Haute-Garonne.<\/a><\/p>\n<p>Les messes de No\u00ebl<\/p>\n<p class=\" wall-content\">Croyants ou pas,<strong> les messes de No\u00ebl<\/strong> sont un bon moyen de s\u2019apaiser et de communier avec son prochain en ces f\u00eates de fin d\u2019ann\u00e9e. Le jour de No\u00ebl,<strong> plusieurs messes sont c\u00e9l\u00e9br\u00e9es<\/strong> en la Basilique Saint-Sernin. Il y a des offices \u00e0 9 heures, 10h30, \u00e0 12 heures et 18h30. L\u2019\u00c9glise Saint-Hilaire, quartier des Chalets, c\u00e9l\u00e8bre aussi une messe \u00e0 10h30. En l\u2019\u00e9glise de Saint-Jean-Marie-Vianney, \u00e0 Lalande, l\u2019office est \u00e0 10 heures. Du c\u00f4t\u00e9 de l\u2019\u00e9glise de Saint-Fran\u00e7ois de Paule, aux Minimes, la messe est \u00e0 10h30.<\/p>\n<p>Une sortie au cin\u00e9ma\u00a0<\/p>\n<p class=\" wall-content\">Passer quelques heures dans <strong>une salle obscure<\/strong> est une excellente id\u00e9e pour profiter d\u2019une apr\u00e8s-midi cosy en ce 25 d\u00e9cembre. Bonne nouvelle : <strong>de nombreux cin\u00e9mas restent ouverts malgr\u00e9 le jour f\u00e9ri\u00e9.<\/strong><\/p>\n<p>Votre r\u00e9gion, votre actu !<\/p>\n<p>Recevez chaque jour les infos qui comptent pour vous.<\/p>\n<p>\t<a href=\"https:\/\/actu.fr\/newsletter\" class=\"ac-btn ac-btn--corner ac-btn--medium ac-btn--blue800\" target=\"_blank\" rel=\"noopener\">S&rsquo;incrire<\/a><\/p>\n<p class=\" wall-content\">Par exemple, le cin\u00e9ma <a href=\"https:\/\/cartoucherie.veocinemas.fr\/\" target=\"_blank\" rel=\"noopener\">Veo de la Cartoucherie<\/a> propose des s\u00e9ances tout au long de la journ\u00e9e. Du c\u00f4t\u00e9 du <a href=\"https:\/\/kinepolis.fr\/?complex=KFEN&amp;main_section=tous+les+films\" target=\"_blank\" rel=\"noopener\">Kin\u00e9polis de Fenouillet<\/a>, les spectateurs pourront d\u00e9couvrir Avatar : De feu et de cendres, sorti ce mercredi 24 d\u00e9cembre.<\/p>\n<p class=\" wall-content\">Les plus jeunes ne sont pas oubli\u00e9s avec l\u2019arriv\u00e9e sur grand \u00e9cran de Bob l\u2019\u00e9ponge \u2013 Le film : Un pour tous, tous pirates !. Enfin, en plein centre-ville, <a href=\"https:\/\/www.pathe.fr\/cinemas\/cinema-pathe-wilson\/filters\/date-2025-12-25\" target=\"_blank\" rel=\"noopener\">le Path\u00e9 Wilson<\/a> affiche La Femme de m\u00e9nage, adaptation de la c\u00e9l\u00e8bre trilogie \u00e0 succ\u00e8s du m\u00eame nom.<\/p>\n<p>Le march\u00e9 de Noel vit ses derni\u00e8res heures<\/p>\n<p class=\" wall-content\">Vin chaud, patates au four, man\u00e8ge, patinoire\u2026 Il est temps de profiter <strong>des derniers moments du march\u00e9 de No\u00ebl<\/strong>, de la place du Capitole. En effet, ce petit village \u00e9ph\u00e9m\u00e8re fermera ses portes le dimanche 28 d\u00e9cembre. Les stands et les chalets seront ouverts le 25 d\u00e9cembre de 14 heures \u00e0 21 heures.<\/p>\n<p class=\" wall-content\">Personnalisez votre actualit\u00e9 en ajoutant vos villes et m\u00e9dias en favori avec <a href=\"https:\/\/moncompte.actu.fr\" title=\"D\u00e9couvez Mon Actu\" rel=\"nofollow noopener\" data-trk=\"{&quot;cta&quot;:{&quot;action&quot;:&quot;https:\\\/\\\/moncompte.actu.fr&quot;,&quot;category&quot;:&quot;mon compte&quot;,&quot;from&quot;:&quot;article footer&quot;,&quot;name&quot;:&quot;Mon actu&quot;,&quot;type&quot;:&quot;cta&quot;}}\" target=\"_blank\">Mon Actu<\/a>.<\/p>\n","protected":false},"excerpt":{"rendered":"Par Magali Vogel Publi\u00e9 le 24 d\u00e9c. 2025 \u00e0 14h48 Les cadeaux sont ouverts, le repas gargantuesque du&hellip;\n","protected":false},"author":2,"featured_media":620040,"comment_status":"","ping_status":"","sticky":false,"template":"","format":"standard","meta":{"footnotes":""},"categories":[2816],"tags":[1111,11,1777,674,1011,27,12,2680,25,104,1341,2312],"class_list":{"0":"post-620039","1":"post","2":"type-post","3":"status-publish","4":"format-standard","5":"has-post-thumbnail","7":"category-toulouse","8":"tag-actu","9":"tag-actualites","10":"tag-eu","11":"tag-europe","12":"tag-fr","13":"tag-france","14":"tag-news","15":"tag-occitanie","16":"tag-republique-francaise","17":"tag-societe","18":"tag-sortir-a-toulouse","19":"tag-toulouse"},"share_on_mastodon":{"url":"https:\/\/pubeurope.com\/@fr\/115775092108378927","error":""},"_links":{"self":[{"href":"https:\/\/www.europesays.com\/fr\/wp-json\/wp\/v2\/posts\/620039","targetHints":{"allow":["GET"]}}],"collection":[{"href":"https:\/\/www.europesays.com\/fr\/wp-json\/wp\/v2\/posts"}],"about":[{"href":"https:\/\/www.europesays.com\/fr\/wp-json\/wp\/v2\/types\/post"}],"author":[{"embeddable":true,"href":"https:\/\/www.europesays.com\/fr\/wp-json\/wp\/v2\/users\/2"}],"replies":[{"embeddable":true,"href":"https:\/\/www.europesays.com\/fr\/wp-json\/wp\/v2\/comments?post=620039"}],"version-history":[{"count":0,"href":"https:\/\/www.europesays.com\/fr\/wp-json\/wp\/v2\/posts\/620039\/revisions"}],"wp:featuredmedia":[{"embeddable":true,"href":"https:\/\/www.europesays.com\/fr\/wp-json\/wp\/v2\/media\/620040"}],"wp:attachment":[{"href":"https:\/\/www.europesays.com\/fr\/wp-json\/wp\/v2\/media?parent=620039"}],"wp:term":[{"taxonomy":"category","embeddable":true,"href":"https:\/\/www.europesays.com\/fr\/wp-json\/wp\/v2\/categories?post=620039"},{"taxonomy":"post_tag","embeddable":true,"href":"https:\/\/www.europesays.com\/fr\/wp-json\/wp\/v2\/tags?post=620039"}],"curies":[{"name":"wp","href":"https:\/\/api.w.org\/{rel}","templated":true}]}}