{"id":620043,"date":"2025-12-24T14:49:16","date_gmt":"2025-12-24T14:49:16","guid":{"rendered":"https:\/\/www.europesays.com\/fr\/620043\/"},"modified":"2025-12-24T14:49:16","modified_gmt":"2025-12-24T14:49:16","slug":"blessee-par-la-chute-dune-voyageuse-a-laeroport-de-lille-une-passagere-lance-un-appel-a-temoins","status":"publish","type":"post","link":"https:\/\/www.europesays.com\/fr\/620043\/","title":{"rendered":"Bless\u00e9e par la chute d\u2019une voyageuse \u00e0 l\u2019a\u00e9roport de Lille, une passag\u00e8re lance un appel \u00e0 t\u00e9moins"},"content":{"rendered":"<p>Bless\u00e9e dans les escalators de l\u2019a\u00e9roport de Lille (<a target=\"_self\" href=\"https:\/\/www.lanouvellerepublique.fr\/nord\" rel=\"noopener\">Nord<\/a>), une voyageuse belge a lanc\u00e9 un appel \u00e0 t\u00e9moins. Une femme lui est tomb\u00e9e dessus et lui a provoqu\u00e9 des l\u00e9sions au genou, rapporte <a target=\"_blank\" href=\"https:\/\/www.7sur7.be\/faits-divers\/une-belge-gravement-blessee-a-laeroport-de-lille-sur-le-tarmac-nous-ne-sommes-pas-responsables~a7b954eb\/?referrer=https%3A%2F%2Fwww.ledauphine.com%2F&amp;slug_rd=1\" rel=\"noopener\">7 sur 7<\/a>.<\/p>\n<p>L\u2019accident a eu lieu le 18\u00a0octobre 2025, alors que la retrait\u00e9e rentrait d\u2019un voyage \u00e0 l\u2019\u00e9tranger. \u00ab\u00a0\u00c0 l\u2019entr\u00e9e de l\u2019escalator se trouvait une dame plus \u00e2g\u00e9e, tr\u00e8s press\u00e9e, qui avait pris le m\u00eame vol. Je l\u2019ai laiss\u00e9e passer devant moi\u00a0\u00bb, explique-t-elle. Cette derni\u00e8re a malheureusement perdu l\u2019\u00e9quilibre et est tomb\u00e9e sur la voyageuse belge, la blessant gri\u00e8vement.<\/p>\n<p>D\u00e9j\u00e0 700\u00a0euros de frais m\u00e9dicaux<\/p>\n<p>Deux mois apr\u00e8s cette chute, la victime se retrouve avec pr\u00e8s de 700\u00a0euros de frais m\u00e9dicaux \u00e0 payer\u00a0; un montant qui pourrait encore augmenter. Elle a essay\u00e9 tant bien que mal de se faire rembourser ce que sa mutuelle ne prenait pas en charge, mais elle s\u2019est heurt\u00e9e \u00e0 un mur. En effet, ni le prestataire au sol, ni l\u2019a\u00e9roport ne se consid\u00e8rent comme fautifs et imputent la responsabilit\u00e9 \u00e0 la passag\u00e8re qui a chut\u00e9.<\/p>\n<p>Cependant, cette derni\u00e8re a disparu avant que la victime ne puisse prendre ses coordonn\u00e9es. Malgr\u00e9 ses demandes, la voyageuse belge n\u2019a pas pu acc\u00e9der aux images de vid\u00e9osurveillance et \u00e0 la liste des passagers de son vol. Elle a donc lanc\u00e9 un appel \u00e0 t\u00e9moins via les m\u00e9dias. Cela pourrait ne servir \u00e0 rien, car si la responsable n\u2019a pas d\u2019assurance, les frais reviendront quand m\u00eame \u00e0 la victime.<\/p>\n","protected":false},"excerpt":{"rendered":"Bless\u00e9e dans les escalators de l\u2019a\u00e9roport de Lille (Nord), une voyageuse belge a lanc\u00e9 un appel \u00e0 t\u00e9moins.&hellip;\n","protected":false},"author":2,"featured_media":620044,"comment_status":"","ping_status":"","sticky":false,"template":"","format":"standard","meta":{"footnotes":""},"categories":[2815],"tags":[1111,11,1674,1777,674,274,1011,27,811,1307,12,1308,25,71],"class_list":{"0":"post-620043","1":"post","2":"type-post","3":"status-publish","4":"format-standard","5":"has-post-thumbnail","7":"category-lille","8":"tag-actu","9":"tag-actualites","10":"tag-communes","11":"tag-eu","12":"tag-europe","13":"tag-faits-divers-justice","14":"tag-fr","15":"tag-france","16":"tag-hauts-de-france","17":"tag-lille","18":"tag-news","19":"tag-nord","20":"tag-republique-francaise","21":"tag-sante"},"share_on_mastodon":{"url":"https:\/\/pubeurope.com\/@fr\/115775102195011392","error":""},"_links":{"self":[{"href":"https:\/\/www.europesays.com\/fr\/wp-json\/wp\/v2\/posts\/620043","targetHints":{"allow":["GET"]}}],"collection":[{"href":"https:\/\/www.europesays.com\/fr\/wp-json\/wp\/v2\/posts"}],"about":[{"href":"https:\/\/www.europesays.com\/fr\/wp-json\/wp\/v2\/types\/post"}],"author":[{"embeddable":true,"href":"https:\/\/www.europesays.com\/fr\/wp-json\/wp\/v2\/users\/2"}],"replies":[{"embeddable":true,"href":"https:\/\/www.europesays.com\/fr\/wp-json\/wp\/v2\/comments?post=620043"}],"version-history":[{"count":0,"href":"https:\/\/www.europesays.com\/fr\/wp-json\/wp\/v2\/posts\/620043\/revisions"}],"wp:featuredmedia":[{"embeddable":true,"href":"https:\/\/www.europesays.com\/fr\/wp-json\/wp\/v2\/media\/620044"}],"wp:attachment":[{"href":"https:\/\/www.europesays.com\/fr\/wp-json\/wp\/v2\/media?parent=620043"}],"wp:term":[{"taxonomy":"category","embeddable":true,"href":"https:\/\/www.europesays.com\/fr\/wp-json\/wp\/v2\/categories?post=620043"},{"taxonomy":"post_tag","embeddable":true,"href":"https:\/\/www.europesays.com\/fr\/wp-json\/wp\/v2\/tags?post=620043"}],"curies":[{"name":"wp","href":"https:\/\/api.w.org\/{rel}","templated":true}]}}