{"id":620045,"date":"2025-12-24T14:50:23","date_gmt":"2025-12-24T14:50:23","guid":{"rendered":"https:\/\/www.europesays.com\/fr\/620045\/"},"modified":"2025-12-24T14:50:23","modified_gmt":"2025-12-24T14:50:23","slug":"lune-des-plus-belles-coutumes-provencales-la-descente-des-bergers-cest-aujourdhui-a-allauch-24-12-2025-allauch-2","status":"publish","type":"post","link":"https:\/\/www.europesays.com\/fr\/620045\/","title":{"rendered":"L&rsquo;une des plus belles coutumes proven\u00e7ales : la descente des bergers c&rsquo;est aujourd&rsquo;hui \u00e0 Allauch &#8211; 24\/12\/2025 &#8211; Allauch"},"content":{"rendered":"<p>Depuis les hauteurs de Notre-Dame du Ch\u00e2teau, les cloches r\u00e9sonneront \u00e0 l\u2019unisson, accompagnant la veill\u00e9e tandis que le Mont Rodinaccus s\u2019illuminera de centaines de flambeaux.<br \/>Depuis 2022, cet \u00e9v\u00e8nement a lieu au c\u0153ur du village d&rsquo;Allauch d\u00e8s 18h15 (et non plus \u00e0 22h15) pour permettre aux familles d\u2019y prendre part avant le R\u00e9veillon.<\/p>\n<p>&#13;<\/p>\n<p>Cette manifestation est organis\u00e9e par le Comit\u00e9 des f\u00eates, pr\u00e9sid\u00e9 par \u00c9ric Napoleoni, en partenariat avec la Ville d\u2019Allauch.<\/p>\n<p>&#13;<\/p>\n<p>Dans cette atmosph\u00e8re, bergers et moutons descendront ensemble vers le village. Au son des tambourins, la procession s\u2019avance jusqu\u2019\u00e0 l\u2019\u00e9glise Saint-S\u00e9bastien, o\u00f9 deux grands moments vous attendent :<\/p>\n<p>&#13;<\/p>\n<p>&#8211; La messe du soir de No\u00ebl (19h) ;<br \/>&#8211; La traditionnelle messe de minuit (23h).<\/p>\n<p>&#13;<\/p>\n<p>Mise en sc\u00e8ne par des com\u00e9diens b\u00e9n\u00e9voles des associations traditionnelles v\u00eatus de costumes proven\u00e7aux du XIX\u00e8me si\u00e8cle, cette c\u00e9r\u00e9monie pastorale attire chaque ann\u00e9e des milliers de curieux et de fid\u00e8les.<br \/>Elle se d\u00e9roulera avec la participation de la bergerie \u00ab Manade des Alpilles \u00bb, du groupe Saint \u00c9loi Allaudien, des groupes folkloriques d\u2019Allauch \u00ab Leis Ami d\u2019Alau \u00bb et \u00ab Lei Dansaire de Loriot \u00bb de la ville d\u2019Auriol, de la chorale Saint S\u00e9bastien, du Th\u00e9\u00e2tre du Terroir et des tambourinaires du Logis-Neuf.<\/p>\n<p>&#13;<\/p>\n<p>&#8211; Suivez en direct la Descente des Bergers sur notre page Facebook (Allauch officiel)<\/p>\n<p>&#13;<br \/>\n&#13;<br \/>\nCirculation\/stationnement&#13;<\/p>\n<p>D\u00e8s 17h, le village sera enti\u00e8rement pi\u00e9tonnis\u00e9 afin que vous puissiez fl\u00e2ner dans les ruelles et profiter pleinement de ce festif 24 d\u00e9cembre.<br \/>2 parkings sont \u00e0 votre disposition<br \/>Parking EDF (\u00e0 l&rsquo;entr\u00e9e du village) de 14h \u00e0 21h<br \/>Parking du Th\u00e9\u00e2tre de Nature de 8h \u00e0 1h30 du matin<\/p>\n<p>&#13;<br \/>\n&#13;<br \/>\nLes festivit\u00e9s de No\u00ebl \u00e0 Allauch :&#13;<\/p>\n","protected":false},"excerpt":{"rendered":"Depuis les hauteurs de Notre-Dame du Ch\u00e2teau, les cloches r\u00e9sonneront \u00e0 l\u2019unisson, accompagnant la veill\u00e9e tandis que le&hellip;\n","protected":false},"author":2,"featured_media":619923,"comment_status":"","ping_status":"","sticky":false,"template":"","format":"standard","meta":{"footnotes":""},"categories":[2814],"tags":[1111,11,1777,674,1011,27,884,12,882,25],"class_list":{"0":"post-620045","1":"post","2":"type-post","3":"status-publish","4":"format-standard","5":"has-post-thumbnail","7":"category-marseille","8":"tag-actu","9":"tag-actualites","10":"tag-eu","11":"tag-europe","12":"tag-fr","13":"tag-france","14":"tag-marseille","15":"tag-news","16":"tag-provence-alpes-cote-dazur","17":"tag-republique-francaise"},"share_on_mastodon":{"url":"","error":""},"_links":{"self":[{"href":"https:\/\/www.europesays.com\/fr\/wp-json\/wp\/v2\/posts\/620045","targetHints":{"allow":["GET"]}}],"collection":[{"href":"https:\/\/www.europesays.com\/fr\/wp-json\/wp\/v2\/posts"}],"about":[{"href":"https:\/\/www.europesays.com\/fr\/wp-json\/wp\/v2\/types\/post"}],"author":[{"embeddable":true,"href":"https:\/\/www.europesays.com\/fr\/wp-json\/wp\/v2\/users\/2"}],"replies":[{"embeddable":true,"href":"https:\/\/www.europesays.com\/fr\/wp-json\/wp\/v2\/comments?post=620045"}],"version-history":[{"count":0,"href":"https:\/\/www.europesays.com\/fr\/wp-json\/wp\/v2\/posts\/620045\/revisions"}],"wp:featuredmedia":[{"embeddable":true,"href":"https:\/\/www.europesays.com\/fr\/wp-json\/wp\/v2\/media\/619923"}],"wp:attachment":[{"href":"https:\/\/www.europesays.com\/fr\/wp-json\/wp\/v2\/media?parent=620045"}],"wp:term":[{"taxonomy":"category","embeddable":true,"href":"https:\/\/www.europesays.com\/fr\/wp-json\/wp\/v2\/categories?post=620045"},{"taxonomy":"post_tag","embeddable":true,"href":"https:\/\/www.europesays.com\/fr\/wp-json\/wp\/v2\/tags?post=620045"}],"curies":[{"name":"wp","href":"https:\/\/api.w.org\/{rel}","templated":true}]}}