{"id":620046,"date":"2025-12-24T14:51:22","date_gmt":"2025-12-24T14:51:22","guid":{"rendered":"https:\/\/www.europesays.com\/fr\/620046\/"},"modified":"2025-12-24T14:51:22","modified_gmt":"2025-12-24T14:51:22","slug":"plus-de-4-heures-de-retard-sur-un-tgv-reliant-le-luxembourg-a-marseille-ce-mercredi-cest-inoui","status":"publish","type":"post","link":"https:\/\/www.europesays.com\/fr\/620046\/","title":{"rendered":"plus de 4 heures de retard sur un TGV reliant le Luxembourg \u00e0 Marseille ce mercredi, c&rsquo;est inou\u00ef !"},"content":{"rendered":"<p>C&rsquo;est un retard pour le moins cons\u00e9quent qu&rsquo;annonce <a href=\"https:\/\/www.sncf-voyageurs.com\/fr\/voyagez-avec-nous\/horaires-et-itineraires\/recherche-de-train\/detail-train\/?numeroCirculation=9877&amp;dateCirculation=2025-12-24&amp;destinationCode=87751008\" target=\"_blank\" rel=\"noopener\">le site de Gare\u00a7connexions<\/a>. Pas moins de 4 heures pour le <strong>TGV inou\u00ef<\/strong>, parti ce matin du Luxembourg \u00e0 7h13 et qui devait rejoindre, son terminus, la gare Saint-Charles de Marseille \u00e0 15h04. Il ne devrait finalement stopper sa course dans la cit\u00e9 phoc\u00e9enne seulement vers 19h14.<\/p>\n<p>La raison de ce retard ? \u00ab\u00a0Un obstacle a \u00e9t\u00e9 signal\u00e9 sur les voies entre Mulhouse et Belfort-Montb\u00e9liard TGV. Cet incident engendre un d\u00e9faut d&rsquo;alimentation \u00e9lectrique\u00a0\u00bb, explique la m\u00eame source.<\/p>\n<p>Ce qui fait que \u00ab\u00a0la circulation est fortement perturb\u00e9e dans les deux sens. Des modifications de parcours ainsi que des suppressions de dessertes sont \u00e0 pr\u00e9voir sur certains trains.\u00a0\u00bb<\/p>\n<p>Pour l&rsquo;heure, \u00e0 destination du Sud-Est, aucun autre retard important n&rsquo;est signal\u00e9. La grande majorit\u00e9 des trains est signal\u00e9e \u00e0 l&rsquo;heure en ce mercredi 24 d\u00e9cembre.<\/p>\n","protected":false},"excerpt":{"rendered":"C&rsquo;est un retard pour le moins cons\u00e9quent qu&rsquo;annonce le site de Gare\u00a7connexions. Pas moins de 4 heures pour&hellip;\n","protected":false},"author":2,"featured_media":620047,"comment_status":"","ping_status":"","sticky":false,"template":"","format":"standard","meta":{"footnotes":""},"categories":[2814],"tags":[17,1111,11,1777,674,1011,27,6203,884,12,378,882,26302,25,8948,104,3356,2214,5811],"class_list":{"0":"post-620046","1":"post","2":"type-post","3":"status-publish","4":"format-standard","5":"has-post-thumbnail","7":"category-marseille","8":"tag-17","9":"tag-actu","10":"tag-actualites","11":"tag-eu","12":"tag-europe","13":"tag-fr","14":"tag-france","15":"tag-heures","16":"tag-marseille","17":"tag-news","18":"tag-plus","19":"tag-provence-alpes-cote-dazur","20":"tag-reliant","21":"tag-republique-francaise","22":"tag-retard","23":"tag-societe","24":"tag-sur","25":"tag-tgv","26":"tag-trains"},"share_on_mastodon":{"url":"https:\/\/pubeurope.com\/@fr\/115775110164620586","error":""},"_links":{"self":[{"href":"https:\/\/www.europesays.com\/fr\/wp-json\/wp\/v2\/posts\/620046","targetHints":{"allow":["GET"]}}],"collection":[{"href":"https:\/\/www.europesays.com\/fr\/wp-json\/wp\/v2\/posts"}],"about":[{"href":"https:\/\/www.europesays.com\/fr\/wp-json\/wp\/v2\/types\/post"}],"author":[{"embeddable":true,"href":"https:\/\/www.europesays.com\/fr\/wp-json\/wp\/v2\/users\/2"}],"replies":[{"embeddable":true,"href":"https:\/\/www.europesays.com\/fr\/wp-json\/wp\/v2\/comments?post=620046"}],"version-history":[{"count":0,"href":"https:\/\/www.europesays.com\/fr\/wp-json\/wp\/v2\/posts\/620046\/revisions"}],"wp:featuredmedia":[{"embeddable":true,"href":"https:\/\/www.europesays.com\/fr\/wp-json\/wp\/v2\/media\/620047"}],"wp:attachment":[{"href":"https:\/\/www.europesays.com\/fr\/wp-json\/wp\/v2\/media?parent=620046"}],"wp:term":[{"taxonomy":"category","embeddable":true,"href":"https:\/\/www.europesays.com\/fr\/wp-json\/wp\/v2\/categories?post=620046"},{"taxonomy":"post_tag","embeddable":true,"href":"https:\/\/www.europesays.com\/fr\/wp-json\/wp\/v2\/tags?post=620046"}],"curies":[{"name":"wp","href":"https:\/\/api.w.org\/{rel}","templated":true}]}}