{"id":620050,"date":"2025-12-24T14:53:14","date_gmt":"2025-12-24T14:53:14","guid":{"rendered":"https:\/\/www.europesays.com\/fr\/620050\/"},"modified":"2025-12-24T14:53:14","modified_gmt":"2025-12-24T14:53:14","slug":"glorious-revient-a-lyon-juste-avant-la-messe-pour-un-concert-de-noel-rock","status":"publish","type":"post","link":"https:\/\/www.europesays.com\/fr\/620050\/","title":{"rendered":"Glorious revient \u00e0 Lyon, juste avant la messe, pour un concert de No\u00ebl rock"},"content":{"rendered":"<p class=\"article__intro\">Ce mercredi 24 d\u00e9cembre 2025, Glorious, le groupe musical catholique \u00e9tabli \u00e0 Lyon, donnera un concert \u00e0 L&rsquo;Amphith\u00e9\u00e2tre 3 000 de la Cit\u00e9 internationale. Le spectacle sera suivi d&rsquo;une messe de No\u00ebl.<\/p>\n<p>\n      La Quotidienne Soci\u00e9t\u00e9\n    <\/p>\n<p>\n      De la vie quotidienne aux grands enjeux, recevez tous les jours les sujets qui font la soci\u00e9t\u00e9 locale, comme la justice, l\u2019\u00e9ducation, la sant\u00e9 et la famille.\n    <\/p>\n<p>    France T\u00e9l\u00e9visions utilise votre adresse e-mail afin de vous envoyer la newsletter \u00ab\u00a0La Quotidienne Soci\u00e9t\u00e9\u00a0\u00bb. Vous pouvez vous d\u00e9sinscrire \u00e0 tout moment via le lien en bas de cette newsletter. <a target=\"_blank\" href=\"https:\/\/www.francetelevisions.fr\/groupe\/confidentialite\/politique-de-confidentialite\/politique-de-confidentialite-de-france-televisions-6503\" rel=\"noopener\">Notre politique de confidentialit\u00e9<\/a><\/p>\n<p>\u00c0 chaque fois que Glorious se produit \u00e0 Lyon pour le 24 d\u00e9cembre : la salle est pleine \u00e0 craquer.<\/p>\n<p>Cette ann\u00e9e encore, nombreux seront les fans du groupe \u00e0 se rendre \u00e0 l&rsquo;Amphith\u00e9\u00e2tre 3000 de la cit\u00e9 internationale pour assister \u00e0 leur concert.<\/p>\n<p>Le mercure a chut\u00e9 depuis le d\u00e9but de la semaine mais il en faudra plus pour dissuader les habitu\u00e9s de Glorious d&rsquo;attendre l&rsquo;ouverture des portes pr\u00e9vue \u00e0 16 h. Le spectacle, lui, est programm\u00e9 pour 17 h et sera suivi d&rsquo;une messe \u00e0 partir de 18 h pour c\u00e9l\u00e9brer la naissance de J\u00e9sus.<\/p>\n<p>Le succ\u00e8s de Glorious, c&rsquo;est un savant m\u00e9lange d&rsquo;enthousiasme et de rock\u2019n\u2019roll. Le groupe musical catholique revient tous les trois ans enchanter son public dans la capitale des Gaules.<\/p>\n<p>    dur\u00e9e de la vid\u00e9o : 00h01mn08s<\/p>\n<p>        <img decoding=\"async\" width=\"640\" height=\"426\" class=\"article-image not-lazy\" src=\"https:\/\/www.europesays.com\/fr\/wp-content\/uploads\/2025\/12\/a2de7b6b-f28f-46b6-966f-5a37c6a74127.jpg\" alt=\"\" fetchpriority=\"high\"\/><\/p>\n<p>              Voir la video\u00a0(1 minutes 8 secondes).\u00a0<br \/>\n                  1 min 8 s<\/p>\n<p>\n          En 2019, le groupe accueillait d\u00e9j\u00e0 plus de 3 000 spectateurs pour son concert \u00ab\u00a0pop-rock-louange\u00a0\u00bb.<\/p>\n<p>        \u2022<\/p>\n<p>              \u00a9France 3 Rh\u00f4ne-Alpes\n      <\/p>\n<p>Voil\u00e0 23 ans que le groupe conna\u00eet un succ\u00e8s avec des chansons \u00e9voquant la foi, le Christ, la nativit\u00e9 et la joie. Les musiciens ont sorti pas moins de 14 albums, ils ont d\u00e9j\u00e0 donn\u00e9 des centaines de concert, tous \u00e0 guichets ferm\u00e9s. <\/p>\n<p>Le concert de ce soir est gratuit, gageons qu&rsquo;il fera encore le plein.<\/p>\n","protected":false},"excerpt":{"rendered":"Ce mercredi 24 d\u00e9cembre 2025, Glorious, le groupe musical catholique \u00e9tabli \u00e0 Lyon, donnera un concert \u00e0 L&rsquo;Amphith\u00e9\u00e2tre&hellip;\n","protected":false},"author":2,"featured_media":620051,"comment_status":"","ping_status":"","sticky":false,"template":"","format":"standard","meta":{"footnotes":""},"categories":[1889],"tags":[1111,11,2430,1777,674,1011,27,2428,12,25],"class_list":{"0":"post-620050","1":"post","2":"type-post","3":"status-publish","4":"format-standard","5":"has-post-thumbnail","7":"category-lyon","8":"tag-actu","9":"tag-actualites","10":"tag-auvergne-rhone-alpes","11":"tag-eu","12":"tag-europe","13":"tag-fr","14":"tag-france","15":"tag-lyon","16":"tag-news","17":"tag-republique-francaise"},"share_on_mastodon":{"url":"https:\/\/pubeurope.com\/@fr\/115775118719431294","error":""},"_links":{"self":[{"href":"https:\/\/www.europesays.com\/fr\/wp-json\/wp\/v2\/posts\/620050","targetHints":{"allow":["GET"]}}],"collection":[{"href":"https:\/\/www.europesays.com\/fr\/wp-json\/wp\/v2\/posts"}],"about":[{"href":"https:\/\/www.europesays.com\/fr\/wp-json\/wp\/v2\/types\/post"}],"author":[{"embeddable":true,"href":"https:\/\/www.europesays.com\/fr\/wp-json\/wp\/v2\/users\/2"}],"replies":[{"embeddable":true,"href":"https:\/\/www.europesays.com\/fr\/wp-json\/wp\/v2\/comments?post=620050"}],"version-history":[{"count":0,"href":"https:\/\/www.europesays.com\/fr\/wp-json\/wp\/v2\/posts\/620050\/revisions"}],"wp:featuredmedia":[{"embeddable":true,"href":"https:\/\/www.europesays.com\/fr\/wp-json\/wp\/v2\/media\/620051"}],"wp:attachment":[{"href":"https:\/\/www.europesays.com\/fr\/wp-json\/wp\/v2\/media?parent=620050"}],"wp:term":[{"taxonomy":"category","embeddable":true,"href":"https:\/\/www.europesays.com\/fr\/wp-json\/wp\/v2\/categories?post=620050"},{"taxonomy":"post_tag","embeddable":true,"href":"https:\/\/www.europesays.com\/fr\/wp-json\/wp\/v2\/tags?post=620050"}],"curies":[{"name":"wp","href":"https:\/\/api.w.org\/{rel}","templated":true}]}}