{"id":620052,"date":"2025-12-24T14:55:22","date_gmt":"2025-12-24T14:55:22","guid":{"rendered":"https:\/\/www.europesays.com\/fr\/620052\/"},"modified":"2025-12-24T14:55:22","modified_gmt":"2025-12-24T14:55:22","slug":"on-en-sait-plus-sur-les-contours-de-letablissement","status":"publish","type":"post","link":"https:\/\/www.europesays.com\/fr\/620052\/","title":{"rendered":"on en sait plus sur les contours de l\u2019\u00e9tablissement"},"content":{"rendered":"<p>                    Par<br \/>\n        <strong><br \/>\n            <a href=\"https:\/\/actu.fr\/auteur\/maxime-pimont\" title=\"Consulter tous les articles de Maxime Pimont\" target=\"_blank\" rel=\"noopener\">Maxime Pimont<\/a><br \/>\n                    <\/strong><\/p>\n<p>        Publi\u00e9 le<\/p>\n<p>            24 d\u00e9c. 2025 \u00e0 6h16        <\/p>\n<p>En septembre\u00a02024, la R\u00e9gion \u00cele-de-France <a href=\"https:\/\/actu.fr\/ile-de-france\/carrieres-sous-poissy_78123\/yvelines-cette-ville-en-plein-boom-devrait-avoir-son-propre-lycee-dici-2027_61625640.html\" target=\"_blank\" rel=\"noopener\">annon\u00e7ait qu\u2019un lyc\u00e9e verrait le jour<\/a> \u00e0 <a href=\"https:\/\/actu.fr\/ile-de-france\/carrieres-sous-poissy_78123\" target=\"_blank\" rel=\"noopener\">Carri\u00e8res-sous-Poissy<\/a> (Yvelines). Un an plus tard, les contours de ce futur \u00e9tablissement commencent \u00e0 se dessiner. Lors de la derni\u00e8re commission permanente de la collectivit\u00e9 r\u00e9gionale, qui s\u2019est tenue le 20\u00a0novembre 2025, le projet a \u00e9t\u00e9 officiellement inscrit dans le\u2009<b>Plan d\u2019urgence pour les lyc\u00e9es franciliens<\/b>, avec d\u00e9j\u00e0 une enveloppe de 17,2 M\u20ac \u00e0 la cl\u00e9. Le projet co\u00fbtera au total<b> <\/b>86\u00a0M\u20ac.<\/p>\n<p>Capacit\u00e9, enseignement et terrain<\/p>\n<p class=\" wall-content\">La capacit\u00e9 du lyc\u00e9e est annonc\u00e9e \u00e0 <b>1\u2009128\u00a0\u00e9l\u00e8ves<\/b>. Ils seront r\u00e9partis en 39 divisions ou classes. L\u2019\u00e9tablissement sera situ\u00e9 \u2013 cela avait pos\u00e9 question \u2013 en entr\u00e9e de ville, avenue de l\u2019Europe (RD 190), au sein de la ZAC Carri\u00e8res Centralit\u00e9, sur un terrain \u00e9largi de 14\u2009000 m\u00b2.<\/p>\n<p class=\" wall-content\">L\u2019Acad\u00e9mie de Versailles et la R\u00e9gion ont d\u2019ores et d\u00e9j\u00e0 d\u00e9fini une organisation p\u00e9dagogique pr\u00e9visionnelle articul\u00e9e autour de <b>trois p\u00f4les compl\u00e9mentaires<\/b>\u2009: enseignement g\u00e9n\u00e9ral (840\u00a0\u00e9l\u00e8ves)\u2009; enseignement professionnel (environ 230\u00a0\u00e9l\u00e8ves)\u2009; enseignement sup\u00e9rieur (60 \u00e9tudiants en BTS).<\/p>\n<blockquote class=\"ac-article-quote wall-content\">\n<p>\u00ab\u2009La construction est une \u00e9tape essentielle. Elle offrira aux jeunes Carri\u00e9rois un \u00e9tablissement moderne, performant et adapt\u00e9 \u00e0 leurs besoins, tout en renfor\u00e7ant la dynamique et l\u2019animation dans la ville, ce qui la rendra plus vivante. La section BTS permettra m\u00eame de faire des \u00e9tudes sup\u00e9rieures dans la commune.\u2009\u00bb<\/p>\n<p>Eddie A\u00eft, maire de Carri\u00e8res-sous-Poissy<\/p><\/blockquote>\n<p class=\" wall-content\">Concernant le calendrier, difficile de s\u2019avancer. Eddie A\u00eft esp\u00e8re \u00ab\u2009une ouverture au plus tard en <b>septembre\u00a02030<\/b>\u2009\u00bb. \u00ab\u2009Quatre ans pour construire, avec des \u00e9tudes en 2026 et un d\u00e9but de chantier en 2027, \u00e7a me semble possible\u2009\u00bb, compl\u00e8te l\u2019\u00e9lu.<\/p>\n<p>\u00ab\u2009R\u00e9duire la pression d\u00e9mographique\u2009\u00bb<\/p>\n<p class=\" wall-content\">Dans le secteur, on compte\u00a0<b>six\u00a0lyc\u00e9es publics<\/b>. <a href=\"https:\/\/actu.fr\/ile-de-france\/poissy_78498\" target=\"_blank\" rel=\"noopener\">Poissy<\/a> en d\u00e9nombre trois\u2009: Charles-de-Gaulle, Le Corbusier et Adrienne-Bolland (lyc\u00e9e professionnel). Il y en a deux autres \u00e0 <a href=\"https:\/\/actu.fr\/ile-de-france\/conflans-sainte-honorine_78172\" target=\"_blank\" rel=\"noopener\">Conflans-Sainte-Honorine<\/a> \u2013 Jules-Ferry et Simone-Weil (lyc\u00e9e professionnel) \u2013 et un dernier \u00e0 <a href=\"https:\/\/actu.fr\/ile-de-france\/acheres_78005\" target=\"_blank\" rel=\"noopener\">Ach\u00e8res<\/a> (<a href=\"https:\/\/actu.fr\/ile-de-france\/acheres_78005\/pour-repondre-a-une-population-croissante-ce-lycee-des-yvelines-doit-sagrandir_63544725.html\" target=\"_blank\" rel=\"noopener\">Louise-Weiss<\/a>).<\/p>\n<p class=\" wall-content\">Dans une lettre adress\u00e9e au maire de Carri\u00e8res-sous-Poissy, la R\u00e9gion, pr\u00e9sid\u00e9e par Val\u00e9rie P\u00e9cresse, annonce que la <b>construction<\/b> de ce lyc\u00e9e permettra de \u00ab\u2009r\u00e9duire la pression d\u00e9mographique du territoire\u2009\u00bb et qu\u2019il \u00ab\u2009disposera d\u2019une structure p\u00e9dagogique tourn\u00e9e principalement vers l\u2019accueil de la population lyc\u00e9enne locale\u2009\u00bb.<\/p>\n<p>Votre r\u00e9gion, votre actu !<\/p>\n<p>Recevez chaque jour les infos qui comptent pour vous.<\/p>\n<p>\t<a href=\"https:\/\/actu.fr\/newsletter\" class=\"ac-btn ac-btn--corner ac-btn--medium ac-btn--blue800\" target=\"_blank\" rel=\"noopener\">S&rsquo;incrire<\/a><br \/>\nUne ville avec une population grandissante<\/p>\n<p class=\" wall-content\">Selon les derniers chiffres de 2025, Carri\u00e8res-sous-Poissy compte plus de 20\u2009000\u00a0habitants et conna\u00eet l\u2019un des accroissements de population <a href=\"https:\/\/actu.fr\/ile-de-france\/versailles_78646\/demographie-quelles-communes-des-yvelines-gagnent-des-habitants-lesquelles-en-perdent_56292387.html\" target=\"_blank\" rel=\"noopener\">le plus importants des Yvelines<\/a>. \u00ab\u2009Pr\u00e8s de 1\u2009000 logements ont \u00e9t\u00e9 livr\u00e9s ces derni\u00e8res ann\u00e9es et pr\u00e8s de 500 sont en cours de construction. On devrait accueillir <b>1\u2009000\u00a0habitants de plus par an<\/b>, pendant plusieurs ann\u00e9es\u2009\u00bb, indiquait le maire en 2024.<\/p>\n<blockquote class=\"ac-article-quote wall-content\">\n<p>\u00ab\u2009Carri\u00e8res est une ville tr\u00e8s jeune, dans laquelle 25\u2009% de la population \u00e0 moins de 15\u00a0ans. Pour poursuivre leur parcours \u00e9ducatif, ce lyc\u00e9e est important.\u2009\u00bb<\/p>\n<p>Eddie A\u00eft, maire de Carri\u00e8res-sous-Poissy<\/p><\/blockquote>\n<p class=\" wall-content\">Le maire informe par ailleurs qu\u2019il souhaiterait \u00e9tudier la possibilit\u00e9 de cr\u00e9er <b>une r\u00e9sidence \u00e9tudiante<\/b> sur le territoire communal.<\/p>\n<p class=\" wall-content\">Personnalisez votre actualit\u00e9 en ajoutant vos villes et m\u00e9dias en favori avec <a href=\"https:\/\/moncompte.actu.fr\" title=\"D\u00e9couvez Mon Actu\" rel=\"nofollow noopener\" data-trk=\"{&quot;cta&quot;:{&quot;action&quot;:&quot;https:\\\/\\\/moncompte.actu.fr&quot;,&quot;category&quot;:&quot;mon compte&quot;,&quot;from&quot;:&quot;article footer&quot;,&quot;name&quot;:&quot;Mon actu&quot;,&quot;type&quot;:&quot;cta&quot;}}\" target=\"_blank\">Mon Actu<\/a>.<\/p>\n","protected":false},"excerpt":{"rendered":"Par Maxime Pimont Publi\u00e9 le 24 d\u00e9c. 2025 \u00e0 6h16 En septembre\u00a02024, la R\u00e9gion \u00cele-de-France annon\u00e7ait qu\u2019un lyc\u00e9e&hellip;\n","protected":false},"author":2,"featured_media":620053,"comment_status":"","ping_status":"","sticky":false,"template":"","format":"standard","meta":{"footnotes":""},"categories":[1592],"tags":[1111,11,1057,1777,674,1011,27,662,12,626,25,104],"class_list":{"0":"post-620052","1":"post","2":"type-post","3":"status-publish","4":"format-standard","5":"has-post-thumbnail","7":"category-ile-de-france","8":"tag-actu","9":"tag-actualites","10":"tag-education","11":"tag-eu","12":"tag-europe","13":"tag-fr","14":"tag-france","15":"tag-ile-de-france","16":"tag-news","17":"tag-paris","18":"tag-republique-francaise","19":"tag-societe"},"share_on_mastodon":{"url":"https:\/\/pubeurope.com\/@fr\/115775125967255028","error":""},"_links":{"self":[{"href":"https:\/\/www.europesays.com\/fr\/wp-json\/wp\/v2\/posts\/620052","targetHints":{"allow":["GET"]}}],"collection":[{"href":"https:\/\/www.europesays.com\/fr\/wp-json\/wp\/v2\/posts"}],"about":[{"href":"https:\/\/www.europesays.com\/fr\/wp-json\/wp\/v2\/types\/post"}],"author":[{"embeddable":true,"href":"https:\/\/www.europesays.com\/fr\/wp-json\/wp\/v2\/users\/2"}],"replies":[{"embeddable":true,"href":"https:\/\/www.europesays.com\/fr\/wp-json\/wp\/v2\/comments?post=620052"}],"version-history":[{"count":0,"href":"https:\/\/www.europesays.com\/fr\/wp-json\/wp\/v2\/posts\/620052\/revisions"}],"wp:featuredmedia":[{"embeddable":true,"href":"https:\/\/www.europesays.com\/fr\/wp-json\/wp\/v2\/media\/620053"}],"wp:attachment":[{"href":"https:\/\/www.europesays.com\/fr\/wp-json\/wp\/v2\/media?parent=620052"}],"wp:term":[{"taxonomy":"category","embeddable":true,"href":"https:\/\/www.europesays.com\/fr\/wp-json\/wp\/v2\/categories?post=620052"},{"taxonomy":"post_tag","embeddable":true,"href":"https:\/\/www.europesays.com\/fr\/wp-json\/wp\/v2\/tags?post=620052"}],"curies":[{"name":"wp","href":"https:\/\/api.w.org\/{rel}","templated":true}]}}