{"id":620054,"date":"2025-12-24T14:56:13","date_gmt":"2025-12-24T14:56:13","guid":{"rendered":"https:\/\/www.europesays.com\/fr\/620054\/"},"modified":"2025-12-24T14:56:13","modified_gmt":"2025-12-24T14:56:13","slug":"patrick-cohen-denonce-les-reprises-deformees-de-ses-propos-par-le-depute-charles-alloncle-dans-une-lettre-a-la-commission-denquete-sur-laudiovisuel-public","status":"publish","type":"post","link":"https:\/\/www.europesays.com\/fr\/620054\/","title":{"rendered":"Patrick Cohen d\u00e9nonce les reprises \u00ab\u00a0d\u00e9form\u00e9es\u00a0\u00bb de ses propos par le d\u00e9put\u00e9 Charles Alloncle dans une lettre \u00e0 la commission d\u2019enqu\u00eate sur l\u2019audiovisuel public"},"content":{"rendered":"<p>                      <img loading=\"lazy\" decoding=\"async\" src=\"https:\/\/www.europesays.com\/fr\/wp-content\/uploads\/2025\/12\/1eae124_ftp-1-adqr5nlif5ha-5710215-01-06.jpg\" alt=\"Patrick Cohen, lors de son audition devant la commission d\u2019enqu\u00eate parlementaire sur l\u2019audiovisuel public, \u00e0 l\u2019Assembl\u00e9e nationale, \u00e0 Paris, le\u00a018\u00a0d\u00e9cembre\u00a02025.\"   width=\"664\" height=\"443\"\/>    Patrick Cohen, lors de son audition devant la commission d\u2019enqu\u00eate parlementaire sur l\u2019audiovisuel public, \u00e0 l\u2019Assembl\u00e9e nationale, \u00e0 Paris, le\u00a018\u00a0d\u00e9cembre\u00a02025.  DIMITAR DILKOFF \/ AFP                        <\/p>\n<p class=\"article__paragraph  \">Le journaliste Patrick Cohen a envoy\u00e9, lundi 22\u00a0d\u00e9cembre, une lettre aux d\u00e9put\u00e9s membres de la commission d\u2019enqu\u00eate parlementaire sur l\u2019audiovisuel public. Il y d\u00e9plore, six jours apr\u00e8s son audition devant la m\u00eame commission, qu\u2019un \u00ab\u00a0certain nombre de [ses] d\u00e9clarations\u00a0\u00bb aient \u00ab\u00a0\u00e9t\u00e9 travesties, d\u00e9form\u00e9es ou comment\u00e9es de fa\u00e7on malveillante\u00a0\u00bb par le rapporteur, l\u2019\u00e9lu ciottiste Charles Alloncle (Union des droites pour la R\u00e9publique, UDR, H\u00e9rault).<\/p>\n<p>                                          Lire aussi |  Article r\u00e9serv\u00e9 \u00e0 nos abonn\u00e9s  <a href=\"https:\/\/www.lemonde.fr\/economie\/article\/2025\/12\/22\/commission-d-enquete-sur-l-audiovisuel-public-l-envoi-de-convocations-suspendu-dans-le-but-de-retrouver-de-l-apaisement_6659165_3234.html\" class=\"js-article-read-also catcher--favoris__link\" data-premium=\"1\" id=\"article-title-3452209\" target=\"_blank\" rel=\"noopener\">Commission d\u2019enqu\u00eate sur l\u2019audiovisuel public\u00a0: l\u2019envoi de convocations suspendu dans le but de \u00ab\u00a0retrouver de l\u2019apaisement\u00a0\u00bb<\/a>    <\/p>\n<p>   Lire plus tard  <\/p>\n<p class=\"article__paragraph  \">Dans ce courrier d\u00e9voil\u00e9 mardi par Le Figaro, dont le journaliste a confirm\u00e9 l\u2019authenticit\u00e9 \u00e0 l\u2019Agence France-Presse, il pointe des messages publi\u00e9s par le rapporteur sur le r\u00e9seau social X et un entretien que ce dernier a accord\u00e9 \u00e0 la cha\u00eene YouTube Les Incorrectibles. Ces propos lui \u00ab\u00a0semble[nt] jeter un doute sur l\u2019utilit\u00e9 de [son] audition et la sinc\u00e9rit\u00e9 de la d\u00e9marche entreprise\u00a0\u00bb.<\/p>\n<p class=\"article__paragraph  \">\u00ab\u00a0Je d\u00e9plore vivement avoir d\u00fb d\u00e9fendre mon impartialit\u00e9 et ma rigueur face \u00e0 des accusations qui en \u00e9taient si d\u00e9pourvues. J\u2019ose tout de m\u00eame esp\u00e9rer que mes r\u00e9ponses seront prises en compte par votre commission, davantage que dans la communication actuelle de monsieur le rapporteur\u00a0\u00bb, \u00e9crit le journaliste \u00e0 la fin de ce texte, apr\u00e8s \u00eatre revenu sur plusieurs affirmations de M. Alloncle.<\/p>\n<p class=\"article__paragraph  \">Patrick Cohen revient par exemple sur les commentaires li\u00e9s \u00e0 <a href=\"https:\/\/www.lemonde.fr\/economie\/article\/2025\/09\/08\/thomas-legrand-et-patrick-cohen-enregistres-a-leur-insu-une-polemique-qui-fragilise-l-audiovisuel-public_6639753_3234.html\" target=\"_blank\" rel=\"noopener\">la diffusion d\u2019une vid\u00e9o enregistr\u00e9e \u00e0 son insu<\/a>, et \u00e0 l\u2019insu de son confr\u00e8re Thomas Legrand, dans laquelle ils apparaissent au restaurant avec des cadres du Parti socialiste\u00a0: \u00ab\u00a0M.\u00a0Alloncle maintient qu\u2019\u00e0 \u201cla demande des journalistes de L\u2019Incorrect [qui a publi\u00e9 la vid\u00e9o], un constat d\u2019huissier a \u00e9tabli que, malgr\u00e9 des coupes de montage, les propos n\u2019ont \u00e9t\u00e9 ni tronqu\u00e9s ni d\u00e9form\u00e9s\u201d. Cette affirmation est inexacte, le \u201cconstat d\u2019huissier\u201d tel qu\u2019il a \u00e9t\u00e9 d\u00e9voil\u00e9 par un post d\u2019une journaliste de L\u2019Incorrect et lu par mes soins pendant l\u2019audition ne comporte aucun des termes utilis\u00e9s par monsieur le rapporteur.\u00a0\u00bb<\/p>\n<p>                                     Lire aussi |  Article r\u00e9serv\u00e9 \u00e0 nos abonn\u00e9s  <a href=\"https:\/\/www.lemonde.fr\/economie\/article\/2025\/12\/19\/patrick-cohen-a-la-commission-d-enquete-sur-l-audiovisuel-public-devant-vous-cet-apres-midi-je-me-tiens-droit_6658606_3234.html\" class=\"js-article-read-also catcher--favoris__link\" data-premium=\"1\" id=\"article-title-3451853\" target=\"_blank\" rel=\"noopener\">Patrick Cohen \u00e0 la commission d\u2019enqu\u00eate sur l\u2019audiovisuel public\u00a0: \u00ab\u00a0Devant vous cet apr\u00e8s-midi, je me tiens droit\u00a0\u00bb<\/a>    <\/p>\n<p>   Lire plus tard  <\/p>\n<p class=\"article__paragraph  \">Le journaliste aborde ensuite une autre expression du rapporteur\u00a0: \u00ab\u00a0M.\u00a0Alloncle affirme qu\u2019\u00e0 propos du <a href=\"https:\/\/www.lemonde.fr\/m-le-mag\/article\/2023\/12\/31\/mort-de-thomas-a-crepol-le-grand-emballement_6208495_4500055.html\" target=\"_blank\" rel=\"noopener\">meurtre du jeune Thomas \u00e0 Cr\u00e9pol<\/a> je n\u2019ai \u201cexprim\u00e9 AUCUN regret\u201d \u00e0 propos d\u2019un \u00e9ditorial o\u00f9 je \u201cminimisais les faits\u201d. Il ne me semble pas que ces deux points ressortent de nos \u00e9changes. Par ailleurs, dans le m\u00eame post [publi\u00e9 sur X], M.\u00a0Alloncle indique que j\u2019ai \u201cqualifi\u00e9 de \u201cn\u00e9onazis\u201d les proches de Thomas venus manifester leur douleur \u00e0 Romans-sur-Is\u00e8re\u201d. Cette affirmation est fausse, et je l\u2019ai soulign\u00e9 en cours d\u2019audition. Les militants d\u2019ultradroite, dont certains identifi\u00e9s par les autorit\u00e9s de police comme appartenant \u00e0 la mouvance n\u00e9onazie, n\u2019\u00e9taient pas des \u201cproches de Thomas\u201d. Et ils ne sont pas venus \u201cmanifester leur douleur\u201d, mais, arm\u00e9s et cagoul\u00e9s, r\u00e9pandre la violence dans la cit\u00e9 de la Monnaie \u00e0 Romans.\u00a0\u00bb<\/p>\n<p>                  \u00ab\u00a0Grief extr\u00eamement grave\u00a0\u00bb                  <\/p>\n<p class=\"article__paragraph  \">Patrick Cohen revient, dans la partie suivante de sa lettre, sur un entretien accord\u00e9 par Charles Alloncle \u00e0 la cha\u00eene YouTube Les Incorrectibles.\u00a0Le rapporteur y qualifie son audition de \u00ab\u00a0\u201cparfaitement lunaire\u201d et r\u00e9sume ainsi son interpr\u00e9tation des bribes de phrases entendues dans l\u2019une des vid\u00e9os vol\u00e9es de L\u2019Incorrect\u00a0: \u201cOn mettra tous nos moyens, les antennes du service public, pour discr\u00e9diter Rachida Dati.\u201d Libre \u00e0 monsieur le rapporteur de porter l\u2019accusation, encore faudrait-il que par simple respect du contradictoire, les accus\u00e9s puissent y r\u00e9pondre\u00a0\u00bb, \u00e9crit le journaliste. Avant de poursuivre\u00a0: \u00ab\u00a0Or cette question, porteuse d\u2019un grief extr\u00eamement grave, ne m\u2019a pas \u00e9t\u00e9 pos\u00e9e durant mon audition. Et je ne crois pas qu\u2019il ait \u00e9t\u00e9 d\u00e9montr\u00e9 lors de cette m\u00eame audition que Mme Rachida Dati ait subi un traitement d\u00e9favorable ou d\u00e9nigrant sur les antennes du service public.\u00a0\u00bb<\/p>\n<p>                                     Lire aussi |  <a href=\"https:\/\/www.lemonde.fr\/idees\/article\/2025\/12\/20\/le-pietre-spectacle-de-la-commission-d-enquete-sur-l-audiovisuel-public_6658940_3232.html\" class=\"js-article-read-also catcher--favoris__link\" data-premium=\"\" id=\"article-title-3451992\" target=\"_blank\" rel=\"noopener\">Le pi\u00e8tre spectacle de la commission d\u2019enqu\u00eate sur l\u2019audiovisuel public<\/a>    <\/p>\n<p>   Lire plus tard  <\/p>\n<p class=\"article__paragraph  \">Enfin, l\u2019\u00e9ditorialiste politique de France Inter aborde un dernier \u00e9l\u00e9ment du m\u00eame entretien\u00a0: \u00ab\u00a0M.\u00a0Alloncle d\u00e9plore que nous ayons \u201cport\u00e9 plainte\u201d et \u201cattaqu\u00e9 sans vergogne des confr\u00e8res (\u2026) pour un motif parfaitement fallacieux\u201d. Je savais qu\u2019en menant leurs investigations les commissions d\u2019enqu\u00eate peuvent d\u00e9couvrir des faits d\u00e9lictueux. J\u2019ignorais que leur rapporteur avait le pouvoir de d\u00e9cr\u00e9ter ce qui est l\u00e9gal et ce qui ne l\u2019est pas\u2026\u00a0\u00bb, s\u2019agace Patrick Cohen, avant d\u2019\u00e9crire\u00a0: \u00ab\u00a0Plus s\u00e9rieusement, en prenant parti dans une proc\u00e9dure judiciaire en cours, \u00e0 propos d\u2019un objet (les vid\u00e9os vol\u00e9es) qu\u2019il a lui-m\u00eame plac\u00e9 au centre de son enqu\u00eate, j\u2019estime que monsieur le rapporteur a gravement m\u00e9connu le principe de s\u00e9paration des pouvoirs. Et discr\u00e9dit\u00e9 par avance des conclusions politiques qu\u2019il semble avoir d\u00e9j\u00e0 \u00e9crites.\u00a0\u00bb<\/p>\n<p class=\"author__detail\">  Le Monde avec AFP  <\/p>\n<p>                <a href=\"https:\/\/www.lemonde.fr\/syndication\/\" class=\"reuse__content\" title=\"R\u00e9utiliser ce contenu\" target=\"_blank\" rel=\"noopener\">R\u00e9utiliser ce contenu<\/a>      <\/p>\n","protected":false},"excerpt":{"rendered":"Patrick Cohen, lors de son audition devant la commission d\u2019enqu\u00eate parlementaire sur l\u2019audiovisuel public, \u00e0 l\u2019Assembl\u00e9e nationale, \u00e0&hellip;\n","protected":false},"author":2,"featured_media":620055,"comment_status":"","ping_status":"","sticky":false,"template":"","format":"standard","meta":{"footnotes":""},"categories":[1888],"tags":[1111,1928,11,1927,1777,674,1011,27,12,1926,626,1925,25],"class_list":{"0":"post-620054","1":"post","2":"type-post","3":"status-publish","4":"format-standard","5":"has-post-thumbnail","7":"category-paris","8":"tag-actu","9":"tag-actu-paris","10":"tag-actualites","11":"tag-actualites-paris","12":"tag-eu","13":"tag-europe","14":"tag-fr","15":"tag-france","16":"tag-news","17":"tag-news-paris","18":"tag-paris","19":"tag-paris-news","20":"tag-republique-francaise"},"share_on_mastodon":{"url":"https:\/\/pubeurope.com\/@fr\/115775130656134138","error":""},"_links":{"self":[{"href":"https:\/\/www.europesays.com\/fr\/wp-json\/wp\/v2\/posts\/620054","targetHints":{"allow":["GET"]}}],"collection":[{"href":"https:\/\/www.europesays.com\/fr\/wp-json\/wp\/v2\/posts"}],"about":[{"href":"https:\/\/www.europesays.com\/fr\/wp-json\/wp\/v2\/types\/post"}],"author":[{"embeddable":true,"href":"https:\/\/www.europesays.com\/fr\/wp-json\/wp\/v2\/users\/2"}],"replies":[{"embeddable":true,"href":"https:\/\/www.europesays.com\/fr\/wp-json\/wp\/v2\/comments?post=620054"}],"version-history":[{"count":0,"href":"https:\/\/www.europesays.com\/fr\/wp-json\/wp\/v2\/posts\/620054\/revisions"}],"wp:featuredmedia":[{"embeddable":true,"href":"https:\/\/www.europesays.com\/fr\/wp-json\/wp\/v2\/media\/620055"}],"wp:attachment":[{"href":"https:\/\/www.europesays.com\/fr\/wp-json\/wp\/v2\/media?parent=620054"}],"wp:term":[{"taxonomy":"category","embeddable":true,"href":"https:\/\/www.europesays.com\/fr\/wp-json\/wp\/v2\/categories?post=620054"},{"taxonomy":"post_tag","embeddable":true,"href":"https:\/\/www.europesays.com\/fr\/wp-json\/wp\/v2\/tags?post=620054"}],"curies":[{"name":"wp","href":"https:\/\/api.w.org\/{rel}","templated":true}]}}