{"id":620056,"date":"2025-12-24T14:57:12","date_gmt":"2025-12-24T14:57:12","guid":{"rendered":"https:\/\/www.europesays.com\/fr\/620056\/"},"modified":"2025-12-24T14:57:12","modified_gmt":"2025-12-24T14:57:12","slug":"non-cette-video-ne-montre-pas-des-partisans-du-hamas-interpelles-par-la-police-a-paris","status":"publish","type":"post","link":"https:\/\/www.europesays.com\/fr\/620056\/","title":{"rendered":"Non, cette vid\u00e9o ne montre pas des partisans du Hamas interpell\u00e9s par la police \u00e0 Paris"},"content":{"rendered":"<p class=\"mb-4 text-lg md:leading-8 break-words\">Sur les r\u00e9seaux sociaux, <a href=\"https:\/\/archive.is\/d0E5d\" rel=\"nofollow noopener\" target=\"_blank\" data-ylk=\"slk:une vid\u00e9o;elm:context_link;itc:0;sec:content-canvas\" class=\"link \">une vid\u00e9o<\/a> est relay\u00e9e par des internautes affirmant qu&rsquo;elle montrerait des partisans du Hamas manifestant \u00e0 Paris avant d&rsquo;\u00eatre violemment interpell\u00e9s par la police. La s\u00e9quence, partag\u00e9e le 21 d\u00e9cembre sur X par le compte pro-isra\u00e9lien Vivid, a d\u00e9pass\u00e9 les 450 000 vues. Dans les commentaires, certains internautes appellent \u00e0 \u00ab\u00a0d\u00e9porter tous les supporters du Hamas\u00a0\u00bb ou \u00e9crivent \u00ab\u00a0Assez, c&rsquo;est assez\u00a0\u00bb.<\/p>\n<p class=\"mb-4 text-lg md:leading-8 break-words\">Mais cette interpr\u00e9tation est trompeuse. Si l&rsquo;on distingue effectivement deux drapeaux palestiniens en arri\u00e8re-plan, rien n&rsquo;indique qu&rsquo;il s&rsquo;agisse d&rsquo;une manifestation pro-Hamas ou m\u00eame d&rsquo;un rassemblement en lien avec la cause palestinienne. La vid\u00e9o a \u00e9t\u00e9 sortie de son contexte.<\/p>\n<p>Une vid\u00e9o d\u00e9contextualis\u00e9e<\/p>\n<p class=\"mb-4 text-lg md:leading-8 break-words\">En observant attentivement les images, on peut apercevoir un cr\u00e9dit, \u00ab\u00a0@ C\u00e9dric Canton\u00a0\u00bb, correspondant au nom de l&rsquo;auteur de la vid\u00e9o originale. Une recherche d&rsquo;image invers\u00e9e, associ\u00e9e \u00e0 ce nom, permet de retrouver la s\u00e9quence initiale, publi\u00e9e le 1er mai 2025 sur le compte X de C\u00e9dric Canton, un journaliste fran\u00e7ais.<\/p>\n<p>Une manifestation du 1er mai et non un rassemblement politique<\/p>\n<p class=\"mb-4 text-lg md:leading-8 break-words\">Dans son post d&rsquo;origine, le journaliste pr\u00e9cise que la vid\u00e9o a \u00e9t\u00e9 tourn\u00e9e lors de la manifestation du 1er-Mai, \u00e0 l&rsquo;occasion de la F\u00eate du travail. Les hashtags utilis\u00e9s \u2013 #1erMai, #FeteDuTravail, #InternationalWorkersDay \u2013 confirment sans ambigu\u00eft\u00e9 le contexte r\u00e9el des images.<\/p>\n<p class=\"mb-4 text-lg md:leading-8 break-words\">La vid\u00e9o ne montre donc ni une manifestation pro-Hamas, ni une mobilisation en soutien \u00e0 la Palestine r\u00e9prim\u00e9e par la police, mais un rassemblement syndical annuel, dont certaines images ont \u00e9t\u00e9 r\u00e9interpr\u00e9t\u00e9es de mani\u00e8re fallacieuse.<\/p>\n","protected":false},"excerpt":{"rendered":"Sur les r\u00e9seaux sociaux, une vid\u00e9o est relay\u00e9e par des internautes affirmant qu&rsquo;elle montrerait des partisans du Hamas&hellip;\n","protected":false},"author":2,"featured_media":620057,"comment_status":"","ping_status":"","sticky":false,"template":"","format":"standard","meta":{"footnotes":""},"categories":[1888],"tags":[1111,1928,11,1927,1777,674,1011,27,3519,3371,12,1926,73000,626,1925,25,72999,133],"class_list":{"0":"post-620056","1":"post","2":"type-post","3":"status-publish","4":"format-standard","5":"has-post-thumbnail","7":"category-paris","8":"tag-actu","9":"tag-actu-paris","10":"tag-actualites","11":"tag-actualites-paris","12":"tag-eu","13":"tag-europe","14":"tag-fr","15":"tag-france","16":"tag-hamas","17":"tag-la-police","18":"tag-news","19":"tag-news-paris","20":"tag-nom-de-l39auteur","21":"tag-paris","22":"tag-paris-news","23":"tag-republique-francaise","24":"tag-soutien-a-la-palestine","25":"tag-video"},"share_on_mastodon":{"url":"https:\/\/pubeurope.com\/@fr\/115775133757318056","error":""},"_links":{"self":[{"href":"https:\/\/www.europesays.com\/fr\/wp-json\/wp\/v2\/posts\/620056","targetHints":{"allow":["GET"]}}],"collection":[{"href":"https:\/\/www.europesays.com\/fr\/wp-json\/wp\/v2\/posts"}],"about":[{"href":"https:\/\/www.europesays.com\/fr\/wp-json\/wp\/v2\/types\/post"}],"author":[{"embeddable":true,"href":"https:\/\/www.europesays.com\/fr\/wp-json\/wp\/v2\/users\/2"}],"replies":[{"embeddable":true,"href":"https:\/\/www.europesays.com\/fr\/wp-json\/wp\/v2\/comments?post=620056"}],"version-history":[{"count":0,"href":"https:\/\/www.europesays.com\/fr\/wp-json\/wp\/v2\/posts\/620056\/revisions"}],"wp:featuredmedia":[{"embeddable":true,"href":"https:\/\/www.europesays.com\/fr\/wp-json\/wp\/v2\/media\/620057"}],"wp:attachment":[{"href":"https:\/\/www.europesays.com\/fr\/wp-json\/wp\/v2\/media?parent=620056"}],"wp:term":[{"taxonomy":"category","embeddable":true,"href":"https:\/\/www.europesays.com\/fr\/wp-json\/wp\/v2\/categories?post=620056"},{"taxonomy":"post_tag","embeddable":true,"href":"https:\/\/www.europesays.com\/fr\/wp-json\/wp\/v2\/tags?post=620056"}],"curies":[{"name":"wp","href":"https:\/\/api.w.org\/{rel}","templated":true}]}}