{"id":620058,"date":"2025-12-24T14:58:19","date_gmt":"2025-12-24T14:58:19","guid":{"rendered":"https:\/\/www.europesays.com\/fr\/620058\/"},"modified":"2025-12-24T14:58:19","modified_gmt":"2025-12-24T14:58:19","slug":"maisons-alfort-deux-proxenetes-presumes-envoyes-en-prison","status":"publish","type":"post","link":"https:\/\/www.europesays.com\/fr\/620058\/","title":{"rendered":"Maisons-Alfort\u00a0: deux prox\u00e9n\u00e8tes pr\u00e9sum\u00e9s envoy\u00e9s en prison"},"content":{"rendered":"<p class=\"paragraph text_align_left lp-f-body-02\">Ils passeront No\u00ebl sous les verrous. Deux personnes viennent d\u2019\u00eatre plac\u00e9es en d\u00e9tention provisoire par le parquet de Cr\u00e9teil qui les soup\u00e7onne d\u2019\u00eatre li\u00e9es \u00e0 une affaire de prox\u00e9n\u00e9tisme \u00e0 <a href=\"https:\/\/www.leparisien.fr\/val-de-marne-94\/maisons-alfort-94700\/\" target=\"_self\" rel=\"noopener\">Maisons-Alfort<\/a> (<a href=\"https:\/\/www.leparisien.fr\/val-de-marne-94\/\" target=\"_self\" rel=\"noopener\">Val-de-Marne<\/a>). Les suspects auraient prostitu\u00e9 deux jeunes filles \u00e2g\u00e9es \u00ab\u00a0de 15 \u00e0 18 ans\u00a0\u00bb, indique le parquet.<\/p>\n<p class=\"\">L\u2019affaire a commenc\u00e9 vendredi dernier, le 19\u00a0d\u00e9cembre, lorsqu\u2019une alerte parvient aux policiers en fin de journ\u00e9e. <a href=\"https:\/\/www.leparisien.fr\/oise-60\/elle-a-subi-300-viols-jusqua-6-ans-de-prison-pour-avoir-prostitue-une-adolescente-de-16-ans-20-12-2025-ROOA6HREBNFEVBVDQYUZFWGMVA.php\" target=\"_self\" rel=\"noopener\">Une mineure serait forc\u00e9e de se prostituer<\/a>. Les forces de l\u2019ordre la retrouvent au niveau de la rue Jean-Jaur\u00e8s, \u00e0 Maisons-Alfort, en compagnie d\u2019un homme qui a \u00e9t\u00e9 interpell\u00e9 sur place.<\/p>\n<p class=\"\">Les enqu\u00eateurs comprennent rapidement que l\u2019appartement dans lequel l\u2019adolescente effectuait des passes se trouve non loin, au d\u00e9but de la rue Auguste-Simon, pr\u00e8s de la gare RER Maisons-Alfort-Alfortville.<\/p>\n<p class=\"\">Ils y arr\u00eatent deux autres hommes et une femme. Tous ont \u00e9t\u00e9 plac\u00e9s en garde \u00e0 vue, d\u00e8s vendredi, pour prox\u00e9n\u00e9tisme sur mineur de 15\u00a0ans et 18\u00a0ans.<\/p>\n<p>Enqu\u00eate confi\u00e9e \u00e0 la police judiciaire<\/p>\n<p class=\"\">L\u2019enqu\u00eate a \u00e9t\u00e9 confi\u00e9e \u00e0 la police judiciaire du Val-de-Marne (SDPJ 94), dont les enqu\u00eateurs ont cherch\u00e9 \u00e0 d\u00e9terminer si la jeune fille \u00e9tait l\u00e0 de son plein gr\u00e9.<\/p>\n<p class=\"\">Ils ont proc\u00e9d\u00e9 dans le week-end \u00e0 de nouvelles interpellations. Dimanche soir, cinq personnes dont quatre hommes et une mineure \u00e9taient toujours en garde \u00e0 vue. <a href=\"https:\/\/www.leparisien.fr\/val-de-marne-94\/val-de-marne-sequestree-et-prostituee-une-jeune-fille-sauvee-par-son-client-03-11-2025-ZPVTMLSR5FGFXIDTGHTOW5AV64.php\" target=\"_self\" rel=\"noopener\">Des \u00ab\u00a0jeunes majeurs\u00a0\u00bb, un \u00ab\u00a0profil habituel dans ce type de dossiers\u00a0\u00bb<\/a>, a pr\u00e9cis\u00e9 le parquet de Cr\u00e9teil.<\/p>\n<p class=\"\">Au final, ce dernier a ouvert une information judiciaire \u00ab\u00a0avec la mise en examen de trois individus, dont deux plac\u00e9s en d\u00e9tention provisoire et un plac\u00e9 sous contr\u00f4le judiciaire. Les investigations vont se poursuivre sur commission rogatoire du magistrat instructeur.\u00a0\u00bb<\/p>\n","protected":false},"excerpt":{"rendered":"Ils passeront No\u00ebl sous les verrous. Deux personnes viennent d\u2019\u00eatre plac\u00e9es en d\u00e9tention provisoire par le parquet de&hellip;\n","protected":false},"author":2,"featured_media":620059,"comment_status":"","ping_status":"","sticky":false,"template":"","format":"standard","meta":{"footnotes":""},"categories":[1888],"tags":[11,1777,674,118,1011,27,1944,12,626,25,1125],"class_list":{"0":"post-620058","1":"post","2":"type-post","3":"status-publish","4":"format-standard","5":"has-post-thumbnail","7":"category-paris","8":"tag-actualites","9":"tag-eu","10":"tag-europe","11":"tag-faits-divers","12":"tag-fr","13":"tag-france","14":"tag-ma-ville","15":"tag-news","16":"tag-paris","17":"tag-republique-francaise","18":"tag-val-de-marne"},"share_on_mastodon":{"url":"https:\/\/pubeurope.com\/@fr\/115775137712759171","error":""},"_links":{"self":[{"href":"https:\/\/www.europesays.com\/fr\/wp-json\/wp\/v2\/posts\/620058","targetHints":{"allow":["GET"]}}],"collection":[{"href":"https:\/\/www.europesays.com\/fr\/wp-json\/wp\/v2\/posts"}],"about":[{"href":"https:\/\/www.europesays.com\/fr\/wp-json\/wp\/v2\/types\/post"}],"author":[{"embeddable":true,"href":"https:\/\/www.europesays.com\/fr\/wp-json\/wp\/v2\/users\/2"}],"replies":[{"embeddable":true,"href":"https:\/\/www.europesays.com\/fr\/wp-json\/wp\/v2\/comments?post=620058"}],"version-history":[{"count":0,"href":"https:\/\/www.europesays.com\/fr\/wp-json\/wp\/v2\/posts\/620058\/revisions"}],"wp:featuredmedia":[{"embeddable":true,"href":"https:\/\/www.europesays.com\/fr\/wp-json\/wp\/v2\/media\/620059"}],"wp:attachment":[{"href":"https:\/\/www.europesays.com\/fr\/wp-json\/wp\/v2\/media?parent=620058"}],"wp:term":[{"taxonomy":"category","embeddable":true,"href":"https:\/\/www.europesays.com\/fr\/wp-json\/wp\/v2\/categories?post=620058"},{"taxonomy":"post_tag","embeddable":true,"href":"https:\/\/www.europesays.com\/fr\/wp-json\/wp\/v2\/tags?post=620058"}],"curies":[{"name":"wp","href":"https:\/\/api.w.org\/{rel}","templated":true}]}}