{"id":620068,"date":"2025-12-24T15:03:14","date_gmt":"2025-12-24T15:03:14","guid":{"rendered":"https:\/\/www.europesays.com\/fr\/620068\/"},"modified":"2025-12-24T15:03:14","modified_gmt":"2025-12-24T15:03:14","slug":"des-bateaux-echouent-dans-un-trou-apres-laffaissement-dun-canal-au-royaume-uni","status":"publish","type":"post","link":"https:\/\/www.europesays.com\/fr\/620068\/","title":{"rendered":"Des bateaux \u00e9chouent dans un trou apr\u00e8s l&rsquo;affaissement d&rsquo;un canal au Royaume-Uni"},"content":{"rendered":"<p class=\"shuffle-header__chapo\">Des bateaux sont tomb\u00e9s dans un trou au Royaume-Uni, lundi 22 d\u00e9cembre. Pas de bless\u00e9 mais une grosse frayeur pour les occupants de ces p\u00e9niches. Un remblai du canal a c\u00e9d\u00e9 et l\u2019eau s\u2019est engouffr\u00e9e sur un champ voisin causant l\u2019affaissement du fond du canal.<\/p>\n<p>    Publi\u00e9 le 24\/12\/2025 13:48<\/p>\n<p>      Mis \u00e0 jour le 24\/12\/2025 14:42<\/p>\n","protected":false},"excerpt":{"rendered":"Des bateaux sont tomb\u00e9s dans un trou au Royaume-Uni, lundi 22 d\u00e9cembre. Pas de bless\u00e9 mais une grosse&hellip;\n","protected":false},"author":2,"featured_media":620069,"comment_status":"","ping_status":"","sticky":false,"template":"","format":"standard","meta":{"footnotes":""},"categories":[1588],"tags":[11,1777,674,12,473,1853,1851,1850,1852],"class_list":{"0":"post-620068","1":"post","2":"type-post","3":"status-publish","4":"format-standard","5":"has-post-thumbnail","7":"category-royaume-uni","8":"tag-actualites","9":"tag-eu","10":"tag-europe","11":"tag-news","12":"tag-royaume-uni","13":"tag-royaume-uni-de-grande-bretagne-et-dirlande-du-nord","14":"tag-uk","15":"tag-united-kingdom","16":"tag-united-kingdom-of-great-britain-and-northern-ireland"},"share_on_mastodon":{"url":"https:\/\/pubeurope.com\/@fr\/115775157350598164","error":""},"_links":{"self":[{"href":"https:\/\/www.europesays.com\/fr\/wp-json\/wp\/v2\/posts\/620068","targetHints":{"allow":["GET"]}}],"collection":[{"href":"https:\/\/www.europesays.com\/fr\/wp-json\/wp\/v2\/posts"}],"about":[{"href":"https:\/\/www.europesays.com\/fr\/wp-json\/wp\/v2\/types\/post"}],"author":[{"embeddable":true,"href":"https:\/\/www.europesays.com\/fr\/wp-json\/wp\/v2\/users\/2"}],"replies":[{"embeddable":true,"href":"https:\/\/www.europesays.com\/fr\/wp-json\/wp\/v2\/comments?post=620068"}],"version-history":[{"count":0,"href":"https:\/\/www.europesays.com\/fr\/wp-json\/wp\/v2\/posts\/620068\/revisions"}],"wp:featuredmedia":[{"embeddable":true,"href":"https:\/\/www.europesays.com\/fr\/wp-json\/wp\/v2\/media\/620069"}],"wp:attachment":[{"href":"https:\/\/www.europesays.com\/fr\/wp-json\/wp\/v2\/media?parent=620068"}],"wp:term":[{"taxonomy":"category","embeddable":true,"href":"https:\/\/www.europesays.com\/fr\/wp-json\/wp\/v2\/categories?post=620068"},{"taxonomy":"post_tag","embeddable":true,"href":"https:\/\/www.europesays.com\/fr\/wp-json\/wp\/v2\/tags?post=620068"}],"curies":[{"name":"wp","href":"https:\/\/api.w.org\/{rel}","templated":true}]}}