{"id":620080,"date":"2025-12-24T15:10:18","date_gmt":"2025-12-24T15:10:18","guid":{"rendered":"https:\/\/www.europesays.com\/fr\/620080\/"},"modified":"2025-12-24T15:10:18","modified_gmt":"2025-12-24T15:10:18","slug":"grippe-lepidemie-continue-de-progresser-en-france-toutes-les-classes-dage-sont-concernees","status":"publish","type":"post","link":"https:\/\/www.europesays.com\/fr\/620080\/","title":{"rendered":"Grippe\u00a0: l\u2019\u00e9pid\u00e9mie continue de progresser en France, toutes les classes d\u2019\u00e2ge sont concern\u00e9es"},"content":{"rendered":"<p class=\"lp-f-subtitle-01\">Dans son bulletin publi\u00e9 ce mercredi 24\u00a0d\u00e9cembre, Sant\u00e9 publique France indique que la part des syndromes grippaux parmi les consultations de SOS M\u00e9decins ont \u00e9t\u00e9 en nette hausse \u00e0 l\u2019approche des f\u00eates de fin d\u2019ann\u00e9e.<\/p>\n<p class=\"\">Attention \u00e0 ne pas tomber malade entre l\u2019ouverture de deux cadeaux. Alors que <a href=\"https:\/\/www.leparisien.fr\/societe\/buche-de-noel-chapon-escargots-foie-gras-pourquoi-mange-t-on-toujours-la-meme-chose-pendant-les-fetes-24-12-2025-UXAKQSDV3JDNFOMAVDQLGAEIUE.php\" target=\"_self\" rel=\"noopener\">des millions de Fran\u00e7ais s\u2019appr\u00eatent \u00e0 f\u00eater No\u00ebl<\/a>, l\u2019\u00e9pid\u00e9mie de grippe continue de progresser dans tout le pays, annonce dans son dernier bulletin <a href=\"https:\/\/www.santepubliquefrance.fr\/maladies-et-traumatismes\/maladies-et-infections-respiratoires\/grippe\/documents\/bulletin-national\/infections-respiratoires-aigues-grippe-bronchiolite-covid-19-.-bulletin-du-24-decembre-2025\" target=\"_self\" rel=\"noopener\">Sant\u00e9 publique France<\/a> ce mercredi 24 d\u00e9cembre. Cette semaine, \u00ab l\u2019augmentation concernait toutes les classes d\u2019\u00e2ge mais \u00e9tait particuli\u00e8rement prononc\u00e9e chez les enfants de moins de 15 ans \u00bb, fait savoir l\u2019agence.<\/p>\n<p class=\"\">\u00ab L\u2019ensemble des r\u00e9gions fran\u00e7aises est en \u00e9pid\u00e9mie, except\u00e9 La R\u00e9union, pass\u00e9e en pr\u00e9-\u00e9pid\u00e9mie \u00bb, peut-on lire. La semaine pass\u00e9e, c\u2019\u00e9tait d\u00e9j\u00e0 le cas, mais la Martinique et la Guadeloupe \u00e9taient elles aussi encore en pr\u00e9-\u00e9pid\u00e9mie. La tendance semble identique pour la bronchiolite, selon les donn\u00e9es communiqu\u00e9es par Sant\u00e9 publique France.<\/p>\n<p class=\"\">Concr\u00e8tement, selon Sant\u00e9 publique France, entre le 15 et le 21 d\u00e9cembre, <a href=\"https:\/\/www.leparisien.fr\/societe\/sante\/la-moitie-des-grippes-nen-sont-pas-le-grand-bazar-des-virus-derriere-le-syndrome-grippal-22-01-2025-R6KHSA3NVJHOTAR6P2YF23QFOE.php\" target=\"_self\" rel=\"noopener\">le taux de consultations tous \u00e2ges confondus pour syndrome grippal<\/a> \u00e9tait de 349 pour 100 000 habitants. La semaine pr\u00e9c\u00e9dente, il \u00e9tait estim\u00e9 \u00e0 282 pour 100 000. Une nette hausse. La part des syndromes grippaux parmi les consultations de SOS M\u00e9decins est estim\u00e9e \u00e0 19,28 %, soit 4,9 % de plus qu\u2019entre le 8 et le 14 d\u00e9cembre.<\/p>\n<p class=\"\">\u00ab La part de la grippe parmi les hospitalisations apr\u00e8s passage aux urgences \u00e9tait toujours en augmentation, particuli\u00e8rement chez les enfants, et atteignait le niveau d\u2019intensit\u00e9 mod\u00e9r\u00e9e dans toutes les classes d\u2019\u00e2ge \u00bb, indique \u00e9galement l\u2019agence.<\/p>\n<p>Appel \u00e0 la vaccination et au respect des gestes barri\u00e8re<\/p>\n<p class=\"\">Au 30 novembre 2025, la <a href=\"https:\/\/www.leparisien.fr\/societe\/sante\/grippe-le-gouvernement-debloque-des-stocks-de-vaccins-face-a-linquietude-des-pharmaciens-29-11-2025-RJSZN6VP7ZGFBPPGPHH4A7JHAE.php\" target=\"_self\" rel=\"noopener\">couverture vaccinale<\/a> \u00e9tait estim\u00e9e \u00e0 44,2 % chez les personnes \u00e2g\u00e9es de 65 ans et plus. \u00ab Chez les personnes \u00e2g\u00e9es de moins de 65 ans \u00e0 risque de grippe s\u00e9v\u00e8re, la couverture vaccinale \u00e9tait de 21,3 % \u00bb, note Sant\u00e9 publique France. Les plus de 65 ans, les femmes enceintes, les personnes immunod\u00e9prim\u00e9es ou avec des maladies chroniques restent les plus \u00e0 risque de forme grave.<\/p>\n<p class=\"\">\u00ab L\u2019adoption syst\u00e9matique et par tous des gestes barri\u00e8re est essentielle afin de freiner la diffusion des virus respiratoires et de prot\u00e9ger les personnes les plus \u00e0 risque de formes graves \u00bb, rappelle l\u2019agence, <a href=\"https:\/\/www.leparisien.fr\/societe\/sante\/grippe-83-millions-de-vaccins-vendus-la-campagne-bien-partie-25-11-2025-Q63PPWCR3JH3BGH4ERD33BEAGY.php\" target=\"_self\" rel=\"noopener\">qui souligne l\u2019importance de la vaccination contre la grippe et le Covid-19.<\/a><\/p>\n<p class=\"\">Sur BFMTV mercredi 17 d\u00e9cembre, la ministre de la Sant\u00e9 St\u00e9phanie Rist avait recommand\u00e9 aux Fran\u00e7ais de porter un masque \u00ab pour \u00e9viter la propagation \u00bb du virus. \u00ab Tous les Fran\u00e7ais connaissent ce discours, mais il est de mon devoir de le dire \u00bb, avait-elle justifi\u00e9.<\/p>\n","protected":false},"excerpt":{"rendered":"Dans son bulletin publi\u00e9 ce mercredi 24\u00a0d\u00e9cembre, Sant\u00e9 publique France indique que la part des syndromes grippaux parmi&hellip;\n","protected":false},"author":2,"featured_media":577185,"comment_status":"","ping_status":"","sticky":false,"template":"","format":"standard","meta":{"footnotes":""},"categories":[4],"tags":[11,1011,27,12,25,71,104],"class_list":{"0":"post-620080","1":"post","2":"type-post","3":"status-publish","4":"format-standard","5":"has-post-thumbnail","7":"category-france","8":"tag-actualites","9":"tag-fr","10":"tag-france","11":"tag-news","12":"tag-republique-francaise","13":"tag-sante","14":"tag-societe"},"share_on_mastodon":{"url":"","error":""},"_links":{"self":[{"href":"https:\/\/www.europesays.com\/fr\/wp-json\/wp\/v2\/posts\/620080","targetHints":{"allow":["GET"]}}],"collection":[{"href":"https:\/\/www.europesays.com\/fr\/wp-json\/wp\/v2\/posts"}],"about":[{"href":"https:\/\/www.europesays.com\/fr\/wp-json\/wp\/v2\/types\/post"}],"author":[{"embeddable":true,"href":"https:\/\/www.europesays.com\/fr\/wp-json\/wp\/v2\/users\/2"}],"replies":[{"embeddable":true,"href":"https:\/\/www.europesays.com\/fr\/wp-json\/wp\/v2\/comments?post=620080"}],"version-history":[{"count":0,"href":"https:\/\/www.europesays.com\/fr\/wp-json\/wp\/v2\/posts\/620080\/revisions"}],"wp:featuredmedia":[{"embeddable":true,"href":"https:\/\/www.europesays.com\/fr\/wp-json\/wp\/v2\/media\/577185"}],"wp:attachment":[{"href":"https:\/\/www.europesays.com\/fr\/wp-json\/wp\/v2\/media?parent=620080"}],"wp:term":[{"taxonomy":"category","embeddable":true,"href":"https:\/\/www.europesays.com\/fr\/wp-json\/wp\/v2\/categories?post=620080"},{"taxonomy":"post_tag","embeddable":true,"href":"https:\/\/www.europesays.com\/fr\/wp-json\/wp\/v2\/tags?post=620080"}],"curies":[{"name":"wp","href":"https:\/\/api.w.org\/{rel}","templated":true}]}}