{"id":620083,"date":"2025-12-24T15:14:26","date_gmt":"2025-12-24T15:14:26","guid":{"rendered":"https:\/\/www.europesays.com\/fr\/620083\/"},"modified":"2025-12-24T15:14:26","modified_gmt":"2025-12-24T15:14:26","slug":"le-leader-de-marmara-spikeligue-montpellier-tombe-a-nice-tourcoing-nouveau-leader-lequipe","status":"publish","type":"post","link":"https:\/\/www.europesays.com\/fr\/620083\/","title":{"rendered":"Le leader de Marmara SpikeLigue Montpellier tombe \u00e0 Nice, Tourcoing nouveau leader &#8211; L&#039;\u00c9quipe"},"content":{"rendered":"<ol>\n<li><a href=\"https:\/\/news.google.com\/rss\/articles\/CBMizwFBVV95cUxPczJ2dVJCaHVBUVFUcE53YmlURGNsSmhsbURrRjNxZzUyZUpkQVl6aURGU2R1V0NUQW92b2t3ZUU4M2V2RG4zRXVNb2hYZGxjUVloeDJ5ZnI4ei1IUko2ODlHR3dxZlFPSHVGZFRzb25xekk0VEJIWHJOUmZTSHlnc0tnYW9jNDdSUWN1dWVrRlBYZnZDUDdkalk5cndTcFlLR3BvQTJtRlZ4b0tra19KcXZ2ZVdDMF96YUZRU25WQ2U3eDIwN1l0eWpqNTNUcUE?oc=5\" target=\"_blank\" rel=\"noopener\">Le leader de Marmara SpikeLigue Montpellier tombe \u00e0 Nice, Tourcoing nouveau leader<\/a>&nbsp;&nbsp;L&rsquo;\u00c9quipe<\/li>\n<li><a href=\"https:\/\/news.google.com\/rss\/articles\/CBMizgFBVV95cUxQVnpXVjVTYVliSmxseEJmVUYxWjVFUHBlSG92bFczZjBvMnNibWZsY3J2WjNWZ2pIcjVSYWlQd1RPUHNUdFZsNzVHdkN3bmttM3NOUmlVVDlPaUZiZ2NkUGFZMERVWEJoVVJGUndoLWpjVThKRlNVdFN6Zmt6TzdSeVF1RE1hOXZUTl8xVGxobkgwYzNfTVNvZXVyVVhjZHkzdVhRMnpLeTJTVkNvYXVCclRzNU5xQ2xfc3lzMklMMXQyeEo1SmNwUmdQTVlxQQ?oc=5\" target=\"_blank\" rel=\"noopener\">Pi\u00e9g\u00e9s \u00e0 Nice, les volleyeurs montpelli\u00e9rains laissent la place de leader \u00e0 Tourcoing<\/a>&nbsp;&nbsp;Midi Libre<\/li>\n<li><a href=\"https:\/\/news.google.com\/rss\/articles\/CBMipgFBVV95cUxNaGJJZW5yRkR2Q05jQWJpZE1lN241WTVScWt6VkxCSTZWeUpPMjV2VHBPSTFrd1FYa0ktY2NaRUhFMnlxUU1CSWl4akdVT09xaHo5WDFXekFPYjMwUmhReU5EUEpuQUoyTVJnY1hVU0VPVHpvUXhFaEgya3NBLUdDVzhDc1VMY1paaC1IWkNGSlRLQ3VWODNaU1VYY0lWU3lMUmNibWNR?oc=5\" target=\"_blank\" rel=\"noopener\">Volley (Pro A) : Tourcoing enfile le costume de leader !<\/a>&nbsp;&nbsp;La Voix du Nord<\/li>\n<li><a href=\"https:\/\/news.google.com\/rss\/articles\/CBMihgFBVV95cUxPMklWR1F2WWJOckF2SklxdWt6Z2M0a2NGWWFLX3hJdGNfeE15Z1BUMm1hSGVHZjNYLUtxSEhUdVAxdHlCRk1lQ2tLYl9tTE5hRk1jUVhMRnR1VXdqdkM1VndMYWE4NkVmbHRObDF1Qmt0bDhuVEdyUlE1b0NET1FheS15SnZ2Zw?oc=5\" target=\"_blank\" rel=\"noopener\">Tourcoing s\u2019installe, Mulhouse s\u2019impose<\/a>&nbsp;&nbsp;LNV<\/li>\n<li><a href=\"https:\/\/news.google.com\/rss\/articles\/CBMiugFBVV95cUxPZ2FzeG1JWE9oSWM0Y1diV2x3ZGN4RmlWTThLRFBnWjVlSl9FNjdBWjllaXZOUENxbVQwQmFuQk8tOFV5LVlRWXptdU9QOGtWY3RobFRkYXJDalcwLTZKVUwwRUlOQjhOZkpseXpGU0U5WDdwRjNhZERDYXQzbzlxZkd2bzludkI2U1ZhUHJSaldjR2F1UVBzYU9NaEdsQWZnRHhvMURxcDZnVlNMaEpfbzZrVWNuUzNGZVE?oc=5\" target=\"_blank\" rel=\"noopener\">L\u2019exploit du Nice VB qui se paie Montpellier, le leader du championnat !<\/a>&nbsp;&nbsp;Nice-Matin<\/li>\n<\/ol>\n","protected":false},"excerpt":{"rendered":"Le leader de Marmara SpikeLigue Montpellier tombe \u00e0 Nice, Tourcoing nouveau leader&nbsp;&nbsp;L&rsquo;\u00c9quipe Pi\u00e9g\u00e9s \u00e0 Nice, les volleyeurs montpelli\u00e9rains&hellip;\n","protected":false},"author":2,"featured_media":620084,"comment_status":"","ping_status":"","sticky":false,"template":"","format":"standard","meta":{"footnotes":""},"categories":[1417],"tags":[1011,27,60,1470,1469],"class_list":{"0":"post-620083","1":"post","2":"type-post","3":"status-publish","4":"format-standard","5":"has-post-thumbnail","7":"category-volley","8":"tag-fr","9":"tag-france","10":"tag-sports","11":"tag-volley","12":"tag-volleyball"},"share_on_mastodon":{"url":"https:\/\/pubeurope.com\/@fr\/115775200610425459","error":""},"_links":{"self":[{"href":"https:\/\/www.europesays.com\/fr\/wp-json\/wp\/v2\/posts\/620083","targetHints":{"allow":["GET"]}}],"collection":[{"href":"https:\/\/www.europesays.com\/fr\/wp-json\/wp\/v2\/posts"}],"about":[{"href":"https:\/\/www.europesays.com\/fr\/wp-json\/wp\/v2\/types\/post"}],"author":[{"embeddable":true,"href":"https:\/\/www.europesays.com\/fr\/wp-json\/wp\/v2\/users\/2"}],"replies":[{"embeddable":true,"href":"https:\/\/www.europesays.com\/fr\/wp-json\/wp\/v2\/comments?post=620083"}],"version-history":[{"count":0,"href":"https:\/\/www.europesays.com\/fr\/wp-json\/wp\/v2\/posts\/620083\/revisions"}],"wp:featuredmedia":[{"embeddable":true,"href":"https:\/\/www.europesays.com\/fr\/wp-json\/wp\/v2\/media\/620084"}],"wp:attachment":[{"href":"https:\/\/www.europesays.com\/fr\/wp-json\/wp\/v2\/media?parent=620083"}],"wp:term":[{"taxonomy":"category","embeddable":true,"href":"https:\/\/www.europesays.com\/fr\/wp-json\/wp\/v2\/categories?post=620083"},{"taxonomy":"post_tag","embeddable":true,"href":"https:\/\/www.europesays.com\/fr\/wp-json\/wp\/v2\/tags?post=620083"}],"curies":[{"name":"wp","href":"https:\/\/api.w.org\/{rel}","templated":true}]}}