{"id":620095,"date":"2025-12-24T15:23:16","date_gmt":"2025-12-24T15:23:16","guid":{"rendered":"https:\/\/www.europesays.com\/fr\/620095\/"},"modified":"2025-12-24T15:23:16","modified_gmt":"2025-12-24T15:23:16","slug":"lorraine-cedric-jacquot-photographe-a-lest-republicain-remporte-le-prix-maxppp-de-la-photo-de-lannee","status":"publish","type":"post","link":"https:\/\/www.europesays.com\/fr\/620095\/","title":{"rendered":"Lorraine. C\u00e9dric Jacquot, photographe \u00e0 L\u2019Est R\u00e9publicain, remporte le prix MaxPPP de la photo de l\u2019ann\u00e9e"},"content":{"rendered":"<p>L\u2019\u00e9motion et la joie. De l\u2019int\u00e9ress\u00e9, bien s\u00fbr, mais aussi de tout un journal, de tout un groupe, <a href=\"https:\/\/www.ebra.fr\/\" target=\"_blank\" rel=\"noopener\">Ebra<\/a> , qui d\u00e9fend l\u2019information, la rigueur et la qualit\u00e9.<\/p>\n<p>C\u00e9dric Jacquot, 40 ans, photographe \u00e0 <a href=\"https:\/\/www.estrepublicain.fr\/\" target=\"_blank\" rel=\"noopener\">L\u2019Est R\u00e9publicain<\/a> depuis onze ans, vient de remporter le prix de la photo MaxPPP de l\u2019ann\u00e9e 2025 dans la cat\u00e9gorie \u00ab\u00a0Actualit\u00e9\u00a0\u00bb.<\/p>\n<p>Le concours <a href=\"https:\/\/blog.maxppp.com\/\" target=\"_blank\" rel=\"noopener\">MaxPPP<\/a> est un immense concours pour la presse. Au niveau des chiffres, l\u2019\u00e9dition 2025 donne le tournis\u00a0: 359\u00a0000 de photos de presse quotidienne r\u00e9gionale (PQR) re\u00e7ues du 1 er \u00a0janvier au 30\u00a0novembre\u00a0; 386 photos s\u00e9lectionn\u00e9es cette ann\u00e9e pour participer au concours\u00a0; 35 photos s\u00e9lectionn\u00e9es chaque mois, toute cat\u00e9gorie confondue\u2026<\/p>\n<p>Au t\u00e9l\u00e9phone ce mercredi 24\u00a0d\u00e9cembre, il se souvient parfaitement de ce moment.<\/p>\n<p>\u00ab\u00a0Ce lundi 24\u00a0f\u00e9vrier 2025, j\u2019avais pour sujet le passage d\u2019un convoi exceptionnel traversant l\u2019agglom\u00e9ration nanc\u00e9ienne. Ce convoi transportait une chaudi\u00e8re de 165 tonnes, destin\u00e9e \u00e0 l\u2019usine Novacarb, \u00e0 Laneuveville-devant-Nancy. J\u2019ai commenc\u00e9 \u00e0 suivre son trajet \u00e0 partir d\u2019Essey-l\u00e8s-Nancy, jusqu\u2019\u00e0 Tomblaine, capturant tous les clich\u00e9s n\u00e9cessaires pour illustrer mon reportage. Cependant, connaissant l\u2019existence d\u2019un tablier provisoire install\u00e9 <a href=\"https:\/\/www.estrepublicain.fr\/transport\/2025\/02\/25\/sauvetage-du-convoi-exceptionnel-pres-de-nancy-ce-qu-on-sait-ce-mardi#75431738-c17d-4286-ba1a-58682c74fbc4\" target=\"_blank\" rel=\"noopener\">sur le pont Gabriel-Faur\u00e9 \u00e0 Jarville,<\/a> je savais que ce point offrirait les meilleures perspectives pour photographier l\u2019\u00e9norme convoi en mouvement\u00a0\u00bb, raconte-t-il.<\/p>\n<p>Le photographe poursuit\u00a0: \u00ab\u00a0\u00c0 l\u2019entr\u00e9e de Jarville, j\u2019ai donc d\u00e9cid\u00e9 de d\u00e9crocher afin de me positionner strat\u00e9giquement sur le pont, pr\u00eat \u00e0 saisir l\u2019instant. \u00c0 l\u2019arriv\u00e9e du convoi sur le tablier provisoire, j\u2019\u00e9tais d\u00e9j\u00e0 en place, \u00e9quip\u00e9 de deux bo\u00eetiers Nikon Z6 II, l\u2019un mont\u00e9 avec un Nikon 70-200\u00a0mm, l\u2019autre avec un Nikon 16-24\u00a0mm. Lorsque le convoi a commenc\u00e9 \u00e0 basculer l\u00e9g\u00e8rement \u00e0 plusieurs reprises sur la gauche, je capturais des d\u00e9tails de la chaudi\u00e8re avec mon t\u00e9l\u00e9objectif. Mais en voyant que la situation devenait critique, j\u2019ai imm\u00e9diatement compris que <a href=\"https:\/\/www.estrepublicain.fr\/economie\/2025\/02\/24\/manoeuvre-sur-le-pont-gabreil-faure-a-jarville-pour-faire-passer-un-convoi-exceptionnel\" target=\"_blank\" rel=\"noopener\">le moment \u00e9tait crucial<\/a> et qu\u2019il fallait absolument capturer ce qui allait se produire\u2026\u00a0\u00bb<\/p>\n<p>  \u00ab\u00a0Reconnaissance du travail de terrain\u00a0\u00bb<\/p>\n<p>\u00ab\u00a0Sans perdre une seconde, je me suis repositionn\u00e9 tout en changeant de bo\u00eetier. L\u2019urgence \u00e9tait palpable. C\u2019est \u00e0 ce moment pr\u00e9cis que j\u2019ai immortalis\u00e9 l\u2019instant o\u00f9 le chauffeur s\u2019\u00e9jecte de sa cabine pour sauver sa vie, alors que le convoi basculait d\u00e9finitivement. Ce clich\u00e9 a \u00e9t\u00e9 r\u00e9alis\u00e9 avec un bo\u00eetier Nikon Z6 II, \u00e9quip\u00e9 d\u2019un objectif 16-35\u00a0mm, au 24\u00a0mm, en mode manuel, avec les r\u00e9glages suivants\u00a0: f\/8, 1\/400 sec, ISO 640\u00a0\u00bb, pr\u00e9cise C\u00e9dric.<\/p>\n<p>Ce qu\u2019il retient de cette s\u00e9quence incroyable\u00a0? \u00ab\u00a0Mon objectif \u00e9tait de documenter l\u2019\u00e9v\u00e9nement avec fid\u00e9lit\u00e9, en mettant en lumi\u00e8re \u00e0 la fois la tension dramatique et le facteur humain inh\u00e9rent \u00e0 ce genre de situation. Recevoir le prix MaxPPP pour ce reportage est une immense fiert\u00e9. C\u2019est une reconnaissance du travail de terrain, des risques qu\u2019il implique, ainsi que de la r\u00e9activit\u00e9 et de l\u2019engagement qu\u2019exige le <a href=\"https:\/\/www.republicain-lorrain.fr\/culture-loisirs\/2025\/11\/08\/photojournalisme-les-bonnes-conditions-n-existent-jamais\" target=\"_blank\" rel=\"noopener\">photojournalisme<\/a>.\u00a0\u00bb<\/p>\n","protected":false},"excerpt":{"rendered":"L\u2019\u00e9motion et la joie. De l\u2019int\u00e9ress\u00e9, bien s\u00fbr, mais aussi de tout un journal, de tout un groupe,&hellip;\n","protected":false},"author":2,"featured_media":620096,"comment_status":"","ping_status":"","sticky":false,"template":"","format":"standard","meta":{"footnotes":""},"categories":[1358],"tags":[1348,1384,1385,1687,1386,58,1704,59,274,1011,27,1702,1703,273,104],"class_list":{"0":"post-620095","1":"post","2":"type-post","3":"status-publish","4":"format-standard","5":"has-post-thumbnail","7":"category-arts-et-design","8":"tag-arts","9":"tag-arts-and-design","10":"tag-arts-et-design","11":"tag-culture-loisirs","12":"tag-design","13":"tag-divertissement","14":"tag-edition-nancy-et-agglomeration","15":"tag-entertainment","16":"tag-faits-divers-justice","17":"tag-fr","18":"tag-france","19":"tag-nancy","20":"tag-nancy-ville-54b","21":"tag-selection-de-la-redaction","22":"tag-societe"},"share_on_mastodon":{"url":"https:\/\/pubeurope.com\/@fr\/115775235874414655","error":""},"_links":{"self":[{"href":"https:\/\/www.europesays.com\/fr\/wp-json\/wp\/v2\/posts\/620095","targetHints":{"allow":["GET"]}}],"collection":[{"href":"https:\/\/www.europesays.com\/fr\/wp-json\/wp\/v2\/posts"}],"about":[{"href":"https:\/\/www.europesays.com\/fr\/wp-json\/wp\/v2\/types\/post"}],"author":[{"embeddable":true,"href":"https:\/\/www.europesays.com\/fr\/wp-json\/wp\/v2\/users\/2"}],"replies":[{"embeddable":true,"href":"https:\/\/www.europesays.com\/fr\/wp-json\/wp\/v2\/comments?post=620095"}],"version-history":[{"count":0,"href":"https:\/\/www.europesays.com\/fr\/wp-json\/wp\/v2\/posts\/620095\/revisions"}],"wp:featuredmedia":[{"embeddable":true,"href":"https:\/\/www.europesays.com\/fr\/wp-json\/wp\/v2\/media\/620096"}],"wp:attachment":[{"href":"https:\/\/www.europesays.com\/fr\/wp-json\/wp\/v2\/media?parent=620095"}],"wp:term":[{"taxonomy":"category","embeddable":true,"href":"https:\/\/www.europesays.com\/fr\/wp-json\/wp\/v2\/categories?post=620095"},{"taxonomy":"post_tag","embeddable":true,"href":"https:\/\/www.europesays.com\/fr\/wp-json\/wp\/v2\/tags?post=620095"}],"curies":[{"name":"wp","href":"https:\/\/api.w.org\/{rel}","templated":true}]}}