{"id":620111,"date":"2025-12-24T15:34:12","date_gmt":"2025-12-24T15:34:12","guid":{"rendered":"https:\/\/www.europesays.com\/fr\/620111\/"},"modified":"2025-12-24T15:34:12","modified_gmt":"2025-12-24T15:34:12","slug":"ce-nest-pas-habituel-pourquoi-la-galere-perdure-pour-le-suivi-des-colis-apres-la-cyberattaque-visant-la-poste","status":"publish","type":"post","link":"https:\/\/www.europesays.com\/fr\/620111\/","title":{"rendered":"\u00ab\u00a0Ce n\u2019est pas habituel\u00a0\u00bb\u00a0: pourquoi la gal\u00e8re perdure pour le suivi des colis apr\u00e8s la cyberattaque visant La Poste"},"content":{"rendered":"<p class=\"paragraph text_align_left lp-f-body-02\">Cl\u00e9ment est soulag\u00e9. \u00ab Hier (mardi), je n\u2019arrivais pas \u00e0 aller sur le site de La Poste pour voir o\u00f9 \u00e9tait mon colis, mais j\u2019ai re\u00e7u un mail dans la soir\u00e9e avec toutes les informations. Je vais pouvoir r\u00e9cup\u00e9rer mon paquet \u00bb, raconte le trentenaire, qui s\u2019est fait livrer un cadeau \u00e0 Bordeaux o\u00f9 il passe No\u00ebl avec sa famille. Laurence, elle, attend toujours son colis en Haute-Savoie. Mardi, au bureau de poste, \u00ab la dame de l\u2019accueil \u00e9tait d\u00e9bord\u00e9e par les demandes et ne m\u2019a pas rappel\u00e9e \u00bb, regrette cette Parisienne en vill\u00e9giature, r\u00e9sign\u00e9e \u00e0 <a href=\"https:\/\/www.leparisien.fr\/economie\/consommation\/cest-le-foutoir-la-cyberattaque-a-la-poste-perturbe-toujours-la-livraison-des-colis-avant-noel-23-12-2025-6JD5PD24WNBJZMRVZW7H2WBTLQ.php\" target=\"_blank\" rel=\"noreferrer noopener\">passer No\u00ebl sans le cadeau offert par ses deux fils<\/a>.<\/p>\n<p class=\"\">Comme de nombreux Fran\u00e7ais, tous les deux ont \u00e9t\u00e9 impact\u00e9s par la cyberattaque <a href=\"https:\/\/www.leparisien.fr\/faits-divers\/le-groupe-de-cybercriminels-prorusse-noname057-16-revendique-la-cyberattaque-contre-la-poste-23-12-2025-MA7T6A6C65BRBMI7CALLEL6ESI.php\" target=\"_blank\" rel=\"noreferrer noopener\">revendiqu\u00e9e par le groupe de cybercriminels prorusse \u00ab NoName057 (16) \u00bb<\/a> et qui touche La Poste et ses services en ligne depuis lundi matin.<\/p>\n<p>Une telle dur\u00e9e \u00ab ne correspond pas au sch\u00e9ma habituel \u00bb<\/p>\n<p class=\"\">L\u2019entreprise indique ce mercredi midi que cette offensive informatique \u00ab d\u2019une ampleur et d\u2019une puissance in\u00e9dite \u00bb est toujours en cours. \u00ab Elle est fluctuante et a perdu en intensit\u00e9. L\u2019acc\u00e8s \u00e0 nos services en ligne s\u2019est am\u00e9lior\u00e9. Une instabilit\u00e9 demeure cependant sur laposte.fr rendant le suivi des colis difficile sans emp\u00eacher la livraison. \u00bb Ses \u00e9quipes sont mobilis\u00e9es pour r\u00e9soudre cette difficult\u00e9.<\/p>\n<p class=\"\">Le fait que l\u2019attaque dure aussi longtemps interpelle les experts. \u00ab Normalement, une attaque DDoS (NDLR, <a href=\"https:\/\/www.leparisien.fr\/high-tech\/ransomware-deni-de-service-defacing-petit-lexique-de-la-cybermalveillance-14-03-2024-YKTEWESYOFDYLO5QUY7DMUVDNU.php\" rel=\"noopener\" target=\"_blank\">attaque par d\u00e9ni de service <\/a>qui consiste \u00e0 g\u00e9n\u00e9rer des milliers de requ\u00eates l\u00e9gitimes pour saturer un service ou un site web) dure quelques minutes, voire quelques heures. L\u00e0, c\u2019est depuis lundi matin, c\u2019est assez \u00e9trange \u00bb, avance Adrien Merveille, directeur technique et expert cyber chez Check Point Software.<\/p>\n<p class=\"\">Selon lui, plusieurs hypoth\u00e8ses peuvent expliquer cette situation. \u00ab L\u2019attaque a peut-\u00eatre g\u00e9n\u00e9r\u00e9 un souci technique chez La Poste ou chez un fournisseur de service, par exemple un \u00e9quipement d\u00e9grad\u00e9 par l\u2019attaque. \u00bb Il ajoute : \u00ab En g\u00e9n\u00e9ral, quand une attaque DDoS (par d\u00e9ni de service) s\u2019arr\u00eate, le service repart. Le fait que ce soit aussi long ne correspond pas au sch\u00e9ma habituel. \u00bb<\/p>\n<p>Retour \u00e0 la normale \u00e0 La Banque postale<\/p>\n<p class=\"\">L\u2019expert en s\u00e9curit\u00e9 informatique \u00e9voque \u00e9galement la possibilit\u00e9 d\u2019un effet de diversion. \u00ab Parfois, une telle attaque sert \u00e0 d\u00e9tourner l\u2019attention pendant qu\u2019une autre phase est en cours, comme l\u2019exploitation d\u2019une vuln\u00e9rabilit\u00e9 pour exfiltrer des donn\u00e9es. Mais ce sc\u00e9nario ne colle pas vraiment avec le groupe NoName qui a revendiqu\u00e9 l\u2019attaque, leur mode op\u00e9ratoire \u00e9tant surtout id\u00e9ologique et bas\u00e9 sur le d\u00e9ni de service. \u00bb Enfin, il n\u2019exclut pas que \u00ab les d\u00e9g\u00e2ts caus\u00e9s par l\u2019attaque soient toujours pr\u00e9sents, rendant la remise en route des services plus longue que d\u2019ordinaire \u00bb.<\/p>\n<p class=\"\">Si vous attendez un colis, La Poste vous conseille d\u2019aller directement au bureau de poste o\u00f9 l\u2019arriv\u00e9e est pr\u00e9vue ou de patienter chez vous. La distribution des colis et des courriers continue \u00e0 se d\u00e9rouler normalement ainsi que la remise des instances en bureau de poste. Concernant La Banque Postale, l\u2019activit\u00e9 de banque en ligne a repris normalement. Les op\u00e9rations bancaires en bureau de poste continuent de fonctionner normalement et tous les centres d\u2019appels sont op\u00e9rationnels.<\/p>\n","protected":false},"excerpt":{"rendered":"Cl\u00e9ment est soulag\u00e9. \u00ab Hier (mardi), je n\u2019arrivais pas \u00e0 aller sur le site de La Poste pour&hellip;\n","protected":false},"author":2,"featured_media":620112,"comment_status":"","ping_status":"","sticky":false,"template":"","format":"standard","meta":{"footnotes":""},"categories":[6],"tags":[35,33,34,1011,27,142],"class_list":{"0":"post-620111","1":"post","2":"type-post","3":"status-publish","4":"format-standard","5":"has-post-thumbnail","7":"category-economie","8":"tag-business","9":"tag-economie","10":"tag-economy","11":"tag-fr","12":"tag-france","13":"tag-high-tech"},"share_on_mastodon":{"url":"https:\/\/pubeurope.com\/@fr\/115775279268682021","error":""},"_links":{"self":[{"href":"https:\/\/www.europesays.com\/fr\/wp-json\/wp\/v2\/posts\/620111","targetHints":{"allow":["GET"]}}],"collection":[{"href":"https:\/\/www.europesays.com\/fr\/wp-json\/wp\/v2\/posts"}],"about":[{"href":"https:\/\/www.europesays.com\/fr\/wp-json\/wp\/v2\/types\/post"}],"author":[{"embeddable":true,"href":"https:\/\/www.europesays.com\/fr\/wp-json\/wp\/v2\/users\/2"}],"replies":[{"embeddable":true,"href":"https:\/\/www.europesays.com\/fr\/wp-json\/wp\/v2\/comments?post=620111"}],"version-history":[{"count":0,"href":"https:\/\/www.europesays.com\/fr\/wp-json\/wp\/v2\/posts\/620111\/revisions"}],"wp:featuredmedia":[{"embeddable":true,"href":"https:\/\/www.europesays.com\/fr\/wp-json\/wp\/v2\/media\/620112"}],"wp:attachment":[{"href":"https:\/\/www.europesays.com\/fr\/wp-json\/wp\/v2\/media?parent=620111"}],"wp:term":[{"taxonomy":"category","embeddable":true,"href":"https:\/\/www.europesays.com\/fr\/wp-json\/wp\/v2\/categories?post=620111"},{"taxonomy":"post_tag","embeddable":true,"href":"https:\/\/www.europesays.com\/fr\/wp-json\/wp\/v2\/tags?post=620111"}],"curies":[{"name":"wp","href":"https:\/\/api.w.org\/{rel}","templated":true}]}}