{"id":620127,"date":"2025-12-24T15:45:26","date_gmt":"2025-12-24T15:45:26","guid":{"rendered":"https:\/\/www.europesays.com\/fr\/620127\/"},"modified":"2025-12-24T15:45:26","modified_gmt":"2025-12-24T15:45:26","slug":"patricia-carrier-elue-a-la-presidence-de-la-commission-medicale","status":"publish","type":"post","link":"https:\/\/www.europesays.com\/fr\/620127\/","title":{"rendered":"Patricia Carrier, \u00e9lue \u00e0 la pr\u00e9sidence de la Commission M\u00e9dicale (\u2026)"},"content":{"rendered":"<p>                    <img loading=\"lazy\" decoding=\"async\" src=\"https:\/\/www.europesays.com\/fr\/wp-content\/uploads\/2025\/12\/1ca6b3a520995e4878f5372ed0688d.jpg\" class=\"img-responsive post-image\" width=\"680\" height=\"510\" alt=\"Patricia Carrier, \u00e9lue \u00e0\" title=\"Patricia Carrier, \u00e9lue \u00e0 la pr\u00e9sidence de la Commission M\u00e9dicale d'\u00c9tablissement du CHITS\"\/><\/p>\n<p class=\"chapo\">Le Dr Patricia Carrier, m\u00e9decin nucl\u00e9aire, a \u00e9t\u00e9 \u00e9lue \u00e0 la pr\u00e9sidence de la Commission M\u00e9dicale d\u2019\u00c9tablissement (CME) du CHITS pour une dur\u00e9e de 4 ans.<\/p>\n<p>Elle succ\u00e8de au Dr Yannick Knefati. Dans sa mission, le Dr Patricia Carrier est assist\u00e9e par deux vice-pr\u00e9sidents\u00a0: le Dr Pierre-Olivier Fais, chirurgien urologue et chef du p\u00f4le de Chirurgie et le Dr Val\u00e9rie Dahan, m\u00e9decin urgentiste.<br class=\"texte\"\/><br \/>\nLa Commission M\u00e9dicale d\u2019Etablissement est l\u2019instance repr\u00e9sentative du corps m\u00e9dical, elle joue un r\u00f4le essentiel dans la gouvernance de l\u2019h\u00f4pital en participant \u00e0 l\u2019\u00e9laboration et \u00e0 la mise en \u0153uvre du projet m\u00e9dical, en veillant \u00e0 la qualit\u00e9 et \u00e0 la s\u00e9curit\u00e9 des soins, et en contribuant \u00e0 la politique de recherche, d\u2019enseignement et d\u2019innovation.<\/p>\n<p>Bio express<\/p>\n<p>Le Dr Patricia Carrier a rejoint le Centre Hospitalier Intercommunal Toulon-La Seyne-sur-Mer en 2009 en tant que cheffe de service de m\u00e9decine nucl\u00e9aire. Elle a exerc\u00e9 les fonctions de cheffe de p\u00f4le de l\u2019imagerie m\u00e9dicale puis du p\u00f4le inter \u00e9tablissement \u00ab\u00a0soins ambulatoires\u00a0\u00bb.<br class=\"autobr\"\/><br \/>\nApr\u00e8s avoir rappel\u00e9 que le patient \u00e9tait au centre de ses priorit\u00e9s, la nouvelle pr\u00e9sidente de la CME a pr\u00e9cis\u00e9 ses th\u00e9matiques de travail pour cette mandature\u00a0: \u00ab\u00a0Je vais travailler sur la coh\u00e9sion et l\u2019union de la communaut\u00e9 m\u00e9dicale, la compl\u00e9mentarit\u00e9 entre les activit\u00e9s programm\u00e9es et non programm\u00e9es et sur la n\u00e9cessit\u00e9 d\u2019un co-pilotage responsable au regard de la situation financi\u00e8re de l\u2019\u00e9tablissement. Je souhaite \u00e9galement d\u00e9velopper de nouvelles activit\u00e9s m\u00e9dicales et des investissements et assurer le soutien \u00e0 la recherche clinique et aux innovations technologiques\u00a0\u00bb.<br class=\"autobr\"\/><br \/>\nDe son c\u00f4t\u00e9, la direction de l\u2019\u00e9tablissement a f\u00e9licit\u00e9 la nouvelle pr\u00e9sidence de la CME et remerci\u00e9 les Docteurs Yannick KNEFATI, Laurent DUCROS, Daniel RAUCOULES et Aur\u00e9lie MAIGNAN, respectivement anciens pr\u00e9sident et vice-pr\u00e9sidents de la pr\u00e9c\u00e9dente CME pour leur engagement et leur action au service du projet m\u00e9dical de l\u2019\u00e9tablissement.<\/p>\n<p>Photo de Une\u00a0: de gauche \u00e0 droite\u00a0: Dr Pierre-Olivier FAIS, Dr Patricia CARRIER, Dr Val\u00e9rie DAHAN, Yann LE BRAS, directeur du CHITS, Elisabeth COULOMB, adjointe au directeur. \u00a9CHITS<\/p>\n","protected":false},"excerpt":{"rendered":"Le Dr Patricia Carrier, m\u00e9decin nucl\u00e9aire, a \u00e9t\u00e9 \u00e9lue \u00e0 la pr\u00e9sidence de la Commission M\u00e9dicale d\u2019\u00c9tablissement (CME)&hellip;\n","protected":false},"author":2,"featured_media":620128,"comment_status":"","ping_status":"","sticky":false,"template":"","format":"standard","meta":{"footnotes":""},"categories":[9619],"tags":[1111,11,2408,1777,674,1011,27,12,882,25,2310],"class_list":{"0":"post-620127","1":"post","2":"type-post","3":"status-publish","4":"format-standard","5":"has-post-thumbnail","7":"category-toulon","8":"tag-actu","9":"tag-actualites","10":"tag-appels-d","11":"tag-eu","12":"tag-europe","13":"tag-fr","14":"tag-france","15":"tag-news","16":"tag-provence-alpes-cote-dazur","17":"tag-republique-francaise","18":"tag-toulon"},"share_on_mastodon":{"url":"https:\/\/pubeurope.com\/@fr\/115775323261308646","error":""},"_links":{"self":[{"href":"https:\/\/www.europesays.com\/fr\/wp-json\/wp\/v2\/posts\/620127","targetHints":{"allow":["GET"]}}],"collection":[{"href":"https:\/\/www.europesays.com\/fr\/wp-json\/wp\/v2\/posts"}],"about":[{"href":"https:\/\/www.europesays.com\/fr\/wp-json\/wp\/v2\/types\/post"}],"author":[{"embeddable":true,"href":"https:\/\/www.europesays.com\/fr\/wp-json\/wp\/v2\/users\/2"}],"replies":[{"embeddable":true,"href":"https:\/\/www.europesays.com\/fr\/wp-json\/wp\/v2\/comments?post=620127"}],"version-history":[{"count":0,"href":"https:\/\/www.europesays.com\/fr\/wp-json\/wp\/v2\/posts\/620127\/revisions"}],"wp:featuredmedia":[{"embeddable":true,"href":"https:\/\/www.europesays.com\/fr\/wp-json\/wp\/v2\/media\/620128"}],"wp:attachment":[{"href":"https:\/\/www.europesays.com\/fr\/wp-json\/wp\/v2\/media?parent=620127"}],"wp:term":[{"taxonomy":"category","embeddable":true,"href":"https:\/\/www.europesays.com\/fr\/wp-json\/wp\/v2\/categories?post=620127"},{"taxonomy":"post_tag","embeddable":true,"href":"https:\/\/www.europesays.com\/fr\/wp-json\/wp\/v2\/tags?post=620127"}],"curies":[{"name":"wp","href":"https:\/\/api.w.org\/{rel}","templated":true}]}}