{"id":620142,"date":"2025-12-24T16:08:13","date_gmt":"2025-12-24T16:08:13","guid":{"rendered":"https:\/\/www.europesays.com\/fr\/620142\/"},"modified":"2025-12-24T16:08:13","modified_gmt":"2025-12-24T16:08:13","slug":"une-soiree-qui-fait-debat","status":"publish","type":"post","link":"https:\/\/www.europesays.com\/fr\/620142\/","title":{"rendered":"une soir\u00e9e qui fait d\u00e9bat"},"content":{"rendered":"<p>Une image aper\u00e7ue pendant les f\u00eates<br \/>\nintrigue les supporters rennais. En coulisses, le club surveille un<br \/>\npossible \u00e9cart qui fait d\u00e9j\u00e0 d\u00e9bat.<\/p>\n<p data-start=\"510\" data-end=\"1054\">La tr\u00eave hivernale est souvent<br \/>\nun moment \u00e0 double tranchant pour les clubs professionnels. D\u2019un<br \/>\nc\u00f4t\u00e9, un temps de r\u00e9cup\u00e9ration indispensable. De l\u2019autre, une<br \/>\np\u00e9riode o\u00f9 chaque geste hors terrain est scrut\u00e9, interpr\u00e9t\u00e9,<br \/>\nparfois amplifi\u00e9. \u00c0 Rennes, alors que le club a termin\u00e9 l\u2019ann\u00e9e<br \/>\ndans une dynamique plut\u00f4t rassurante, une s\u00e9quence capt\u00e9e pendant<br \/>\nles f\u00eates de No\u00ebl commence \u00e0 faire du bruit en marge de l\u2019actualit\u00e9<br \/>\nsportive. Suffisamment pour alimenter les discussions chez les<br \/>\nsupporters, m\u00eame si rien n\u2019a encore \u00e9t\u00e9 confirm\u00e9<br \/>\nofficiellement.<\/p>\n<p>Des images qui interrogent en<br \/>\npleine tr\u00eave<\/p>\n<p data-start=\"1107\" data-end=\"1620\">Ce qui circule, ce sont des<br \/>\ncaptures issues des r\u00e9seaux sociaux montrant, selon<br \/>\nl\u2019interpr\u00e9tation de certains internautes, deux joueurs rennais lors<br \/>\nd\u2019une soir\u00e9e priv\u00e9e. Les int\u00e9ress\u00e9s seraient identifi\u00e9s comme Me\u00eft\u00e9<br \/>\net Embolo, dans un d\u00e9cor festif, avec un comportement qui interroge<br \/>\nsur l\u2019hygi\u00e8ne de vie en p\u00e9riode de repos. Il est important de le<br \/>\npr\u00e9ciser : ni le club, ni les joueurs concern\u00e9s n\u2019ont r\u00e9agi, et<br \/>\naucune confirmation ind\u00e9pendante n\u2019est venue valider formellement<br \/>\nces images ou leur contexte exact.<\/p>\n<p data-start=\"1622\" data-end=\"1992\">La pratique \u00e9voqu\u00e9e n\u2019est pas<br \/>\nun sujet in\u00e9dit dans le football professionnel. Depuis des ann\u00e9es,<br \/>\nla consommation de chicha fait r\u00e9guli\u00e8rement d\u00e9bat, notamment pour<br \/>\nses effets sur la r\u00e9cup\u00e9ration et l\u2019endurance. Sans \u00eatre ill\u00e9gale,<br \/>\nelle est souvent per\u00e7ue comme incompatible avec les standards<br \/>\nd\u2019exigence attendus \u00e0 haut niveau, surtout lorsque le calendrier<br \/>\nreste dense.<\/p>\n<p><a href=\"https:\/\/www.football365.fr\/wp-content\/uploads\/se\/2025\/11\/ICONSPORT_275419_0154.jpg\" target=\"_blank\" rel=\"noopener\"><br \/>\n<img loading=\"lazy\" decoding=\"async\" aria-describedby=\"caption-attachment-10263475\" class=\"wp-image-10263475\" src=\"https:\/\/www.europesays.com\/fr\/wp-content\/uploads\/2025\/12\/ICONSPORT_275419_0154.jpg\" alt=\"Habib Beye, r\u00e9put\u00e9 pour son intransigeance, doit g\u00e9rer une pol\u00e9mique in\u00e9dite. Des images de ses joueurs en tr\u00eave, associ\u00e9s \u00e0 la chicha, interrogent sur le professionnalisme au sein de son groupe.\" width=\"751\" height=\"393\"  \/><br \/>\n<\/a><\/p>\n<p id=\"caption-attachment-10263475\" class=\"wp-caption-text\">Habib<br \/>\nBeye, r\u00e9put\u00e9 pour son intransigeance, doit g\u00e9rer une pol\u00e9mique<br \/>\nin\u00e9dite. Des images de ses joueurs en tr\u00eave, associ\u00e9s \u00e0 la chicha,<br \/>\ninterrogent sur le professionnalisme au sein de son groupe.<\/p>\n<p>Habib Beye face \u00e0 un possible<br \/>\ntest disciplinaire<\/p>\n<p data-start=\"2051\" data-end=\"2430\">\u00c0 Rennes, la question d\u00e9passe<br \/>\nlargement le simple fait divers. Depuis son arriv\u00e9e, <a href=\"https:\/\/rmcsport.bfmtv.com\/football\/ligue-1\/prendre-un-point-c-est-deja-un-petit-miracle-le-constat-embarrassant-d-habib-beye-qui-a-demande-a-ses-joueurs-de-ne-pas-s-exprimer-apres-rennes-lens_AV-202509280394.html\" target=\"_blank\" rel=\"nofollow noopener\">Habib Beye a b\u00e2ti une<br \/>\nr\u00e9putation de technicien strict,<\/a> attach\u00e9 \u00e0 la discipline<br \/>\ncollective. Dans ce contexte, m\u00eame un soup\u00e7on d\u2019\u00e9cart peut<br \/>\nd\u00e9clencher une vigilance accrue en interne. Le club sait aussi<br \/>\nqu\u2019une r\u00e9action disproportionn\u00e9e pourrait donner plus d\u2019ampleur \u00e0<br \/>\nune affaire encore marginale.<\/p>\n<p data-start=\"2432\" data-end=\"2813\">Pour l\u2019instant, le<\/p>\n<p>Stade Rennais avance<br \/>\nprudemment. Entre respect de la vie priv\u00e9e, image publique et<br \/>\nexigences professionnelles, l\u2019\u00e9quilibre est fragile. Si les faits<br \/>\nrestent isol\u00e9s, l\u2019\u00e9pisode pourrait vite retomber. Mais s\u2019ils<br \/>\n\u00e9taient av\u00e9r\u00e9s, Rennes pourrait \u00eatre contraint de rappeler, une<br \/>\nnouvelle fois, que le professionnalisme ne conna\u00eet pas de<br \/>\ntr\u00eave.<\/p>\n<p>EN BREF<\/p>\n<ul class=\"bloc_resume_post_list\">\n<li>Des images suppos\u00e9es de Me\u00eft\u00e9 et Embolo lors d&rsquo;une soir\u00e9e avec<br \/>\nchicha cr\u00e9ent un malaise, malgr\u00e9 l&rsquo;absence de confirmation<br \/>\nofficielle.<\/li>\n<li>La consommation de chicha, bien que banalis\u00e9e, relance le d\u00e9bat<br \/>\nsur l&rsquo;hygi\u00e8ne de vie des sportifs de haut niveau.<\/li>\n<li>L&rsquo;entra\u00eeneur Habib Beye, connu pour sa fermet\u00e9, devra trancher<br \/>\nentre sanction et pr\u00e9servation de l&rsquo;\u00e9quilibre du groupe.<\/li>\n<\/ul>\n","protected":false},"excerpt":{"rendered":"Une image aper\u00e7ue pendant les f\u00eates intrigue les supporters rennais. En coulisses, le club surveille un possible \u00e9cart&hellip;\n","protected":false},"author":2,"featured_media":620143,"comment_status":"","ping_status":"","sticky":false,"template":"","format":"standard","meta":{"footnotes":""},"categories":[2821],"tags":[1111,11,829,1777,674,1011,27,12,584,25],"class_list":{"0":"post-620142","1":"post","2":"type-post","3":"status-publish","4":"format-standard","5":"has-post-thumbnail","7":"category-rennes","8":"tag-actu","9":"tag-actualites","10":"tag-bretagne","11":"tag-eu","12":"tag-europe","13":"tag-fr","14":"tag-france","15":"tag-news","16":"tag-rennes","17":"tag-republique-francaise"},"share_on_mastodon":{"url":"https:\/\/pubeurope.com\/@fr\/115775414305982041","error":""},"_links":{"self":[{"href":"https:\/\/www.europesays.com\/fr\/wp-json\/wp\/v2\/posts\/620142","targetHints":{"allow":["GET"]}}],"collection":[{"href":"https:\/\/www.europesays.com\/fr\/wp-json\/wp\/v2\/posts"}],"about":[{"href":"https:\/\/www.europesays.com\/fr\/wp-json\/wp\/v2\/types\/post"}],"author":[{"embeddable":true,"href":"https:\/\/www.europesays.com\/fr\/wp-json\/wp\/v2\/users\/2"}],"replies":[{"embeddable":true,"href":"https:\/\/www.europesays.com\/fr\/wp-json\/wp\/v2\/comments?post=620142"}],"version-history":[{"count":0,"href":"https:\/\/www.europesays.com\/fr\/wp-json\/wp\/v2\/posts\/620142\/revisions"}],"wp:featuredmedia":[{"embeddable":true,"href":"https:\/\/www.europesays.com\/fr\/wp-json\/wp\/v2\/media\/620143"}],"wp:attachment":[{"href":"https:\/\/www.europesays.com\/fr\/wp-json\/wp\/v2\/media?parent=620142"}],"wp:term":[{"taxonomy":"category","embeddable":true,"href":"https:\/\/www.europesays.com\/fr\/wp-json\/wp\/v2\/categories?post=620142"},{"taxonomy":"post_tag","embeddable":true,"href":"https:\/\/www.europesays.com\/fr\/wp-json\/wp\/v2\/tags?post=620142"}],"curies":[{"name":"wp","href":"https:\/\/api.w.org\/{rel}","templated":true}]}}