{"id":620151,"date":"2025-12-24T16:13:16","date_gmt":"2025-12-24T16:13:16","guid":{"rendered":"https:\/\/www.europesays.com\/fr\/620151\/"},"modified":"2025-12-24T16:13:16","modified_gmt":"2025-12-24T16:13:16","slug":"loire-atlantique-ces-personnes-agees-isolees-ne-feteront-pas-noel-sans-voir-personne","status":"publish","type":"post","link":"https:\/\/www.europesays.com\/fr\/620151\/","title":{"rendered":"Loire-Atlantique. Ces personnes \u00e2g\u00e9es isol\u00e9es ne f\u00eateront pas No\u00ebl \u00ab sans voir personne \u00bb"},"content":{"rendered":"<p>                    Par<br \/>\n        <strong><br \/>\n            <a href=\"https:\/\/actu.fr\/auteur\/herve-pavageau\" title=\"Consulter tous les articles de Herv\u00e9 Pavageau\" target=\"_blank\" rel=\"noopener\">Herv\u00e9 Pavageau<\/a><br \/>\n                    <\/strong><\/p>\n<p>        Publi\u00e9 le<\/p>\n<p>            24 d\u00e9c. 2025 \u00e0 16h31        <\/p>\n<p>Sur la table, la carte d\u00e9cor\u00e9e en forme de P\u00e8re No\u00ebl affiche la couleur. Au menu concoct\u00e9 par un traiteur\u2009: dos de cabillaud, confit de canard, b\u00fbche de No\u00ebl.<\/p>\n<p class=\" wall-content\">Ce mercredi 24\u00a0d\u00e9cembre \u00e0 midi, ils sont 78\u00a0personnes \u00e0 prendre place dans la salle de l\u2019espace Beautour <a href=\"https:\/\/actu.fr\/pays-de-la-loire\/vertou_44215\" target=\"_blank\" rel=\"noopener\">\u00e0 Vertou<\/a>.<\/p>\n<p class=\" wall-content\">Des b\u00e9n\u00e9voles de trois groupes <b>des Petits Fr\u00e8res des Pauvres<\/b> du sud Loire et du <a href=\"https:\/\/actu.fr\/tag\/vignoble-nantais\" target=\"_blank\" rel=\"noopener\">Vignoble nantais<\/a> accompagnent des personnes \u00e2g\u00e9es isol\u00e9es.<\/p>\n<p class=\" wall-content\">Tous les ans, \u00e0 l\u2019approche des f\u00eates, les \u00e9quipes des Petits Fr\u00e8res des Pauvres se mobilisent \u00ab\u2009pour que No\u00ebl ne rime pas avec isolement pour les a\u00een\u00e9s\u2009\u00bb.<\/p>\n<p>750\u2009000\u00a0personnes en situation \u00ab\u2009de mort sociale\u2009\u00bb<\/p>\n<p class=\" wall-content\">En France, 2\u00a0millions de personnes \u00e2g\u00e9es sont isol\u00e9es, <a href=\"https:\/\/actu.fr\/pays-de-la-loire\/clisson_44043\/isolement-des-personnes-agees-qui-double-en-8-ans-un-drame-social-qui-samplifie-aussi-en-loire-atlantique_63429778.html\" target=\"_blank\" rel=\"noopener\">et 750\u2009000 vivent en situation de \u00ab\u2009mort sociale\u2009\u00bb<\/a>. Un chiffre qui ne cesse de s\u2019amplifier. En 2021, elles \u00e9taient 530\u2009000\u00a0personnes.<\/p>\n<p class=\" wall-content\">\u00c0 No\u00ebl, cette solitude est \u00ab\u2009particuli\u00e8rement douloureuse\u2009\u00bb.<\/p>\n<p>Vid\u00e9os : en ce moment sur Actu<\/p>\n<p class=\" wall-content\">Raison pour laquelle <b>depuis bient\u00f4t 80\u00a0ans<\/b>, les Petits Fr\u00e8res des Pauvres organisent des repas festifs, <b>des visites avec colis<\/b> les 24 et 25\u00a0d\u00e9cembre. Comme ce grand repas de No\u00ebl \u00e0 Beautour, encadr\u00e9 par deux Secouristes fran\u00e7ais de la Croix blanche de l\u2019antenne <b>de Saint-S\u00e9bastien-sur-Loire.<\/b><b\/><\/p>\n<p>Votre r\u00e9gion, votre actu !<\/p>\n<p>Recevez chaque jour les infos qui comptent pour vous.<\/p>\n<p>\t<a href=\"https:\/\/actu.fr\/newsletter\" class=\"ac-btn ac-btn--corner ac-btn--medium ac-btn--blue800\" target=\"_blank\" rel=\"noopener\">S&rsquo;incrire<\/a><\/p>\n<blockquote class=\"ac-article-quote wall-content\">\n<p>Pendant ces deux jours, on va \u00e0 leur rencontre que ce soit \u00e0 domicile, dans les Ehpad ou lors de ces repas de No\u00ebl, l\u2019un de nos deux temps forts de l\u2019ann\u00e9e avec les s\u00e9jours d\u2019\u00e9t\u00e9.<\/p>\n<p>Salari\u00e9e des Petits Fr\u00e8res des Pauvres<\/p><\/blockquote>\n<p>Redonner sourire et dignit\u00e9 aux personnes seules<\/p>\n<p class=\" wall-content\">Tout est fait pour recr\u00e9er la magie des f\u00eates et \u00ab\u2009redonner sourire et dignit\u00e9 \u00e0 celles et ceux qui sont seuls\u2009\u00bb, poursuit-elle.<\/p>\n<p class=\" wall-content\">\u00c0 Vertou, les petits plats sont mis dans les grands. Et c\u00f4t\u00e9 ambiance, l\u2019association a fait appel <b>\u00e0 un chanteur-accord\u00e9oniste.<\/b><\/p>\n<p class=\" wall-content\">\u00ab\u2009Pendant quelques heures, on mange, on s\u2019amuse, on chante, on danse\u2009\u00bb, sourit Chantal Joubert. Avant d\u2019ajouter\u2009:<\/p>\n<blockquote class=\"ac-article-quote wall-content\">\n<p>Le fait de savoir qu\u2019il y a des personnes qui cr\u00e8vent de solitude, c\u2019est inacceptable.<\/p>\n<p>Chantal Joubert, coordinatrice de d\u00e9veloppement social chez Les Petits Fr\u00e8res des Pauvres.<\/p><\/blockquote>\n<p class=\" wall-content\">Surtout \u00e0<b> la p\u00e9riode de No\u00ebl,<\/b> moment de partage et d\u2019entraide.<\/p>\n<p class=\" wall-content\">Le 25\u00a0d\u00e9cembre, G\u00e9rard, qui vit <a href=\"https:\/\/actu.fr\/pays-de-la-loire\/divatte-sur-loire_44029\" target=\"_blank\" rel=\"noopener\">\u00e0 Divatte-sur-Loire,<\/a> le passera pourtant seul. \u00ab\u2009J\u2019ai d\u00e9j\u00e0 tout pr\u00e9vu. Mon repas est d\u00e9j\u00e0 pr\u00eat\u2009\u00bb, dit-il.<\/p>\n<p>\u00ab\u2009Cela nous change du quotidien\u2009\u00bb<\/p>\n<p class=\" wall-content\">Veuf depuis trois ans, l\u2019homme, \u00e2g\u00e9 de 88\u00a0ans, qui vit en pleine campagne, participe \u00e0 son premier repas de No\u00ebl avec Les Petits Fr\u00e8res des Pauvres.<\/p>\n<p class=\" wall-content\">\u00ab\u2009Cela nous change du quotidien\u2009\u00bb, t\u00e9moigne celui qui voit sa famille install\u00e9e en <b>Meurthe-et-Moselle<\/b> \u00ab\u2009une fois l\u2019an\u2009\u00bb.<\/p>\n<p class=\" wall-content\">Odette, sa voisine, bient\u00f4t 90\u00a0ans, ne raterait pour rien au monde ce moment festif.<\/p>\n<p>    <img   decoding=\"async\" loading=\"lazy\" class=\"size-large\" src=\"https:\/\/www.europesays.com\/fr\/wp-content\/uploads\/2025\/12\/bc14dc3ffb496f024dc3ffb492524dv-960x640.jpeg\" alt=\"repas de No\u00ebl Petits fr\u00e8res des pauvres\" width=\"960\" height=\"640\"\/><br \/>\n    \u00c0 Vertou, 78\u00a0personnes \u00e2g\u00e9es isol\u00e9es et b\u00e9n\u00e9voles accompagnateurs ont particip\u00e9 au repas de No\u00ebl des Petits Fr\u00e8res des Pauvres. \u00a9HSM<\/p>\n<p class=\" wall-content\">C\u2019est la 8e fois que l\u2019habitante <a href=\"https:\/\/actu.fr\/pays-de-la-loire\/le-loroux-bottereau_44084\" target=\"_blank\" rel=\"noopener\">du Loroux-Bottereau, <\/a>se joint \u00e0 la f\u00eate.<\/p>\n<p class=\" wall-content\">\u00ab\u2009J\u2019ai la chance de pouvoir passer le 25\u00a0d\u00e9cembre avec un de mes fils. On sera deux. Mais cet apr\u00e8s-midi avec Les Petits Fr\u00e8res des Pauvres, cela fait vraiment du bien. Cela nous fait une sortie. Tout le monde est aux petits soins\u2009\u00bb, reconna\u00eet celle qui encha\u00eene les journ\u00e9es \u00ab\u2009sans voir personne, m\u00eame le dimanche\u2009\u00bb.<\/p>\n<p>Une quinzaine d\u2019actions en Loire-Atlantique<\/p>\n<p class=\" wall-content\">Entre G\u00e9rard et Odette, la discussion s\u2019installe.<\/p>\n<p class=\" wall-content\">Les premi\u00e8res notes de la chanson On n\u2019a pas tous les jours vingt ans r\u00e9chauffent la salle d\u00e9j\u00e0 anim\u00e9e.<\/p>\n<p class=\" wall-content\">Pour ces personnes \u00e2g\u00e9es seules, l\u2019apr\u00e8s-midi est une parenth\u00e8se enchant\u00e9e.<\/p>\n<p class=\" wall-content\">Elle n\u2019est pas la seule.<\/p>\n<p>    <img   decoding=\"async\" loading=\"lazy\" class=\"size-large\" src=\"https:\/\/www.europesays.com\/fr\/wp-content\/uploads\/2025\/12\/941989affb496881989affb496c198v-960x640.jpeg\" alt=\"Repas de No\u00ebl Petits Fr\u00e8res des Pauvres\" width=\"960\" height=\"640\"\/><br \/>\n    Pendant le repas, on pousse aussi la chansonnette. Une animation musicale accompagne le repas. \u00a9HSM<\/p>\n<p class=\" wall-content\">En <b>Loire-Atlantique<\/b>, une quinzaine d\u2019actions sont pr\u00e9vues les 24 et 25\u00a0d\u00e9cembre\u2009: des repas festifs \u00e0 <b>Saint-Br\u00e9vin-les-Pins<\/b>, <b>Sainte-Luce-sur-Loire<\/b>, ou <b>Nantes<\/b>, des visites avec colis de No\u00ebl au domicile des personnes isol\u00e9es et \u00e0 l\u2019h\u00f4pital, notamment celui du <b>Loroux-Bottereau<\/b>.<\/p>\n<p class=\" wall-content\">Dans la r\u00e9gion des Pays de la Loire, ce sont 740\u00a0personnes \u00e2g\u00e9es isol\u00e9es qui vont \u00eatre accompagn\u00e9es par pr\u00e8s de 400\u00a0b\u00e9n\u00e9voles \u00e0 No\u00ebl.<\/p>\n<p class=\" wall-content\">Parmi elles, il y a G\u00e9rard, ses voisins convives, et Odette\u2026 qui commence \u00e0 pousser la chansonnette.<\/p>\n<p class=\" wall-content\">Personnalisez votre actualit\u00e9 en ajoutant vos villes et m\u00e9dias en favori avec <a href=\"https:\/\/moncompte.actu.fr\" title=\"D\u00e9couvez Mon Actu\" rel=\"nofollow noopener\" data-trk=\"{&quot;cta&quot;:{&quot;action&quot;:&quot;https:\\\/\\\/moncompte.actu.fr&quot;,&quot;category&quot;:&quot;mon compte&quot;,&quot;from&quot;:&quot;article footer&quot;,&quot;name&quot;:&quot;Mon actu&quot;,&quot;type&quot;:&quot;cta&quot;}}\" target=\"_blank\">Mon Actu<\/a>.<\/p>\n","protected":false},"excerpt":{"rendered":"Par Herv\u00e9 Pavageau Publi\u00e9 le 24 d\u00e9c. 2025 \u00e0 16h31 Sur la table, la carte d\u00e9cor\u00e9e en forme&hellip;\n","protected":false},"author":2,"featured_media":620152,"comment_status":"","ping_status":"","sticky":false,"template":"","format":"standard","meta":{"footnotes":""},"categories":[2818],"tags":[1111,11,1777,674,1011,27,766,12,15830,2636,25,3552,104,3400],"class_list":{"0":"post-620151","1":"post","2":"type-post","3":"status-publish","4":"format-standard","5":"has-post-thumbnail","7":"category-nantes","8":"tag-actu","9":"tag-actualites","10":"tag-eu","11":"tag-europe","12":"tag-fr","13":"tag-france","14":"tag-nantes","15":"tag-news","16":"tag-noel","17":"tag-pays-de-la-loire","18":"tag-republique-francaise","19":"tag-seniors","20":"tag-societe","21":"tag-solidarite"},"share_on_mastodon":{"url":"https:\/\/pubeurope.com\/@fr\/115775433914603221","error":""},"_links":{"self":[{"href":"https:\/\/www.europesays.com\/fr\/wp-json\/wp\/v2\/posts\/620151","targetHints":{"allow":["GET"]}}],"collection":[{"href":"https:\/\/www.europesays.com\/fr\/wp-json\/wp\/v2\/posts"}],"about":[{"href":"https:\/\/www.europesays.com\/fr\/wp-json\/wp\/v2\/types\/post"}],"author":[{"embeddable":true,"href":"https:\/\/www.europesays.com\/fr\/wp-json\/wp\/v2\/users\/2"}],"replies":[{"embeddable":true,"href":"https:\/\/www.europesays.com\/fr\/wp-json\/wp\/v2\/comments?post=620151"}],"version-history":[{"count":0,"href":"https:\/\/www.europesays.com\/fr\/wp-json\/wp\/v2\/posts\/620151\/revisions"}],"wp:featuredmedia":[{"embeddable":true,"href":"https:\/\/www.europesays.com\/fr\/wp-json\/wp\/v2\/media\/620152"}],"wp:attachment":[{"href":"https:\/\/www.europesays.com\/fr\/wp-json\/wp\/v2\/media?parent=620151"}],"wp:term":[{"taxonomy":"category","embeddable":true,"href":"https:\/\/www.europesays.com\/fr\/wp-json\/wp\/v2\/categories?post=620151"},{"taxonomy":"post_tag","embeddable":true,"href":"https:\/\/www.europesays.com\/fr\/wp-json\/wp\/v2\/tags?post=620151"}],"curies":[{"name":"wp","href":"https:\/\/api.w.org\/{rel}","templated":true}]}}