{"id":620159,"date":"2025-12-24T16:17:11","date_gmt":"2025-12-24T16:17:11","guid":{"rendered":"https:\/\/www.europesays.com\/fr\/620159\/"},"modified":"2025-12-24T16:17:11","modified_gmt":"2025-12-24T16:17:11","slug":"exclusif-bricoman-apres-un-simple-controle-un-client-sort-une-arme-tire-en-lair-puis-vise-un-vigile-a-toulouse","status":"publish","type":"post","link":"https:\/\/www.europesays.com\/fr\/620159\/","title":{"rendered":"EXCLUSIF. Bricoman\u00a0: apr\u00e8s un simple contr\u00f4le, un client sort une arme, tire en l\u2019air puis vise un vigile \u00e0 Toulouse"},"content":{"rendered":"<p>\n                                                                    l&rsquo;essentiel<br \/>\n                                                                Sc\u00e8ne de violence rare ce mardi 24\u00a0d\u00e9cembre au magasin Bricoman, \u00e0 Toulouse. Un client, m\u00e9content d\u2019un contr\u00f4le apr\u00e8s le d\u00e9clenchement de l\u2019alarme, est all\u00e9 chercher une arme dans sa voiture avant de tirer \u00e0 deux reprises, dont une en direction d\u2019un agent de s\u00e9curit\u00e9. Aucun bless\u00e9, mais une enqu\u00eate est en cours pour retrouver le tireur en fuite.\n                            <\/p>\n<p>\u00ab\u00a0Je ne sais pas parce que je n\u2019ai pas pu v\u00e9rifier\u2026 En tout cas, il fallait regarder.\u00a0\u00bb Le vigile du magasin Bricoman se montre prudent au lendemain d\u2019une histoire peu commune. Alert\u00e9, le cadre du magasin met fin \u00e0 l\u2019\u00e9change. \u00ab\u00a0Pas de commentaire\u00a0\u00bb, s\u2019excuse ce jeune responsable apr\u00e8s une rapide conversation avec sa direction.<\/p>\n<p>Cette enseigne de bricolage, plut\u00f4t tourn\u00e9e vers les professionnels \u00ab\u00a0mais nous accueillons aussi les particuliers\u00a0\u00bb, est implant\u00e9e zone du Chapitre \u00e0 Toulouse. Et les employ\u00e9s, mais aussi certains clients, ont connu un apr\u00e8s-midi mouvement\u00e9 ce mardi.<\/p>\n<p>Une balle a travers\u00e9 le sas d\u2019entr\u00e9e<\/p>\n<p>Un client, apr\u00e8s \u00eatre pass\u00e9 en caisse, a d\u00e9clench\u00e9 l\u2019alarme \u00e0 la sortie du magasin. Le vigile a donc voulu \u00ab\u00a0v\u00e9rifier\u00a0\u00bb. La suite tient du tr\u00e8s mauvais film.<\/p>\n<p>L\u2019homme suppos\u00e9 fautif n\u2019a rien voulu savoir. Il s\u2019est oppos\u00e9 fermement. \u00ab\u00a0Il n\u2019\u00e9tait pas dans un \u00e9tat normal\u00a0\u00bb, estime un membre du magasin. Et cet individu, toujours oppos\u00e9 \u00e0 la moindre fouille, a fini par aller r\u00e9cup\u00e9rer quelque chose dans le coffre de sa voiture, stationn\u00e9e devant l\u2019entr\u00e9e du magasin.<\/p>\n<p class=\"std-elt__inline\">\n        <strong>\u00c0 lire aussi :<\/strong><br \/>\n        <a href=\"https:\/\/www.ladepeche.fr\/2025\/12\/15\/info-la-depeche-un-cycliste-ouvre-le-feu-sur-une-voiture-les-victimes-repliques-trois-personnes-arretees-13111584.php\" target=\"_blank\" rel=\"noopener\">INFO LA D\u00c9P\u00caCHE. Un cycliste ouvre le feu sur une voiture, les victimes r\u00e9pliquent\u00a0: trois personnes arr\u00eat\u00e9es<\/a>\n    <\/p>\n<p>Le vigile et les deux employ\u00e9s du magasin qui se trouvaient avec lui pour tenter de lui faire entendre raison n\u2019ont pas compris le danger. Jusqu\u2019\u00e0 ce que le client en col\u00e8re exhibe une arme de poing.<\/p>\n<p>\u00ab\u00a0Il a tir\u00e9 une fois en l\u2019air et apr\u00e8s, il m\u2019a vis\u00e9\u00a0\u00bb, affirme le vigile. Coup de chance, cet homme n\u2019a pas \u00e9t\u00e9 bless\u00e9. En revanche, une balle a travers\u00e9 le sas d\u2019entr\u00e9e de l\u2019entreprise. \u00ab\u00a0Un client aurait pu \u00eatre bless\u00e9\u00a0\u00bb, s\u2019inqui\u00e8te la police. Le tireur a ensuite rejoint son v\u00e9hicule et a pris la fuite. La police a bien s\u00fbr ouvert une enqu\u00eate. Deux douilles a priori de petits calibres ont \u00e9t\u00e9 r\u00e9cup\u00e9r\u00e9es, preuves des coups de feu.<\/p>\n<p>Les images vid\u00e9o pass\u00e9es au crible<\/p>\n<p>Le magasin a-t-il d\u00e9pos\u00e9 plainte\u00a0? \u00ab\u00a0Nous ferons ce qui est n\u00e9cessaire\u00a0\u00bb, temp\u00e8re le responsable de permanence ce mercredi matin. Les enqu\u00eateurs de la division de la criminalit\u00e9 territoriale travaillent pour identifier ce client au comportement aussi excessif que dangereux. Ils b\u00e9n\u00e9ficient de l\u2019immatriculation de la voiture utilis\u00e9e par cet homme. \u00ab\u00a0Pas certain que cela soit la sienne\u00a0\u00bb, temp\u00e8re une source polici\u00e8re. Les images des cam\u00e9ras de vid\u00e9osurveillance, du magasin mais \u00e9galement de la ville, sont d\u00e9j\u00e0 en cours d\u2019\u00e9tude.<\/p>\n<p>Et ce mercredi matin, \u00e0 quelques heures de No\u00ebl, le magasin accueillait ses clients, presque comme si rien ne s\u2019\u00e9tait d\u00e9roul\u00e9 mardi. \u00ab\u00a0Nous allons mettre en place une cellule psychologique pour les membres de nos \u00e9quipes qui en auraient besoin\u00a0\u00bb, rassure le responsable. Le vigile, casquette viss\u00e9e sur la t\u00eate, approuve, tout en conservant un \u0153il discret sur les clients qui passent les caisses.<\/p>\n","protected":false},"excerpt":{"rendered":"l&rsquo;essentiel Sc\u00e8ne de violence rare ce mardi 24\u00a0d\u00e9cembre au magasin Bricoman, \u00e0 Toulouse. Un client, m\u00e9content d\u2019un contr\u00f4le&hellip;\n","protected":false},"author":2,"featured_media":620160,"comment_status":"","ping_status":"","sticky":false,"template":"","format":"standard","meta":{"footnotes":""},"categories":[2816],"tags":[1111,11,1777,674,118,1011,27,2722,12,2680,25,2312],"class_list":{"0":"post-620159","1":"post","2":"type-post","3":"status-publish","4":"format-standard","5":"has-post-thumbnail","7":"category-toulouse","8":"tag-actu","9":"tag-actualites","10":"tag-eu","11":"tag-europe","12":"tag-faits-divers","13":"tag-fr","14":"tag-france","15":"tag-haute-garonne","16":"tag-news","17":"tag-occitanie","18":"tag-republique-francaise","19":"tag-toulouse"},"share_on_mastodon":{"url":"https:\/\/pubeurope.com\/@fr\/115775448287087411","error":""},"_links":{"self":[{"href":"https:\/\/www.europesays.com\/fr\/wp-json\/wp\/v2\/posts\/620159","targetHints":{"allow":["GET"]}}],"collection":[{"href":"https:\/\/www.europesays.com\/fr\/wp-json\/wp\/v2\/posts"}],"about":[{"href":"https:\/\/www.europesays.com\/fr\/wp-json\/wp\/v2\/types\/post"}],"author":[{"embeddable":true,"href":"https:\/\/www.europesays.com\/fr\/wp-json\/wp\/v2\/users\/2"}],"replies":[{"embeddable":true,"href":"https:\/\/www.europesays.com\/fr\/wp-json\/wp\/v2\/comments?post=620159"}],"version-history":[{"count":0,"href":"https:\/\/www.europesays.com\/fr\/wp-json\/wp\/v2\/posts\/620159\/revisions"}],"wp:featuredmedia":[{"embeddable":true,"href":"https:\/\/www.europesays.com\/fr\/wp-json\/wp\/v2\/media\/620160"}],"wp:attachment":[{"href":"https:\/\/www.europesays.com\/fr\/wp-json\/wp\/v2\/media?parent=620159"}],"wp:term":[{"taxonomy":"category","embeddable":true,"href":"https:\/\/www.europesays.com\/fr\/wp-json\/wp\/v2\/categories?post=620159"},{"taxonomy":"post_tag","embeddable":true,"href":"https:\/\/www.europesays.com\/fr\/wp-json\/wp\/v2\/tags?post=620159"}],"curies":[{"name":"wp","href":"https:\/\/api.w.org\/{rel}","templated":true}]}}