{"id":620186,"date":"2025-12-24T16:34:19","date_gmt":"2025-12-24T16:34:19","guid":{"rendered":"https:\/\/www.europesays.com\/fr\/620186\/"},"modified":"2025-12-24T16:34:19","modified_gmt":"2025-12-24T16:34:19","slug":"quand-laide-a-lukraine-finance-les-campagnes-electorales","status":"publish","type":"post","link":"https:\/\/www.europesays.com\/fr\/620186\/","title":{"rendered":"quand l\u2019aide \u00e0 l\u2019Ukraine finance les campagnes \u00e9lectorales"},"content":{"rendered":"<p>LES ARNAQUEURS DE L\u2019UNION EUROP\u00c9ENNE (3\/5). Entre un entrepreneur \u00ab\u00a0patriote\u00a0\u00bb qui s\u2019enrichit sur le dos de l\u2019Ukraine et une \u00c9glise qui revend l\u2019aide alimentaire, la Pologne d\u00e9couvre l\u2019\u00e9tendue de ses fraudes europ\u00e9ennes.<\/p>\n<p class=\"c-paragraph paywall\">\u00c0 Bruxelles, le \u00ab cas polonais \u00bb embarrasse. Alli\u00e9 strat\u00e9gique face \u00e0 la Russie, b\u00e9n\u00e9ficiaire de 163 milliards d\u2019euros depuis 2004, la Pologne offre pourtant un spectacle \u00e9difiant : 91 millions d\u2019euros d\u00e9tourn\u00e9s sur l\u2019aide ukrainienne, des g\u00e9n\u00e9rateurs vendus cinq fois plus cher que leur prix d\u2019achat, une association religieuse qui revend la nourriture des r\u00e9fugi\u00e9s. Bienvenue dans le Far West des fonds europ\u00e9ens version polonaise.<\/p>\n<p class=\"c-paragraph\">Janvier 2023. <a href=\"https:\/\/www.lepoint.fr\/monde\/l-ukraine-a-vaincu-la-terreur-hivernale-attaque-de-drones-en-crimee-01-03-2023-2510522_24.php\" target=\"_self\" rel=\"noopener\" title=\"https:\/\/www.lepoint.fr\/monde\/l-ukraine-a-vaincu-la-terreur-hivernale-attaque-de-drones-en-crimee-01-03-2023-2510522_24.php\">L\u2019Ukraine grelotte sous les frappes russes<\/a>. Bruxelles d\u00e9bloque 114 millions d\u2019euros pour des g\u00e9n\u00e9rateurs de secours. La Pologne h\u00e9rite de la gestion via la RARS, l\u2019agence gouvernementale des r\u00e9serves strat\u00e9giques. Sur le papier, tout roule. Dans la r\u00e9alit\u00e9 ? Un d\u00e9sastre.<\/p>\n<p>Le plus gros scandale de l\u2019\u00e8re PiS<\/p>\n<p class=\"c-paragraph\">L\u2019agence europ\u00e9enne de lutte contre la fraude (Olaf) lance une enqu\u00eate en juillet 2023. Ce que d\u00e9couvrent les enqu\u00eateurs d\u00e9passe l\u2019entendement. La RARS, dirig\u00e9e par Michal Kuczmierowski \u2013 proche du Premier ministre, Mateusz Morawiecki \u2013 a organis\u00e9 un syst\u00e8me de corruption \u00e0 grande \u00e9chelle.<\/p>\n<p class=\"c-paragraph\">Entre en sc\u00e8ne Pawel Szopa, entrepreneur \u00e0 succ\u00e8s de la marque Red Is Bad (\u00ab Le rouge, c\u2019est mal \u00bb), vendeur de v\u00eatements \u00ab patriotiques \u00bb orn\u00e9s d\u2019aigles blancs et de hussards. Un patriote, vous dit-on. Un proche du parti Droit et Justice (PiS) alors au pouvoir.<\/p>\n<p class=\"c-paragraph\">Pawel Szopa ach\u00e8te des g\u00e9n\u00e9rateurs en Chine pour 69 millions de zlotys (environ 16 millions d\u2019euros), qu\u2019il revend \u00e0 la RARS pour 350 millions de zlotys (81 millions d\u2019euros). Vous avez bien lu : une marge de plus de 507 % !<\/p>\n<p>Corruption et client\u00e9lisme \u00e9lectoral<\/p>\n<p class=\"c-paragraph\">Attendez, ce n\u2019est pas fini. Selon les enqu\u00eateurs, ces g\u00e9n\u00e9rateurs n\u2019ont jamais atteint l\u2019Ukraine. Ils ont \u00e9t\u00e9 distribu\u00e9s\u2026 dans des circonscriptions \u00e9lectorales o\u00f9 des candidats du PiS se pr\u00e9sentaient aux l\u00e9gislatives d\u2019octobre 2023, notamment celle o\u00f9 Kuczmierowski lui-m\u00eame \u00e9tait candidat. Les casernes de pompiers polonaises ont re\u00e7u des g\u00e9n\u00e9rateurs destin\u00e9s aux h\u00f4pitaux ukrainiens. Un d\u00e9tournement humanitaire transform\u00e9 en op\u00e9ration de client\u00e9lisme \u00e9lectoral.<\/p>\n<p class=\"c-paragraph\">L\u2019Olaf \u00e9tablit que \u00ab certains contractants ont factur\u00e9 \u00e0 la RARS jusqu\u2019\u00e0 40 % de plus que leurs co\u00fbts d\u2019achat \u00bb. Les enqu\u00eateurs d\u00e9couvrent un syst\u00e8me sophistiqu\u00e9 : pas d\u2019appels d\u2019offres transparents, des contrats attribu\u00e9s de gr\u00e9 \u00e0 gr\u00e9 \u00e0 des entreprises amies, des avances colossales vers\u00e9es sans garanties suffisantes. Et surtout, une r\u00e9sistance acharn\u00e9e de la RARS \u00e0 coop\u00e9rer avec l\u2019Olaf, en violation flagrante de ses obligations contractuelles.<\/p>\n<p class=\"c-paragraph\">Le directeur du bureau d\u2019achat de la RARS, Justyna Gdanska, raconte comment Kuczmierowski lui passait ses ordres : \u00ab Sur de petits bouts de papier. Une fois que je les avais lus, il les d\u00e9truisait. \u00bb Les commandes devaient aller uniquement \u00ab aux entreprises d\u00e9sign\u00e9es par la direction \u00bb, selon les r\u00e9v\u00e9lations d\u2019<a href=\"https:\/\/oko.press\/michal-k-morawiecki-i-inni-o-co-chodzi-w-aferze-rars\" target=\"_blank\" rel=\"noopener\" title=\"https:\/\/oko.press\/michal-k-morawiecki-i-inni-o-co-chodzi-w-aferze-rars\">Oko Press<\/a>.<\/p>\n<p class=\"c-paragraph\">En f\u00e9vrier 2025, l\u2019Olaf rend son verdict : l\u2019office recommande la r\u00e9cup\u00e9ration de 91 millions d\u2019euros, plus 22 millions s\u00e9curis\u00e9s avant qu\u2019ils ne soient d\u00e9pens\u00e9s frauduleusement. Au moins trois arrestations ont lieu. \u00ab Nous avons besoin que chaque euro d\u2019aide europ\u00e9enne \u00e0 l\u2019Ukraine atteigne ceux qui en ont besoin, insiste Ville It\u00e4l\u00e4, le directeur g\u00e9n\u00e9ral de l\u2019Olaf. Prot\u00e9ger cette aide, ce n\u2019est pas seulement une question d\u2019argent des contribuables, c\u2019est une question de s\u00e9curit\u00e9. \u00bb<\/p>\n<p class=\"c-paragraph q-paragraph-fix\">Que devient Kuczmierowski ? Il est d\u2019abord parti en fuite, puis il a \u00e9t\u00e9 arr\u00eat\u00e9 \u00e0 Londres en septembre 2024. Il attend son extradition depuis Chypre. Pawel Szopa a \u00e9t\u00e9 arr\u00eat\u00e9 en R\u00e9publique dominicaine en octobre 2024, et rapatri\u00e9 en Pologne. Il collabore d\u00e9sormais avec les procureurs. L\u2019affaire a donn\u00e9 lieu \u00e0 seize inculpations au total.<\/p>\n<p class=\"c-paragraph\">Le <a href=\"https:\/\/www.lepoint.fr\/monde\/c-est-simple-ca-ne-marche-pas-la-difficile-cohabitation-polonaise-29-11-2025-2604302_24.php\" target=\"_self\" rel=\"noopener\" title=\"https:\/\/www.lepoint.fr\/monde\/c-est-simple-ca-ne-marche-pas-la-difficile-cohabitation-polonaise-29-11-2025-2604302_24.php\">nouveau gouvernement de Donald Tusk<\/a>, arriv\u00e9 au pouvoir en d\u00e9cembre 2023, parle d\u2019un scandale \u00ab qui jette la honte sur la Pologne \u00bb. Adam Szlapka, ministre des Affaires europ\u00e9ennes, qualifie les conclusions de l\u2019Olaf de \u00ab choquantes \u00bb et d\u2019\u00ab acte d\u2019accusation contre le copinage du PiS \u00bb.<\/p>\n<p>Quand l\u2019\u00c9glise vend la nourriture des pauvres<\/p>\n<p class=\"c-paragraph\">Si l\u2019affaire RARS illustre la corruption politique, celle de \u00ab l\u2019association religieuse \u00bb \u2013 comme l\u2019appelle pudiquement le Parquet europ\u00e9en \u2013 r\u00e9v\u00e8le une autre facette de la fraude polonaise : l\u2019exploitation cynique des programmes humanitaires.<\/p>\n<p class=\"c-paragraph\">En juillet 2025, six personnes sont arr\u00eat\u00e9es \u00e0 Katowice. Elles sont membres d\u2019une organisation religieuse affili\u00e9e \u00e0 l\u2019\u00c9glise vieille-catholique polonaise. Leur crime ? Avoir revendu 2 500 tonnes de nourriture destin\u00e9e aux r\u00e9fugi\u00e9s.<\/p>\n<p class=\"c-paragraph\">Le programme europ\u00e9en avait allou\u00e9 3,7 millions d\u2019euros de denr\u00e9es pour les personnes en situation de pauvret\u00e9. L\u2019association avait \u00e9galement re\u00e7u 500 000 euros pour les frais de transport et de stockage en chambre froide.<\/p>\n<p class=\"c-paragraph\">Sauf que ces chambres froides n\u2019existaient pas. Plut\u00f4t que de nourrir les n\u00e9cessiteux, l\u2019organisation a vendu la nourriture \u00e0 des commerces en Pologne et \u00e0 l\u2019\u00e9tranger \u2013 Slovaquie, Ukraine et m\u00eame Gambie !<\/p>\n<p class=\"c-paragraph\">Les enqu\u00eateurs mettent au jour un syst\u00e8me de documents frauduleux permettant de justifier les subventions. Le Parquet europ\u00e9en m\u00e8ne 34 perquisitions \u00e0 travers la Pologne. Six inculp\u00e9s sont en d\u00e9tention pr\u00e9ventive. Les biens immobiliers gel\u00e9s s\u2019\u00e9l\u00e8vent \u00e0 350 000 euros.<\/p>\n<p>Les carrousels TVA : quand la criminalit\u00e9 s\u2019industrialise<\/p>\n<p class=\"c-paragraph\">C\u2019est la premi\u00e8re affaire jug\u00e9e par les procureurs europ\u00e9ens d\u00e9l\u00e9gu\u00e9s depuis que la Pologne a rejoint le Parquet europ\u00e9en (EPPO) le 28 janvier 2025 \u2013 apr\u00e8s des ann\u00e9es de blocage sous le gouvernement PiS, farouchement oppos\u00e9 \u00e0 cette institution qu\u2019il jugeait attentatoire \u00e0 la souverainet\u00e9 nationale.<\/p>\n<p class=\"c-paragraph\">Au-del\u00e0 de ces affaires spectaculaires, la Pologne est devenue une plaque tournante des fraudes carrousel \u00e0 la TVA. Le principe est simple : des marchandises chinoises \u2013 smartphones, AirPods \u2013 entrent dans l\u2019Union europ\u00e9enne via la \u00ab proc\u00e9dure douani\u00e8re 42 \u00bb qui diff\u00e8re le paiement de la TVA. Sur le papier, la destination des articles est cens\u00e9e \u00eatre la Lituanie. Dans les faits, les marchandises restent en Pologne ou partent pour l\u2019Allemagne, l\u2019Espagne, la France ou l\u2019Italie. Le \u00ab trader manquant \u00bb dispara\u00eet sans payer la TVA. Documents falsifi\u00e9s, soci\u00e9t\u00e9s \u00e9crans au nom de Lituaniens, d\u2019Ukrainiens et de Russes.<\/p>\n<p class=\"c-paragraph\">En avril 2025, l\u2019Olaf d\u00e9mant\u00e8le un r\u00e9seau : quatre arrestations, cinquante perquisitions qui n\u00e9cessitent la coop\u00e9ration de cinq pays. Ces fraudes s\u2019inscrivent dans des r\u00e9seaux tentaculaires : l\u2019op\u00e9ration \u00ab Midas \u00bb du Parquet europ\u00e9en (195 millions d\u2019euros sur 17 pays), l\u2019op\u00e9ration \u00ab Calypso \u00bb en juin 2025 (700 millions sur 14 pays donnant lieu \u00e0 101 perquisitions).<\/p>\n<p>Le test du changement<\/p>\n<p class=\"c-paragraph\">L\u2019adh\u00e9sion de la Pologne au Parquet europ\u00e9en en janvier 2025 marque donc un tournant que l\u2019on doit au gouvernement Tusk. Apr\u00e8s huit ans de gouvernement PiS, la Pologne a chut\u00e9 de la 29e \u00e0 la 53e place dans l\u2019indice de corruption de Transparency International. Le nouveau gouvernement Tusk multiplie les gestes : restructuration du Bureau anticorruption, cr\u00e9ation d\u2019un Bureau central de lutte contre la corruption, projet de \u00ab bouclier anticorruption \u00bb.<\/p>\n<p class=\"c-paragraph\">Le test d\u00e9cisif r\u00e9side dans la capacit\u00e9 \u00e0 r\u00e9cup\u00e9rer les 91 millions de l\u2019affaire RARS et \u00e0 juger rapidement les responsables. Car avec 163 milliards d\u2019euros re\u00e7us en vingt ans et des dizaines de milliards encore \u00e0 venir, la Pologne reste une cible de choix.<\/p>\n<p class=\"c-paragraph\">Donald Tusk doit prouver que le changement de gouvernement n\u2019est pas qu\u2019un lifting de fa\u00e7ade, mais une transformation profonde d\u2019une culture o\u00f9 les \u00ab petits bouts de papier \u00bb pour d\u00e9tourner l\u2019argent public europ\u00e9en appartiennent d\u00e9finitivement au pass\u00e9.<\/p>\n","protected":false},"excerpt":{"rendered":"LES ARNAQUEURS DE L\u2019UNION EUROP\u00c9ENNE (3\/5). Entre un entrepreneur \u00ab\u00a0patriote\u00a0\u00bb qui s\u2019enrichit sur le dos de l\u2019Ukraine et&hellip;\n","protected":false},"author":2,"featured_media":620187,"comment_status":"","ping_status":"","sticky":false,"template":"","format":"standard","meta":{"footnotes":""},"categories":[1590],"tags":[11,1777,674,12,2437,1314,73001,220,364],"class_list":{"0":"post-620186","1":"post","2":"type-post","3":"status-publish","4":"format-standard","5":"has-post-thumbnail","7":"category-ukraine","8":"tag-actualites","9":"tag-eu","10":"tag-europe","11":"tag-news","12":"tag-pologne","13":"tag-series","14":"tag-series-hiver","15":"tag-ukraine","16":"tag-union-europeenne"},"share_on_mastodon":{"url":"https:\/\/pubeurope.com\/@fr\/115775515116656946","error":""},"_links":{"self":[{"href":"https:\/\/www.europesays.com\/fr\/wp-json\/wp\/v2\/posts\/620186","targetHints":{"allow":["GET"]}}],"collection":[{"href":"https:\/\/www.europesays.com\/fr\/wp-json\/wp\/v2\/posts"}],"about":[{"href":"https:\/\/www.europesays.com\/fr\/wp-json\/wp\/v2\/types\/post"}],"author":[{"embeddable":true,"href":"https:\/\/www.europesays.com\/fr\/wp-json\/wp\/v2\/users\/2"}],"replies":[{"embeddable":true,"href":"https:\/\/www.europesays.com\/fr\/wp-json\/wp\/v2\/comments?post=620186"}],"version-history":[{"count":0,"href":"https:\/\/www.europesays.com\/fr\/wp-json\/wp\/v2\/posts\/620186\/revisions"}],"wp:featuredmedia":[{"embeddable":true,"href":"https:\/\/www.europesays.com\/fr\/wp-json\/wp\/v2\/media\/620187"}],"wp:attachment":[{"href":"https:\/\/www.europesays.com\/fr\/wp-json\/wp\/v2\/media?parent=620186"}],"wp:term":[{"taxonomy":"category","embeddable":true,"href":"https:\/\/www.europesays.com\/fr\/wp-json\/wp\/v2\/categories?post=620186"},{"taxonomy":"post_tag","embeddable":true,"href":"https:\/\/www.europesays.com\/fr\/wp-json\/wp\/v2\/tags?post=620186"}],"curies":[{"name":"wp","href":"https:\/\/api.w.org\/{rel}","templated":true}]}}