{"id":620188,"date":"2025-12-24T16:36:20","date_gmt":"2025-12-24T16:36:20","guid":{"rendered":"https:\/\/www.europesays.com\/fr\/620188\/"},"modified":"2025-12-24T16:36:20","modified_gmt":"2025-12-24T16:36:20","slug":"le-blocus-de-trump-au-venezuela-expressement-reconnu-comme-une-agression-armee-illegale","status":"publish","type":"post","link":"https:\/\/www.europesays.com\/fr\/620188\/","title":{"rendered":"Le blocus de Trump au Venezuela \u00ab\u00a0express\u00e9ment reconnu comme une agression arm\u00e9e ill\u00e9gale\u00a0\u00bb"},"content":{"rendered":"<p> \u00abLa plus grande extorsion de notre histoire.\u00a0\u00bb Voil\u00e0 comment le porte-parole du <a href=\"https:\/\/www.20minutes.fr\/monde\/venezuela\/\" class=\"c-link c-link--is-underlined\" target=\"_blank\" rel=\"noopener\">Venezuela <\/a>a d\u00e9crit l\u2019attitude des <a href=\"https:\/\/www.20minutes.fr\/monde\/etats-unis\/\" class=\"c-link c-link--is-underlined\" target=\"_blank\" rel=\"noopener\">Etats-Unis<\/a> devant le Conseil de s\u00e9curit\u00e9 des Nations unies. Un constat que semblent partager les experts de l\u2019ONU, qui ont d\u00e9nonc\u00e9 le blocus naval am\u00e9ricain, estimant qu\u2019il viole les r\u00e8gles du droit international.<\/p>\n<p>Ces derni\u00e8res semaines, les \u00c9tats-Unis ont d\u00e9ploy\u00e9 un important dispositif militaire dans les Cara\u00efbes et mis en place un blocus naval contre le Venezuela <a href=\"https:\/\/www.20minutes.fr\/monde\/etats-unis\/4192546-20251220-etats-unis-trump-exclut-guerre-contre-venezuela\" class=\"c-link c-link--is-underlined\" target=\"_blank\" rel=\"noopener\">qu\u2019ils accusent de financer \u00ab\u00a0le narcoterrorisme\u00a0\u00bb<\/a>. \u00ab\u00a0Il n\u2019existe aucun droit d\u2019imposer unilat\u00e9ralement des sanctions par un blocus arm\u00e9\u00a0\u00bb, ont d\u00e9clar\u00e9 dans un communiqu\u00e9 les experts mandat\u00e9s par le Conseil des droits de l&rsquo;homme de l\u2019ONU. Ces derniers ne s\u2019expriment toutefois pas au nom de l\u2019organisation.<\/p>\n<\/p>\n<p>\u00ab\u00a0Reconnu comme une agression arm\u00e9e ill\u00e9gale\u00a0\u00bb<\/p>\n<p>Ce blocus, impos\u00e9 contre des p\u00e9troliers consid\u00e9r\u00e9s comme \u00e9tant sous sanctions, constitue selon eux \u00ab\u00a0un usage interdit de la force militaire\u00a0\u00bb contre un autre \u00c9tat, en vertu de l\u2019article\u00a02 de la Charte des Nations unies. \u00ab\u00a0Il s\u2019agit d\u2019un usage de la force si grave qu\u2019il est express\u00e9ment reconnu comme une agression arm\u00e9e ill\u00e9gale au sens de la d\u00e9finition de l\u2019agression adopt\u00e9e par l\u2019Assembl\u00e9e g\u00e9n\u00e9rale en\u00a01974\u00a0\u00bb, ont-ils encore pr\u00e9cis\u00e9, indiquant que cela conf\u00e8re en principe \u00ab\u00a0\u00e0 l\u2019\u00c9tat victime un droit de l\u00e9gitime d\u00e9fense\u00a0\u00bb. Une attitude \u00ab\u00a0de cow-boy\u00a0\u00bb, ont<a href=\"https:\/\/www.20minutes.fr\/monde\/etats-unis\/4193066-20251224-onu-russie-chine-furieuses-comportement-cow-boy-trump-contre-venezuela\" class=\"c-link c-link--is-underlined\" target=\"_blank\" rel=\"noopener\"> accus\u00e9 plusieurs pays comme la Chine et la Russie<\/a>, en r\u00e9f\u00e9rence \u00e0 la strat\u00e9gie de Donald Trump.<\/p>\n<p><img decoding=\"async\" alt=\"Le pr\u00e9sident Donald Trump a affirm\u00e9 qu'il n'excluait pas une guerre contre le Venezuela. \" class=\"c-img\" loading=\"lazy\" fetchpriority=\"auto\" width=\"718\"  src=\"https:\/\/img.20mn.fr\/BLN7GdUVSbijZveqYY1UCyk\/718x0\" \/>Le pr\u00e9sident Donald Trump a affirm\u00e9 qu&rsquo;il n&rsquo;excluait pas une guerre contre le Venezuela. \u2002-\u00a0Mc2 Mariano Lopez\/U.S. Navy<\/p>\n<p>Ce blocus fait suite aux accusations lanc\u00e9es en novembre par les \u00c9tats-Unis contre des membres du gouvernement v\u00e9n\u00e9zu\u00e9lien, dont son pr\u00e9sident Nicol\u00e1s Maduro. Son pays a m\u00eame <a href=\"https:\/\/www.20minutes.fr\/monde\/4192887-20251222-venezuela-targue-plein-soutien-russie-face-blocus-etats-unis\" class=\"c-link c-link--is-underlined\" target=\"_blank\" rel=\"noopener\">r\u00e9cemment re\u00e7u le soutien de la Russie<\/a>.<\/p>\n","protected":false},"excerpt":{"rendered":"\u00abLa plus grande extorsion de notre histoire.\u00a0\u00bb Voil\u00e0 comment le porte-parole du Venezuela a d\u00e9crit l\u2019attitude des Etats-Unis&hellip;\n","protected":false},"author":2,"featured_media":620189,"comment_status":"","ping_status":"","sticky":false,"template":"","format":"standard","meta":{"footnotes":""},"categories":[1589],"tags":[47,11,75,73,1866,1146,74,813,12,338,3521,1864,1865,1863,308,337],"class_list":{"0":"post-620188","1":"post","2":"type-post","3":"status-publish","4":"format-standard","5":"has-post-thumbnail","7":"category-etats-unis","8":"tag-actualite","9":"tag-actualites","10":"tag-donald-trump","11":"tag-etats-unis","12":"tag-etats-unis-damerique","13":"tag-guerre","14":"tag-monde","15":"tag-narcotrafiquants","16":"tag-news","17":"tag-nicolas-maduro","18":"tag-onu","19":"tag-united-states","20":"tag-united-states-of-america","21":"tag-us","22":"tag-usa","23":"tag-venezuela"},"share_on_mastodon":{"url":"https:\/\/pubeurope.com\/@fr\/115775524063356693","error":""},"_links":{"self":[{"href":"https:\/\/www.europesays.com\/fr\/wp-json\/wp\/v2\/posts\/620188","targetHints":{"allow":["GET"]}}],"collection":[{"href":"https:\/\/www.europesays.com\/fr\/wp-json\/wp\/v2\/posts"}],"about":[{"href":"https:\/\/www.europesays.com\/fr\/wp-json\/wp\/v2\/types\/post"}],"author":[{"embeddable":true,"href":"https:\/\/www.europesays.com\/fr\/wp-json\/wp\/v2\/users\/2"}],"replies":[{"embeddable":true,"href":"https:\/\/www.europesays.com\/fr\/wp-json\/wp\/v2\/comments?post=620188"}],"version-history":[{"count":0,"href":"https:\/\/www.europesays.com\/fr\/wp-json\/wp\/v2\/posts\/620188\/revisions"}],"wp:featuredmedia":[{"embeddable":true,"href":"https:\/\/www.europesays.com\/fr\/wp-json\/wp\/v2\/media\/620189"}],"wp:attachment":[{"href":"https:\/\/www.europesays.com\/fr\/wp-json\/wp\/v2\/media?parent=620188"}],"wp:term":[{"taxonomy":"category","embeddable":true,"href":"https:\/\/www.europesays.com\/fr\/wp-json\/wp\/v2\/categories?post=620188"},{"taxonomy":"post_tag","embeddable":true,"href":"https:\/\/www.europesays.com\/fr\/wp-json\/wp\/v2\/tags?post=620188"}],"curies":[{"name":"wp","href":"https:\/\/api.w.org\/{rel}","templated":true}]}}