{"id":620194,"date":"2025-12-24T16:39:13","date_gmt":"2025-12-24T16:39:13","guid":{"rendered":"https:\/\/www.europesays.com\/fr\/620194\/"},"modified":"2025-12-24T16:39:13","modified_gmt":"2025-12-24T16:39:13","slug":"le-francais-laurent-solly-quitte-ses-fonctions-de-vice-president-europe-chez-meta-apres-12-ans-au-coeur-du-reacteur","status":"publish","type":"post","link":"https:\/\/www.europesays.com\/fr\/620194\/","title":{"rendered":"Le Fran\u00e7ais Laurent Solly quitte ses fonctions de vice-pr\u00e9sident Europe chez Meta apr\u00e8s 12 ans au c\u0153ur du r\u00e9acteur"},"content":{"rendered":"<p>Pendant plus de douze ans, Laurent Solly a incarn\u00e9 Meta en France puis en Europe. Aujourd\u2019hui, il annonce quitter ses fonctions de vice-pr\u00e9sident Europe, ouvrant un nouveau chapitre de sa vie professionnelle sans encore en r\u00e9v\u00e9ler la destination. <\/p>\n<p class=\"c-paragraph\">C\u2019est une page qui se tourne apr\u00e8s plus de douze ans pass\u00e9s au c\u0153ur de la maison-m\u00e8re de Facebook, Instagram et WhatsApp. Laurent Solly, le Fran\u00e7ais aux manettes de la r\u00e9gion Europe pour Meta, s\u2019en va. Retour sur une trajectoire ascendante.<\/p>\n<p>Facebook en qu\u00eate d\u2019un changement de posture<\/p>\n<p class=\"c-paragraph\">C\u2019est en 2013, dans un contexte de pression fiscale et r\u00e9glementaire accrue sur Facebook en France, que <a href=\"https:\/\/www.usine-digitale.fr\/article\/facebook-france-nomme-un-ex-dirigeant-de-tf1-a-sa-tete.N195983\" target=\"_blank\" rel=\"noopener\" title=\"https:\/\/www.usine-digitale.fr\/article\/facebook-france-nomme-un-ex-dirigeant-de-tf1-a-sa-tete.N195983\">la direction du r\u00e9seau social confie \u00e0 Laurent Solly un r\u00f4le strat\u00e9gique<\/a> : directeur g\u00e9n\u00e9ral (general manager) de Facebook France. Sa mission est de renforcer les relations avec les autorit\u00e9s, de structurer les op\u00e9rations fran\u00e7aises et d\u2019acc\u00e9l\u00e9rer la croissance commerciale de la plateforme. <\/p>\n<p class=\"c-paragraph\">Ancien haut fonctionnaire, fin connaisseur des rouages de l\u2019\u00c9tat et des m\u00e9dias, Laurent Solly apporte \u00e0 Meta ce qui lui manquait alors cruellement : une lecture politique et institutionnelle du contexte europ\u00e9en. Sous son impulsion, Facebook change de posture : plus de dialogue avec les pouvoirs publics, plus de pr\u00e9sence dans les cercles \u00e9conomiques fran\u00e7ais, et une strat\u00e9gie assum\u00e9e de normalisation.<\/p>\n<p class=\"c-paragraph\">Sur ce plan, son bilan est clair : Meta est devenu un interlocuteur incontournable, presque banal, dans les discussions sur l\u2019\u00e9conomie num\u00e9rique en France. Une r\u00e9ussite pour l\u2019entreprise, mais qui pose aussi la question de la porosit\u00e9 croissante entre plateformes priv\u00e9es et sph\u00e8re publique.<\/p>\n<p>Aux manettes de l\u2019Europe du Sud<\/p>\n<p class=\"c-paragraph\">Gr\u00e2ce \u00e0 ces succ\u00e8s, en ao\u00fbt 2016, il voit son p\u00e9rim\u00e8tre \u00e9largi en devenant directeur pour l\u2019Europe du Sud, couvrant notamment la France, l\u2019Espagne, le Portugal et l\u2019Italie. Un poste qu\u2019il occupera plus de huit ans durant.<\/p>\n<p class=\"c-paragraph\">Durant cette p\u00e9riode, il a notamment particip\u00e9 \u00e0 l\u2019implantation et au rayonnement du centre FAIR (Facebook AI Research) \u00e0 Paris, faisant de la France un hub international de recherche en intelligence artificielle. C\u2019est seulement en janvier dernier qu\u2019il est nomm\u00e9 vice-pr\u00e9sident Europe de ce que l\u2019on nomme d\u00e9sormais Meta, supervisant les strat\u00e9gies r\u00e9gionales et renfor\u00e7ant l\u2019int\u00e9gration europ\u00e9enne de l\u2019entreprise.<\/p>\n<p>Un d\u00e9part symbolique en cette fin d\u2019ann\u00e9e<\/p>\n<p class=\"c-paragraph\">Dans un message largement partag\u00e9 sur LinkedIn, Laurent Solly a largement remerci\u00e9 ses coll\u00e8gues et les partenaires de Meta, saluant les transformations technologiques et les apprentissages tir\u00e9s de ses 12 ans chez le g\u00e9ant technologique.<\/p>\n<p class=\"c-paragraph\">S\u2019il ne d\u00e9voile pas encore ses projets futurs, il laisse entendre que \u201cl\u2019aventure \u00e0 venir sera tout aussi extraordinaire\u201d, suscitant d\u00e9j\u00e0 de nombreuses sp\u00e9culations dans les milieux technologiques et m\u00e9diatiques.<\/p>\n<p>Une carri\u00e8re riche et influente<\/p>\n<p class=\"c-paragraph\">Avant de faire ses armes chez Meta, Laurent Solly a \u00e9volu\u00e9 un certain temps dans les sph\u00e8res politique et m\u00e9diatiques. Ce dipl\u00f4m\u00e9 de Sciences Po Paris et de l\u2019ENA s\u2019est d\u2019abord orient\u00e9 vers une carri\u00e8re de haut fonctionnaire. <\/p>\n<p class=\"c-paragraph\">Il entre dans la fonction publique au d\u00e9but des ann\u00e9es 1990 et gravite rapidement dans l\u2019administration fran\u00e7aise : sous-pr\u00e9fet et directeur de cabinet au sein de plusieurs pr\u00e9fectures entre 1996 et 2001, puis, dans les ann\u00e9es suivantes, il rejoint EDF, o\u00f9 il est charg\u00e9 de mission dans la direction coordination groupe puis \u00e0 la direction des achats. En 2004, il int\u00e8gre le cabinet de Nicolas Sarkozy, alors ministre de l\u2019Int\u00e9rieur puis de l\u2019\u00c9conomie, o\u00f9 il devient chef de cabinet avant d\u2019\u00eatre promu directeur adjoint de la campagne pr\u00e9sidentielle de 2007.<\/p>\n<p class=\"c-paragraph\">Ce passage strat\u00e9gique dans la sph\u00e8re politique lui conf\u00e8re une forte connaissance des enjeux \u00e9tatiques et des relations institutionnelles. Avec l\u2019\u00e9lection de Nicolas Sarkozy en 2007, Laurent Solly ne rejoint pas l\u2019\u00c9lys\u00e9e, mais fait une transition vers le secteur priv\u00e9. Il entre au groupe Bouygues en mai 2007 avant de prendre des responsabilit\u00e9s \u00e0 TF1, cha\u00eene embl\u00e9matique du paysage audiovisuel fran\u00e7ais. Il occupe plusieurs postes de direction, notamment en pilotant TF1 Publicit\u00e9 \u2014 la r\u00e9gie publicitaire du groupe \u2014 o\u00f9 il est souvent consid\u00e9r\u00e9 comme l\u2019un des cadres cl\u00e9s de la strat\u00e9gie commerciale et de transformation digitale du groupe.<\/p>\n<p class=\"c-paragraph\">Ce passage par les m\u00e9dias de masse est per\u00e7u comme une \u00e9tape majeure qui le positionne ensuite comme un interlocuteur de choix pour les g\u00e9ants technologiques. Finalement, ses choix de parcours lui valent de s\u2019imposer comme une personnalit\u00e9 incontournable du paysage des affaires et du num\u00e9rique en France et en Europe. Reste \u00e0 savoir quelle sera donc la nature de sa prochaine \u201caventure professionnelle\u201d.<\/p>\n","protected":false},"excerpt":{"rendered":"Pendant plus de douze ans, Laurent Solly a incarn\u00e9 Meta en France puis en Europe. Aujourd\u2019hui, il annonce&hellip;\n","protected":false},"author":2,"featured_media":620195,"comment_status":"","ping_status":"","sticky":false,"template":"","format":"standard","meta":{"footnotes":""},"categories":[1586],"tags":[11,36379,45548,341,1777,674,1011,27,3994,5701,223,310,1016,12,25,938,25628],"class_list":{"0":"post-620194","1":"post","2":"type-post","3":"status-publish","4":"format-standard","5":"has-post-thumbnail","7":"category-europe","8":"tag-actualites","9":"tag-big-tech","10":"tag-developpement-informatique","11":"tag-emploi","12":"tag-eu","13":"tag-europe","14":"tag-fr","15":"tag-france","16":"tag-ia-generative","17":"tag-innovation","18":"tag-intelligence-artificielle","19":"tag-internet","20":"tag-meta","21":"tag-news","22":"tag-republique-francaise","23":"tag-reseaux-sociaux","24":"tag-software"},"share_on_mastodon":{"url":"https:\/\/pubeurope.com\/@fr\/115775534812175115","error":""},"_links":{"self":[{"href":"https:\/\/www.europesays.com\/fr\/wp-json\/wp\/v2\/posts\/620194","targetHints":{"allow":["GET"]}}],"collection":[{"href":"https:\/\/www.europesays.com\/fr\/wp-json\/wp\/v2\/posts"}],"about":[{"href":"https:\/\/www.europesays.com\/fr\/wp-json\/wp\/v2\/types\/post"}],"author":[{"embeddable":true,"href":"https:\/\/www.europesays.com\/fr\/wp-json\/wp\/v2\/users\/2"}],"replies":[{"embeddable":true,"href":"https:\/\/www.europesays.com\/fr\/wp-json\/wp\/v2\/comments?post=620194"}],"version-history":[{"count":0,"href":"https:\/\/www.europesays.com\/fr\/wp-json\/wp\/v2\/posts\/620194\/revisions"}],"wp:featuredmedia":[{"embeddable":true,"href":"https:\/\/www.europesays.com\/fr\/wp-json\/wp\/v2\/media\/620195"}],"wp:attachment":[{"href":"https:\/\/www.europesays.com\/fr\/wp-json\/wp\/v2\/media?parent=620194"}],"wp:term":[{"taxonomy":"category","embeddable":true,"href":"https:\/\/www.europesays.com\/fr\/wp-json\/wp\/v2\/categories?post=620194"},{"taxonomy":"post_tag","embeddable":true,"href":"https:\/\/www.europesays.com\/fr\/wp-json\/wp\/v2\/tags?post=620194"}],"curies":[{"name":"wp","href":"https:\/\/api.w.org\/{rel}","templated":true}]}}