{"id":620213,"date":"2025-12-24T16:55:18","date_gmt":"2025-12-24T16:55:18","guid":{"rendered":"https:\/\/www.europesays.com\/fr\/620213\/"},"modified":"2025-12-24T16:55:18","modified_gmt":"2025-12-24T16:55:18","slug":"alexandre-kominek-defend-florence-foresti-contre-les-critiques-sur-leur-difference-dage","status":"publish","type":"post","link":"https:\/\/www.europesays.com\/fr\/620213\/","title":{"rendered":"Alexandre Kominek d\u00e9fend Florence Foresti contre les critiques sur leur diff\u00e9rence d\u2019\u00e2ge"},"content":{"rendered":"<p>Alexandre Kominek trouve que certaines remarques sur sa relation avec Florence Foresti rendent compl\u00e8tement \u00ab\u00a0dingue\u00a0\u00bb. Le com\u00e9dien de 36 ans, qui <a href=\"https:\/\/www.20minutes.fr\/arts-stars\/culture\/4136981-20250204-auguste-humour-florence-foresti-couronnee-humoriste-annee\" target=\"_blank\" class=\"c-link c-link--is-underlined\" rel=\"noopener\">a officialis\u00e9 sa relation avec l\u2019humoriste<\/a> de 16 ans son a\u00een\u00e9e en\u00a02022, a entendu bon nombre de commentaires d\u00e9sobligeants sur leur romance, qui semble pourtant marcher comme sur des roulettes.<\/p>\n<p>\u00ab\u00a0Au d\u00e9but, franchement, les commentaires du milieu qui disaient\u00a0: \u00ab\u00a0Il est avec elle pour percer\u00a0\u00bb, c\u2019\u00e9tait un peu lourd\u00a0\u00bb, a-t-il admis aupr\u00e8s de <a href=\"https:\/\/www.parismatch.com\/People\/alexandre-kominek-sur-sa-compagne-florence-foresti-jai-la-patronne-en-face-de-moi-ce-serait-dommage-de-ne-pas-en-profiter-262018\" rel=\"nofollow noopener\" target=\"_blank\" class=\"c-link c-link--is-underlined\">Paris Match<\/a>, alors que sa ch\u00e8re et tendre a perc\u00e9 au d\u00e9but des ann\u00e9es\u00a02000. Mais il ne se formalise pas pour autant, et se consid\u00e8re m\u00eame chanceux de pouvoir b\u00e9n\u00e9ficier des pr\u00e9cieux conseils de \u00ab\u00a0la patronne\u00a0\u00bb sur sa carri\u00e8re.<\/p>\n<p>\u00ab\u00a0C\u2019est tr\u00e8s violent, non\u00a0?\u00a0\u00bb<\/p>\n<p>\u00ab\u00a0Elle m\u2019a donn\u00e9 un conseil extraordinaire en me poussant \u00e0 faire de la radio\u00a0\u00bb, a-t-il relev\u00e9, alors que <a href=\"https:\/\/www.20minutes.fr\/arts-stars\/culture\/2729359-20200229-cesar-2020-florence-foresti-maitresse-ceremonie-passee-courageuse-ecoeuree\" target=\"_blank\" class=\"c-link c-link--is-underlined\" rel=\"noopener\">l\u2019humoriste<\/a> a elle aussi gagn\u00e9 en visibilit\u00e9 en pr\u00e9sentant ses personnages en dehors d\u2019un th\u00e9\u00e2tre par le biais de la t\u00e9l\u00e9vision. \u00ab\u00a0Et les personnages que j\u2019incarne \u00e0 l\u2019antenne viennent directement d\u2019elle\u00a0: jouer Carlos, un homosexuel br\u00e9silien sur une radio de gauche en\u00a02024, elle seule pensait que \u00e7a allait marcher. Et elle avait raison.\u00a0\u00bb<\/p>\n<p>Mais s\u2019il y a des critiques qu\u2019il ne supporte pas, ce sont celles sur la diff\u00e9rence d\u2019\u00e2ge dans son couple, qu\u2019il trouve particuli\u00e8rement \u00ab\u00a0violentes\u00a0\u00bb \u00e0 l\u2019\u00e9gard de <a href=\"https:\/\/www.20minutes.fr\/arts-stars\/people\/4075813-20240212-alexandre-kominek-leve-voile-histoire-amour-florence-foresti\" target=\"_blank\" class=\"c-link c-link--is-underlined\" rel=\"noopener\">sa compagne<\/a>. \u00ab\u00a0Non mais franchement\u2026 \u00c7a rend dingue\u00a0\u00bb, a-t-il lanc\u00e9. \u00ab\u00a0Qu\u2019un mec de 18 ans sorte avec une nana de 80 piges, je m\u2019en fous compl\u00e8tement. Et puis combien de mecs sortent avec des filles de vingt ou vingt-cinq ans de moins qu\u2019eux\u00a0? Florence vit avec quelqu\u2019un de seize ans de moins et on r\u00e9duit \u00e7a \u00e0\u00a0: \u00ab\u00a0Elle s\u2019est chop\u00e9 un petit jeune\u00a0\u00bb\u2026 C\u2019est tr\u00e8s violent, non\u00a0?\u00a0\u00bb<\/p>\n<p>Alexandre Kominek poursuit en janvier la tourn\u00e9e de son spectacle B\u00e2tard Sensible, qui passera notamment \u00e0 l\u2019Olympia de Paris les 7, 8 et 9\u00a0janvier prochains.<\/p>\n","protected":false},"excerpt":{"rendered":"Alexandre Kominek trouve que certaines remarques sur sa relation avec Florence Foresti rendent compl\u00e8tement \u00ab\u00a0dingue\u00a0\u00bb. Le com\u00e9dien de&hellip;\n","protected":false},"author":2,"featured_media":620214,"comment_status":"","ping_status":"","sticky":false,"template":"","format":"standard","meta":{"footnotes":""},"categories":[1359],"tags":[1376,1193,58,59,32591,1011,27,973,133],"class_list":{"0":"post-620213","1":"post","2":"type-post","3":"status-publish","4":"format-standard","5":"has-post-thumbnail","7":"category-people","8":"tag-amour","9":"tag-couple","10":"tag-divertissement","11":"tag-entertainment","12":"tag-florence-foresti","13":"tag-fr","14":"tag-france","15":"tag-people","16":"tag-video"},"share_on_mastodon":{"url":"https:\/\/pubeurope.com\/@fr\/115775597806930553","error":""},"_links":{"self":[{"href":"https:\/\/www.europesays.com\/fr\/wp-json\/wp\/v2\/posts\/620213","targetHints":{"allow":["GET"]}}],"collection":[{"href":"https:\/\/www.europesays.com\/fr\/wp-json\/wp\/v2\/posts"}],"about":[{"href":"https:\/\/www.europesays.com\/fr\/wp-json\/wp\/v2\/types\/post"}],"author":[{"embeddable":true,"href":"https:\/\/www.europesays.com\/fr\/wp-json\/wp\/v2\/users\/2"}],"replies":[{"embeddable":true,"href":"https:\/\/www.europesays.com\/fr\/wp-json\/wp\/v2\/comments?post=620213"}],"version-history":[{"count":0,"href":"https:\/\/www.europesays.com\/fr\/wp-json\/wp\/v2\/posts\/620213\/revisions"}],"wp:featuredmedia":[{"embeddable":true,"href":"https:\/\/www.europesays.com\/fr\/wp-json\/wp\/v2\/media\/620214"}],"wp:attachment":[{"href":"https:\/\/www.europesays.com\/fr\/wp-json\/wp\/v2\/media?parent=620213"}],"wp:term":[{"taxonomy":"category","embeddable":true,"href":"https:\/\/www.europesays.com\/fr\/wp-json\/wp\/v2\/categories?post=620213"},{"taxonomy":"post_tag","embeddable":true,"href":"https:\/\/www.europesays.com\/fr\/wp-json\/wp\/v2\/tags?post=620213"}],"curies":[{"name":"wp","href":"https:\/\/api.w.org\/{rel}","templated":true}]}}