{"id":620215,"date":"2025-12-24T16:56:25","date_gmt":"2025-12-24T16:56:25","guid":{"rendered":"https:\/\/www.europesays.com\/fr\/620215\/"},"modified":"2025-12-24T16:56:25","modified_gmt":"2025-12-24T16:56:25","slug":"galerie-du-chatelet-a-chalon-sur-saone-pour-noel-et-si-vous-offriez-une-aquarelle-de-jean-luc-durand-info-chalon-com","status":"publish","type":"post","link":"https:\/\/www.europesays.com\/fr\/620215\/","title":{"rendered":"Galerie du Ch\u00e2telet \u00e0 Chalon-sur-Sa\u00f4ne : Pour No\u00ebl et si vous offriez une aquarelle de Jean Luc Durand ? &#8211; info-chalon.com"},"content":{"rendered":"<p><strong>Venez rencontrer un peintre talentueux, le clin d\u2019\u0153il d\u2019info-chalon.com<\/strong><\/p>\n<p><strong><img decoding=\"async\" src=\"https:\/\/www.europesays.com\/fr\/wp-content\/uploads\/2025\/12\/20251223_174253.jpg\" alt=\"\"\/><\/strong><\/p>\n<p>Si <strong>Jean Luc Durand<\/strong>, Vice-pr\u00e9sident de l\u2019O.M.S reste tr\u00e8s connu dans le monde du sport chalonnais, cet homme d\u2019une grande gentillesse poss\u00e8de \u00e9galement le talent d\u2019aquarelliste.<\/p>\n<p><img loading=\"lazy\" decoding=\"async\" src=\"https:\/\/www.europesays.com\/fr\/wp-content\/uploads\/2025\/12\/20251223_174033.jpg\" alt=\"\" width=\"1738\" height=\"1070\"\/><\/p>\n<p>L\u2019exposition de ses \u0153uvres, jusqu\u2019au dimanche 28 d\u00e9cembre \u00e0 la Galerie du Chatelet, m\u00e9rite bien un petit d\u00e9tour (de 10 heures \u00e0 12 heures et de 15 heures \u00e0 18 heures).<\/p>\n<p><img loading=\"lazy\" decoding=\"async\" src=\"https:\/\/www.europesays.com\/fr\/wp-content\/uploads\/2025\/12\/20251223_174259.jpg\" alt=\"\" width=\"1738\" height=\"781\"\/><\/p>\n<p>Info-chalon \u00e9tait pr\u00e9sent ce mardi 23 d\u00e9cembre 2025 \u00a0pour couvrir cet \u00e9v\u00e9nement.<\/p>\n<p><img loading=\"lazy\" decoding=\"async\" src=\"https:\/\/www.europesays.com\/fr\/wp-content\/uploads\/2025\/12\/20251223_174010.jpg\" alt=\"\" width=\"1738\" height=\"1304\"\/><\/p>\n<p>Venez d\u00e9couvrir la centaine d\u2019\u0153uvres expos\u00e9es ayant pour sujet \u00e0 80% \u00e0 Chalon-sur-Sa\u00f4ne et ses environs\u2026<\/p>\n<p>(Vous pouvez le contacter sur son site <a href=\"https:\/\/www.info-chalon.com\/cdn-cgi\/l\/email-protection\" class=\"__cf_email__\" data-cfemail=\"22484e460c4353574350474e4e475162454f434b4e0c414d4f\" target=\"_blank\" rel=\"noopener\">[email\u00a0protected]<\/a> ) \u00a0\u00a0<\/p>\n<p>J.P.B<\/p>\n<p>\u00a0<\/p>\n","protected":false},"excerpt":{"rendered":"Venez rencontrer un peintre talentueux, le clin d\u2019\u0153il d\u2019info-chalon.com Si Jean Luc Durand, Vice-pr\u00e9sident de l\u2019O.M.S reste tr\u00e8s&hellip;\n","protected":false},"author":2,"featured_media":620216,"comment_status":"","ping_status":"","sticky":false,"template":"","format":"standard","meta":{"footnotes":""},"categories":[1358],"tags":[1348,1384,1385,1386,58,59,1011,27],"class_list":{"0":"post-620215","1":"post","2":"type-post","3":"status-publish","4":"format-standard","5":"has-post-thumbnail","7":"category-arts-et-design","8":"tag-arts","9":"tag-arts-and-design","10":"tag-arts-et-design","11":"tag-design","12":"tag-divertissement","13":"tag-entertainment","14":"tag-fr","15":"tag-france"},"share_on_mastodon":{"url":"https:\/\/pubeurope.com\/@fr\/115775603368264940","error":""},"_links":{"self":[{"href":"https:\/\/www.europesays.com\/fr\/wp-json\/wp\/v2\/posts\/620215","targetHints":{"allow":["GET"]}}],"collection":[{"href":"https:\/\/www.europesays.com\/fr\/wp-json\/wp\/v2\/posts"}],"about":[{"href":"https:\/\/www.europesays.com\/fr\/wp-json\/wp\/v2\/types\/post"}],"author":[{"embeddable":true,"href":"https:\/\/www.europesays.com\/fr\/wp-json\/wp\/v2\/users\/2"}],"replies":[{"embeddable":true,"href":"https:\/\/www.europesays.com\/fr\/wp-json\/wp\/v2\/comments?post=620215"}],"version-history":[{"count":0,"href":"https:\/\/www.europesays.com\/fr\/wp-json\/wp\/v2\/posts\/620215\/revisions"}],"wp:featuredmedia":[{"embeddable":true,"href":"https:\/\/www.europesays.com\/fr\/wp-json\/wp\/v2\/media\/620216"}],"wp:attachment":[{"href":"https:\/\/www.europesays.com\/fr\/wp-json\/wp\/v2\/media?parent=620215"}],"wp:term":[{"taxonomy":"category","embeddable":true,"href":"https:\/\/www.europesays.com\/fr\/wp-json\/wp\/v2\/categories?post=620215"},{"taxonomy":"post_tag","embeddable":true,"href":"https:\/\/www.europesays.com\/fr\/wp-json\/wp\/v2\/tags?post=620215"}],"curies":[{"name":"wp","href":"https:\/\/api.w.org\/{rel}","templated":true}]}}