{"id":620217,"date":"2025-12-24T16:58:34","date_gmt":"2025-12-24T16:58:34","guid":{"rendered":"https:\/\/www.europesays.com\/fr\/620217\/"},"modified":"2025-12-24T16:58:34","modified_gmt":"2025-12-24T16:58:34","slug":"jeanne-revele-quel-eleve-va-remporter-la-star-academy","status":"publish","type":"post","link":"https:\/\/www.europesays.com\/fr\/620217\/","title":{"rendered":"Jeanne r\u00e9v\u00e8le quel \u00e9l\u00e8ve va remporter la \u00ab\u00a0Star Academy\u00a0\u00bb"},"content":{"rendered":"<p>\n        Alors que Jeanne a quitt\u00e9 la \u00ab\u00a0Star Academy\u00a0\u00bb, la chanteuse se livre au jeu des pronostics. Et une \u00e9l\u00e8ve en particulier a toutes les chances de l&#8217;emporter selon elle : \u00ab\u00a0Elle a une place tr\u00e8s sp\u00e9ciale pour moi\u00a0\u00bb.\n    <\/p>\n<p class=\"content-paragraph\"><img decoding=\"async\" src=\"https:\/\/www.europesays.com\/fr\/wp-content\/uploads\/2025\/12\/photo_1766487448.jpg\" class=\"textcenter img-content\" loading=\"lazy\" style=\"margin-bottom: 0;\"\/>Capture TF1 <br \/>Jeanne \u00e9tait pourtant l&rsquo;une des favorites de la <a href=\"https:\/\/www.chartsinfrance.net\/Star-Academy\/news-134777.html\" class=\"articlepage-link\" target=\"_blank\" rel=\"noopener\">\u00ab\u00a0Star Academy\u00a0\u00bb<\/a>. Sauf que <a href=\"https:\/\/www.chartsinfrance.net\/Star-Academy\/news-134770.html\" class=\"articlepage-link\" target=\"_blank\" rel=\"noopener\">son aventure s&rsquo;est arr\u00eat\u00e9e<\/a> samedi soir suite au prime des face-\u00e0-face o\u00f9 elle s&rsquo;est retrouv\u00e9e nomm\u00e9e face \u00e0 Sarah, L\u00e9a et Th\u00e9o P. Depuis, la jeune femme savoure le bel accueil r\u00e9serv\u00e9 \u00e0 sa chanson <a href=\"https:\/\/www.chartsinfrance.net\/Star-Academy\/news-134412.html\" class=\"articlepage-link\" target=\"_blank\" rel=\"noopener\">\u00ab\u00a0Respire fort\u00a0\u00bb<\/a>, qui comptabilise plus de 6 millions d&rsquo;\u00e9coutes sur les plateformes, tandis que <a href=\"https:\/\/www.chartsinfrance.net\/Star-Academy\/news-134775.html\" class=\"articlepage-link\" target=\"_blank\" rel=\"noopener\">son duo avec L\u00e9o<\/a> est lui aussi pl\u00e9biscit\u00e9 par les fans de l&rsquo;\u00e9mission. Baptis\u00e9 \u00ab\u00a0Les atomes\u00a0\u00bb, il devrait sortir prochainement ! \u00ab Franchement, quand j&rsquo;ai vu l&rsquo;engouement \u00e0 la sortie, je me suis dit \u00ab\u00a0Let&rsquo;s go\u00a0\u00bb. Commencer par une chanson, ce serait fou \u00bb confie Jeanne \u00e0 nos confr\u00e8res de <a href=\"https:\/\/www.purepeople.com\/article\/exclu-apres-son-elimination-de-la-star-academy-jeanne-envisage-deja-un-projet-avec-leo-quand-jai-vu-lengouement-a-la-sortie_a545840\/1\" class=\"articlepage-link\" target=\"_blank\" rel=\"noopener\">Purepeople<\/a> : \u00ab Il va falloir qu&rsquo;on retravaille dessus bien \u00e9videmment parce qu&rsquo;on l&rsquo;a \u00e9crite au ch\u00e2teau et c&rsquo;est encore le d\u00e9but de cette chanson \u00bb.<\/p>\n<p>\u00ab\u00a0C&rsquo;est mon coup de coeur amical de l&rsquo;aventure\u00a0\u00bb<\/p>\n<p class=\"content-paragraph\"> La suite pour Jeanne ? \u00ab Je vais rejoindre ma famille, profiter des miens et des f\u00eates. Je vais me remettre \u00e0 faire ma musique \u00bb atteste l&rsquo;artiste de 22 ans, originaire d&rsquo;Agen, \u00e0 SudInfo, balayant les rumeurs autour d&rsquo;<a href=\"https:\/\/www.chartsinfrance.net\/Star-Academy\/news-134791.html\" class=\"articlepage-link\" target=\"_blank\" rel=\"noopener\">un album qui serait d\u00e9j\u00e0 pr\u00eat<\/a> : \u00ab Pas du tout. (&#8230;) Il y a plein de choses \u00e0 revoir, une direction artistique \u00e0 cr\u00e9er, j\u2019ai encore beaucoup de boulot \u00bb. En attendant, la \u00ab\u00a0Star Academy\u00a0\u00bb se poursuit et l&rsquo;\u00e9tape de la grande finale approche \u00e0 grands pas. Alors qui Jeanne voit-elle arriver dans le carr\u00e9 final ? \u00ab Anouk, d&rsquo;office. Surtout depuis que j&rsquo;ai vu qu&rsquo;elle \u00e9tait fort suivie. Sarah, Ambre et Victor \u00bb r\u00e9pond-elle pour d\u00e9signer ses finalistes favoris. Et pour la victoire ? \u00ab J&rsquo;aimerais voir gagner Anouk, mais je les aime tous. Je pense que \u00e7a peut \u00eatre Anouk \u00bb.<\/p>\n<p class=\"content-paragraph\">Et d&rsquo;expliquer ce choix. \u00ab Je l&rsquo;aime trop ! C&rsquo;est mon coup de coeur amical de l&rsquo;aventure \u00bb explique Jeanne \u00e0 propos d&rsquo;Anouk, avec qui elle a tiss\u00e9 un lien tr\u00e8s fort : \u00ab Elle a une place tr\u00e8s sp\u00e9ciale pour moi parce qu&rsquo;elle a toujours \u00e9t\u00e9 l\u00e0, dans les bons et les mauvais moments. Elle est tr\u00e8s talentueuse, tr\u00e8s solaire, je suis hyper fi\u00e8re d&rsquo;elle \u00bb.<\/p>\n<p>                <img loading=\"lazy\" decoding=\"async\" src=\"https:\/\/www.europesays.com\/fr\/wp-content\/uploads\/2025\/10\/favicon.png\" class=\"author-article-picture\" width=\"35\" height=\"35\"\/><\/p>\n<p>                    Par<\/p>\n<p>                                            <a class=\"author-article-bio-link\" href=\"https:\/\/www.chartsinfrance.net\/auteur\/54\/\" target=\"_blank\" rel=\"noopener\">Julien GONCALVES<\/a><\/p>\n<p>                    |<\/p>\n<p>                                            R\u00e9dacteur en chef<\/p>\n<p>\n                Enfant des ann\u00e9es 80 et ex-collectionneur de CD 2 titres, il se passionne tr\u00e8s t\u00f4t pour la musique, notamment la pop anglaise et la chanson fran\u00e7aise dont il est devenu un expert.\n            <\/p>\n","protected":false},"excerpt":{"rendered":"Alors que Jeanne a quitt\u00e9 la \u00ab\u00a0Star Academy\u00a0\u00bb, la chanteuse se livre au jeu des pronostics. Et une&hellip;\n","protected":false},"author":2,"featured_media":620218,"comment_status":"","ping_status":"","sticky":false,"template":"","format":"standard","meta":{"footnotes":""},"categories":[1356],"tags":[58,59,1011,27,252,1364],"class_list":{"0":"post-620217","1":"post","2":"type-post","3":"status-publish","4":"format-standard","5":"has-post-thumbnail","7":"category-television","8":"tag-divertissement","9":"tag-entertainment","10":"tag-fr","11":"tag-france","12":"tag-television","13":"tag-tv"},"share_on_mastodon":{"url":"https:\/\/pubeurope.com\/@fr\/115775611620619356","error":""},"_links":{"self":[{"href":"https:\/\/www.europesays.com\/fr\/wp-json\/wp\/v2\/posts\/620217","targetHints":{"allow":["GET"]}}],"collection":[{"href":"https:\/\/www.europesays.com\/fr\/wp-json\/wp\/v2\/posts"}],"about":[{"href":"https:\/\/www.europesays.com\/fr\/wp-json\/wp\/v2\/types\/post"}],"author":[{"embeddable":true,"href":"https:\/\/www.europesays.com\/fr\/wp-json\/wp\/v2\/users\/2"}],"replies":[{"embeddable":true,"href":"https:\/\/www.europesays.com\/fr\/wp-json\/wp\/v2\/comments?post=620217"}],"version-history":[{"count":0,"href":"https:\/\/www.europesays.com\/fr\/wp-json\/wp\/v2\/posts\/620217\/revisions"}],"wp:featuredmedia":[{"embeddable":true,"href":"https:\/\/www.europesays.com\/fr\/wp-json\/wp\/v2\/media\/620218"}],"wp:attachment":[{"href":"https:\/\/www.europesays.com\/fr\/wp-json\/wp\/v2\/media?parent=620217"}],"wp:term":[{"taxonomy":"category","embeddable":true,"href":"https:\/\/www.europesays.com\/fr\/wp-json\/wp\/v2\/categories?post=620217"},{"taxonomy":"post_tag","embeddable":true,"href":"https:\/\/www.europesays.com\/fr\/wp-json\/wp\/v2\/tags?post=620217"}],"curies":[{"name":"wp","href":"https:\/\/api.w.org\/{rel}","templated":true}]}}