{"id":620287,"date":"2025-12-24T17:41:14","date_gmt":"2025-12-24T17:41:14","guid":{"rendered":"https:\/\/www.europesays.com\/fr\/620287\/"},"modified":"2025-12-24T17:41:14","modified_gmt":"2025-12-24T17:41:14","slug":"un-jeune-homme-de-19-ans-tue-par-arme-blanche","status":"publish","type":"post","link":"https:\/\/www.europesays.com\/fr\/620287\/","title":{"rendered":"un jeune homme de 19 ans tu\u00e9 par arme blanche"},"content":{"rendered":"<p>\n    Un jeune homme de 19 ans a \u00e9t\u00e9 victime de plusieurs coups de couteau dans les quartiers sud de Marseille, mardi soir. La victime aurait \u00e9t\u00e9 gri\u00e8vement bless\u00e9e avant de succomber \u00e0 ses blessures<\/p>\n<p class=\"fig-paragraph\">Un jeune homme de 19 ans est d\u00e9c\u00e9d\u00e9 lors d\u2019une agression au couteau dans les quartiers sud de Marseille, mardi dans la soir\u00e9e, a appris le Figaro de sources concordantes, confirmant une information initiale de\u00a0<a href=\"https:\/\/www.bfmtv.com\/police-justice\/une-rixe-au-couteau-fait-un-mort-a-marseille_AN-202512240193.html\" target=\"_blank\" rel=\"sponsored noopener\" data-gtm-custom-categorie=\"navigation\" data-gtm-custom-action=\"crossclick\" data-gtm-custom-label=\"Contextuel\" data-gtm-event=\"customEventSPE\">BFMTV<\/a>.<\/p>\n<p class=\"fig-paragraph\">La victime aurait \u00e9t\u00e9 agress\u00e9e avenue de Mazargues. Elle a re\u00e7u plusieurs\u00a0<a href=\"http:\/\/www.lefigaro.fr\/nantes\/pres-de-nantes-une-femme-meurt-apres-avoir-ete-poignardee-son-ex-conjoint-activement-recherche-20251126\" data-fig-type=\"NewsFlash\" data-gtm-custom-categorie=\"navigation\" data-gtm-custom-action=\"crossclick\" data-gtm-custom-label=\"Contextuel\" data-gtm-event=\"customEventSPE\" data-fig-domain=\"LEFIGARO\" target=\"_blank\" rel=\"noopener\">coups de couteau\u00a0<\/a>au thorax de sorte que les marins-pompiers, lors de leur intervention, ont d\u00e9cid\u00e9 de transporter la victime vers un h\u00f4pital, le jeune homme ayant \u00e9t\u00e9 r\u00e9anim\u00e9 avec un pronostic vital engag\u00e9.<\/p>\n<p>                                            <a class=\"fig-a11y-skip\" href=\"#fig-a11y-skip-main-inarticle\" data-module=\"a11y-skip\" data-context=\"was @visible\"><br \/>\n    Passer la publicit\u00e9<br \/>\n<\/a>            <\/p>\n<p>                                            Une seconde personne hospitalis\u00e9e<\/p>\n<p class=\"fig-paragraph\">Une seconde personne d\u2019environ 18 ans, \u00abchoqu\u00e9e et pr\u00e9sentant des contusions\u00bb a \u00e9galement \u00e9t\u00e9 transport\u00e9e \u00e0 l\u2019h\u00f4pital selon le bataillon des\u00a0<a href=\"http:\/\/www.lefigaro.fr\/marseille\/des-moyens-colossaux-a-l-approche-des-jo-les-marins-pompiers-pleinement-mobilises-a-marseille-20240711\" data-fig-type=\"NewsFlash\" data-gtm-custom-categorie=\"navigation\" data-gtm-custom-action=\"crossclick\" data-gtm-custom-label=\"Contextuel\" data-gtm-event=\"customEventSPE\" data-fig-domain=\"LEFIGARO\" target=\"_blank\" rel=\"noopener\">marins-pompiers de Marseille<\/a>. Une enqu\u00eate a \u00e9t\u00e9 ouverte et confi\u00e9e \u00e0 la brigade criminelle. Contact\u00e9, le parquet de Marseille n\u2019a pas donn\u00e9 suite \u00e0 nos sollicitations \u00e0 l\u2019heure o\u00f9 ces lignes sont \u00e9crites.<\/p>\n<p class=\"fig-paragraph\">Selon des statistiques du ministre de l\u2019Int\u00e9rieur, en 2024, les tentatives d\u2019homicide en France \u00e9taient en hausse de 7%. Toujours selon des statistiques officielles, 10.397 attaques \u00e0 l\u2019arme blanche ont \u00e9t\u00e9 recens\u00e9es sur le territoire en 2024. 34% des altercations de rue impliquent des couteaux ou des armes blanches, selon les derniers sondages de la police.<\/p>\n","protected":false},"excerpt":{"rendered":"Un jeune homme de 19 ans a \u00e9t\u00e9 victime de plusieurs coups de couteau dans les quartiers sud&hellip;\n","protected":false},"author":2,"featured_media":620288,"comment_status":"","ping_status":"","sticky":false,"template":"","format":"standard","meta":{"footnotes":""},"categories":[2814],"tags":[1111,11,7623,1777,674,1011,27,2683,884,12,882,25],"class_list":{"0":"post-620287","1":"post","2":"type-post","3":"status-publish","4":"format-standard","5":"has-post-thumbnail","7":"category-marseille","8":"tag-actu","9":"tag-actualites","10":"tag-coup-de-couteau","11":"tag-eu","12":"tag-europe","13":"tag-fr","14":"tag-france","15":"tag-homicide","16":"tag-marseille","17":"tag-news","18":"tag-provence-alpes-cote-dazur","19":"tag-republique-francaise"},"share_on_mastodon":{"url":"https:\/\/pubeurope.com\/@fr\/115775778631524678","error":""},"_links":{"self":[{"href":"https:\/\/www.europesays.com\/fr\/wp-json\/wp\/v2\/posts\/620287","targetHints":{"allow":["GET"]}}],"collection":[{"href":"https:\/\/www.europesays.com\/fr\/wp-json\/wp\/v2\/posts"}],"about":[{"href":"https:\/\/www.europesays.com\/fr\/wp-json\/wp\/v2\/types\/post"}],"author":[{"embeddable":true,"href":"https:\/\/www.europesays.com\/fr\/wp-json\/wp\/v2\/users\/2"}],"replies":[{"embeddable":true,"href":"https:\/\/www.europesays.com\/fr\/wp-json\/wp\/v2\/comments?post=620287"}],"version-history":[{"count":0,"href":"https:\/\/www.europesays.com\/fr\/wp-json\/wp\/v2\/posts\/620287\/revisions"}],"wp:featuredmedia":[{"embeddable":true,"href":"https:\/\/www.europesays.com\/fr\/wp-json\/wp\/v2\/media\/620288"}],"wp:attachment":[{"href":"https:\/\/www.europesays.com\/fr\/wp-json\/wp\/v2\/media?parent=620287"}],"wp:term":[{"taxonomy":"category","embeddable":true,"href":"https:\/\/www.europesays.com\/fr\/wp-json\/wp\/v2\/categories?post=620287"},{"taxonomy":"post_tag","embeddable":true,"href":"https:\/\/www.europesays.com\/fr\/wp-json\/wp\/v2\/tags?post=620287"}],"curies":[{"name":"wp","href":"https:\/\/api.w.org\/{rel}","templated":true}]}}