{"id":620313,"date":"2025-12-24T18:02:24","date_gmt":"2025-12-24T18:02:24","guid":{"rendered":"https:\/\/www.europesays.com\/fr\/620313\/"},"modified":"2025-12-24T18:02:24","modified_gmt":"2025-12-24T18:02:24","slug":"la-reponse-qui-sera-apportee-sera-collective-et-europeenne-affirme-la-ministre-deleguee-au-numerique","status":"publish","type":"post","link":"https:\/\/www.europesays.com\/fr\/620313\/","title":{"rendered":"\u00ab\u00a0La r\u00e9ponse qui sera apport\u00e9e sera collective et europ\u00e9enne\u00a0\u00bb, affirme la ministre d\u00e9l\u00e9gu\u00e9e au Num\u00e9rique"},"content":{"rendered":"\n<p class=\"c-chapo \">\n  Les \u00c9tats-Unis ont annonc\u00e9 mardi des sanctions visant cinq personnalit\u00e9s europ\u00e9ennes engag\u00e9es pour une stricte r\u00e9gulation de la tech, dont l&rsquo;ancien commissaire europ\u00e9en, le Fran\u00e7ais Thierry Breton.\n<\/p>\n<p>      lire plus tard<\/p>\n<p id=\"dialog__title\" class=\"dialog__title\">Pour sauvegarder cet article, connectez-vous ou cr\u00e9ez un compte franceinfo<\/p>\n<p class=\"dialog__description\">Sans paiement. Sans abonnement.<\/p>\n<p>        Fermer la fen\u00eatre d\u2019activation des notifications France Info<\/p>\n<p>      cr\u00e9er votre compte<\/p>\n<p>      se connecter<\/p>\n<p>      :<\/p>\n<p>        Fermer la fen\u00eatre de pr\u00e9sentation<\/p>\n<p>    <img loading=\"lazy\" decoding=\"async\" class=\"signature__image lazyload\" width=\"100\" height=\"100\" data- alt=\"\" src=\"https:\/\/www.europesays.com\/fr\/wp-content\/uploads\/2025\/05\/64a7df4c5fe71_placeholder-36b69ec8.png\"\/><\/p>\n<p>    Publi\u00e9 le 24\/12\/2025 18:37<\/p>\n<p>        Temps de lecture : 1min<\/p>\n<p>    <img decoding=\"async\"  alt=\"Anne Le Henanff, ministre charg\u00e9e du num\u00e9rique, le 20 novembre 2025 (DAMIEN MEYER \/ AFP)\" width=\"432\" height=\"243\" src=\"https:\/\/www.europesays.com\/fr\/wp-content\/uploads\/2025\/12\/anne-le-henanff-ministre-chargee-du-numerique-le-20-novembre-2025-694c1654032a9875850116.jpg\" fetchpriority=\"high\"\/><\/p>\n<p>      Anne Le Henanff, ministre charg\u00e9e du num\u00e9rique, le 20 novembre 2025 (DAMIEN MEYER \/ AFP)<\/p>\n<p>\u00ab\u00a0La r\u00e9ponse qui sera apport\u00e9e, s&rsquo;il y en a une &#8211; elle n&rsquo;est pas de mon niveau &#8211; sera collective et europ\u00e9enne\u00a0\u00bb, affirme mercredi 24 d\u00e9cembre sur <a href=\"https:\/\/www.franceinfo.fr\/monde\/usa\/emmanuel-macron-fustige-des-sanctions-americaines-visant-cinq-europeens-engages-contre-la-desinformation-dont-thierry-breton_7699966.html\" target=\"_self\" rel=\"noopener noreferrer nofollow\" data-tooltip-url=\"https:\/\/www.franceinfo.fr\/monde\/usa\/emmanuel-macron-fustige-des-sanctions-americaines-visant-cinq-europeens-engages-contre-la-desinformation-dont-thierry-breton_7699966.html\">franceinfo<\/a> Anne Le Henanff, la ministre d\u00e9l\u00e9gu\u00e9e \u00e0 l\u2019Intelligence artificielle et au Num\u00e9rique. <\/p>\n<p>Les \u00c9tats-Unis ont annonc\u00e9 mardi des sanctions visant cinq personnalit\u00e9s europ\u00e9ennes engag\u00e9es pour une stricte r\u00e9gulation de la tech, dont l&rsquo;ancien commissaire europ\u00e9en, le Fran\u00e7ais Thierry Breton, qui se voient interdits de s\u00e9jour sur le sol am\u00e9ricain. <\/p>\n<p>Commissaire au March\u00e9 int\u00e9rieur de 2019 \u00e0 2024, Thierry Breton avait \u00e9t\u00e9 l&rsquo;artisan de la directive europ\u00e9enne sur les services num\u00e9riques (DSA) qui impose aux plateformes des r\u00e9gulations, comme le signalement de contenus probl\u00e9matiques. <\/p>\n<p>Des r\u00e9gulations jug\u00e9es par les Etats-Unis comme une atteinte \u00e0 la libert\u00e9 d&rsquo;expression. \u00ab\u00a0Le DSA a \u00e9t\u00e9 d\u00e9mocratiquement compos\u00e9, puisque les 27 membres ont choisi de l&rsquo;appliquer dans chacun de leur pays et au niveau europ\u00e9en\u00a0\u00bb, insiste Anne Le Henanff. <\/p>\n<p>\u00ab\u00a0C&rsquo;est un r\u00e8glement qui est d\u00e9cid\u00e9 par les Europ\u00e9ens pour les Europ\u00e9ens\u00a0\u00bb, rappelle la ministre. \u00ab\u00a0C&rsquo;est un texte que nous avons collectivement souhait\u00e9 pour nous prot\u00e9ger des d\u00e9rives et des risques que nous rencontrons parfois sur les grandes plateformes ou les moteurs de recherche, quelle que soit leur origine\u00a0\u00bb, ajoute-t-elle.<\/p>\n<p>\u00ab\u00a0On d\u00e9cide que chaque Etat, chaque entit\u00e9, chaque entreprise qui d\u00e9cide de venir s&rsquo;implanter sur le territoire europ\u00e9en, respecte nos r\u00e8gles\u00a0\u00bb, rappelle-t-elle. \u00a0<\/p>\n","protected":false},"excerpt":{"rendered":"Les \u00c9tats-Unis ont annonc\u00e9 mardi des sanctions visant cinq personnalit\u00e9s europ\u00e9ennes engag\u00e9es pour une stricte r\u00e9gulation de la&hellip;\n","protected":false},"author":2,"featured_media":620314,"comment_status":"","ping_status":"","sticky":false,"template":"","format":"standard","meta":{"footnotes":""},"categories":[1586],"tags":[11,1777,674,1779,1011,27,12,25,1778,364],"class_list":{"0":"post-620313","1":"post","2":"type-post","3":"status-publish","4":"format-standard","5":"has-post-thumbnail","7":"category-europe","8":"tag-actualites","9":"tag-eu","10":"tag-europe","11":"tag-european-union","12":"tag-fr","13":"tag-france","14":"tag-news","15":"tag-republique-francaise","16":"tag-ue","17":"tag-union-europeenne"},"share_on_mastodon":{"url":"https:\/\/pubeurope.com\/@fr\/115775863865368143","error":""},"_links":{"self":[{"href":"https:\/\/www.europesays.com\/fr\/wp-json\/wp\/v2\/posts\/620313","targetHints":{"allow":["GET"]}}],"collection":[{"href":"https:\/\/www.europesays.com\/fr\/wp-json\/wp\/v2\/posts"}],"about":[{"href":"https:\/\/www.europesays.com\/fr\/wp-json\/wp\/v2\/types\/post"}],"author":[{"embeddable":true,"href":"https:\/\/www.europesays.com\/fr\/wp-json\/wp\/v2\/users\/2"}],"replies":[{"embeddable":true,"href":"https:\/\/www.europesays.com\/fr\/wp-json\/wp\/v2\/comments?post=620313"}],"version-history":[{"count":0,"href":"https:\/\/www.europesays.com\/fr\/wp-json\/wp\/v2\/posts\/620313\/revisions"}],"wp:featuredmedia":[{"embeddable":true,"href":"https:\/\/www.europesays.com\/fr\/wp-json\/wp\/v2\/media\/620314"}],"wp:attachment":[{"href":"https:\/\/www.europesays.com\/fr\/wp-json\/wp\/v2\/media?parent=620313"}],"wp:term":[{"taxonomy":"category","embeddable":true,"href":"https:\/\/www.europesays.com\/fr\/wp-json\/wp\/v2\/categories?post=620313"},{"taxonomy":"post_tag","embeddable":true,"href":"https:\/\/www.europesays.com\/fr\/wp-json\/wp\/v2\/tags?post=620313"}],"curies":[{"name":"wp","href":"https:\/\/api.w.org\/{rel}","templated":true}]}}