{"id":620317,"date":"2025-12-24T18:05:31","date_gmt":"2025-12-24T18:05:31","guid":{"rendered":"https:\/\/www.europesays.com\/fr\/620317\/"},"modified":"2025-12-24T18:05:31","modified_gmt":"2025-12-24T18:05:31","slug":"la-grand-mere-maternelle-de-la-victime-a-des-elements-a-faire-part-au-juge-dinstruction","status":"publish","type":"post","link":"https:\/\/www.europesays.com\/fr\/620317\/","title":{"rendered":"la grand-m\u00e8re maternelle de la victime a des \u00e9l\u00e9ments \u00e0 faire part au juge d&rsquo;instruction"},"content":{"rendered":"<p>Pour rappel, cette femme m\u00e8ne sa propre enqu\u00eate parall\u00e8le car \u00ab\u00a0ce qui guide sa pens\u00e9e, c&rsquo;est la recherche de la v\u00e9rit\u00e9. Elle veut savoir\u00a0\u00bb, explique Ma\u00eetre Julien Pinelli.<\/p>\n<p>Dans ce cadre, les grands-parents de la petite victime m\u00e8nent\u00a0 leurs propres investigations, ce qu&rsquo;ils appellent un \u00ab\u00a0compl\u00e9ment d&rsquo;enqu\u00eate\u00a0\u00bb. Ils auraient constat\u00e9, toujours selon la m\u00eame source, que certains endroits n&rsquo;avaient pas \u00e9t\u00e9 fouill\u00e9s comme il le fallait. Ils esp\u00e8rent ainsi pouvoir transmettre de nouveaux \u00e9l\u00e9ments aux enqu\u00eateurs.\u00a0<\/p>\n<p>Ils esp\u00e8rent \u00eatre reconvoqu\u00e9s pour pr\u00e9senter leurs notes et d\u00e9voiler leurs travaux men\u00e9s dans des secteurs choisis du Haut Vernet. Et veulent faire une demande d&rsquo;actes compl\u00e9mentaires en janvier 2026.<\/p>\n<p>Ce qui signifie qu&rsquo;ils vont r\u00e9clamer que les enqu\u00eateurs creusent certains points qui n&rsquo;ont pas \u00e9t\u00e9 assez approfondis selon eux.<\/p>\n","protected":false},"excerpt":{"rendered":"Pour rappel, cette femme m\u00e8ne sa propre enqu\u00eate parall\u00e8le car \u00ab\u00a0ce qui guide sa pens\u00e9e, c&rsquo;est la recherche&hellip;\n","protected":false},"author":2,"featured_media":620318,"comment_status":"","ping_status":"","sticky":false,"template":"","format":"standard","meta":{"footnotes":""},"categories":[2],"tags":[17,11,154,33146,274,1011,27,17600,5758,18,12,15864,25,9418],"class_list":{"0":"post-620317","1":"post","2":"type-post","3":"status-publish","4":"format-standard","5":"has-post-thumbnail","7":"category-actualites","8":"tag-17","9":"tag-actualites","10":"tag-des","11":"tag-emile","12":"tag-faits-divers-justice","13":"tag-fr","14":"tag-france","15":"tag-grand-mere","16":"tag-maternelle","17":"tag-mort","18":"tag-news","19":"tag-petit","20":"tag-republique-francaise","21":"tag-victime"},"share_on_mastodon":{"url":"https:\/\/pubeurope.com\/@fr\/115775872917030228","error":""},"_links":{"self":[{"href":"https:\/\/www.europesays.com\/fr\/wp-json\/wp\/v2\/posts\/620317","targetHints":{"allow":["GET"]}}],"collection":[{"href":"https:\/\/www.europesays.com\/fr\/wp-json\/wp\/v2\/posts"}],"about":[{"href":"https:\/\/www.europesays.com\/fr\/wp-json\/wp\/v2\/types\/post"}],"author":[{"embeddable":true,"href":"https:\/\/www.europesays.com\/fr\/wp-json\/wp\/v2\/users\/2"}],"replies":[{"embeddable":true,"href":"https:\/\/www.europesays.com\/fr\/wp-json\/wp\/v2\/comments?post=620317"}],"version-history":[{"count":0,"href":"https:\/\/www.europesays.com\/fr\/wp-json\/wp\/v2\/posts\/620317\/revisions"}],"wp:featuredmedia":[{"embeddable":true,"href":"https:\/\/www.europesays.com\/fr\/wp-json\/wp\/v2\/media\/620318"}],"wp:attachment":[{"href":"https:\/\/www.europesays.com\/fr\/wp-json\/wp\/v2\/media?parent=620317"}],"wp:term":[{"taxonomy":"category","embeddable":true,"href":"https:\/\/www.europesays.com\/fr\/wp-json\/wp\/v2\/categories?post=620317"},{"taxonomy":"post_tag","embeddable":true,"href":"https:\/\/www.europesays.com\/fr\/wp-json\/wp\/v2\/tags?post=620317"}],"curies":[{"name":"wp","href":"https:\/\/api.w.org\/{rel}","templated":true}]}}