{"id":620319,"date":"2025-12-24T18:08:43","date_gmt":"2025-12-24T18:08:43","guid":{"rendered":"https:\/\/www.europesays.com\/fr\/620319\/"},"modified":"2025-12-24T18:08:43","modified_gmt":"2025-12-24T18:08:43","slug":"bienvenue-en-ile-de-france-du-24-12-2025-bienvenue-en-ile-de-france","status":"publish","type":"post","link":"https:\/\/www.europesays.com\/fr\/620319\/","title":{"rendered":"Bienvenue en \u00cele-de-France du 24\/12\/2025 &#8211; Bienvenue en \u00cele-de-France"},"content":{"rendered":"<p id=\"descriptionPanel\" class=\"text-secondary mr-2 line-clamp-2 pr-2.5 overflow-visible\">En cette fin d&rsquo;ann\u00e9e 2025, Thibaut Gauthier accueille Yves Thr\u00e9ard, Natacha Polony et Alexandre Devecchio pour faire le classement des dix actualit\u00e9s les plus importantes de l&rsquo;ann\u00e9e \u00e9coul\u00e9e. Ils \u00e9voquent la rencontre Trump-Poutine, les frappes d&rsquo;Isra\u00ebl en Iran, le sacre du PSG en Ligue des champions ou encore le braquage du Louvre.<\/p>\n<p>Afficher la version longue du r\u00e9sum\u00e9<a class=\"shrink-0\" href=\"https:\/\/www.tf1.fr\/le-figaro\/bienvenue-en-ile-de-france\" target=\"_blank\" rel=\"noopener\"><img decoding=\"async\" src=\"https:\/\/www.europesays.com\/fr\/wp-content\/uploads\/2025\/12\/bienvenue-en-ile-de-france-1741695537-15a094-7dbf5c-0@1x.jpg\" width=\"138\" height=\"184\" alt=\"\" loading=\"eager\" fetchpriority=\"auto\" class=\"rounded-3px aspect-[3\/4] h-24 w-auto\" aria-hidden=\"true\"\/><\/a><\/p>\n<p>54m<\/p>\n<p><img decoding=\"async\" src=\"https:\/\/www.europesays.com\/fr\/wp-content\/uploads\/2025\/05\/lefigaro-logo-editeur-a24114-19ceaf-0@3x.png\" alt=\"Le Figaro\" loading=\"eager\" class=\"h-5 w-14\" fetchpriority=\"auto\"\/>24 d\u00e9c. 2025 \u00e0 19:00<\/p>\n","protected":false},"excerpt":{"rendered":"En cette fin d&rsquo;ann\u00e9e 2025, Thibaut Gauthier accueille Yves Thr\u00e9ard, Natacha Polony et Alexandre Devecchio pour faire le&hellip;\n","protected":false},"author":2,"featured_media":620320,"comment_status":"","ping_status":"","sticky":false,"template":"","format":"standard","meta":{"footnotes":""},"categories":[4],"tags":[11,73013,73017,73018,73014,73026,73030,73022,73025,73029,73021,2889,73015,73016,62542,1011,27,12,25,73023,73024,73027,73028,73019,73020],"class_list":{"0":"post-620319","1":"post","2":"type-post","3":"status-publish","4":"format-standard","5":"has-post-thumbnail","7":"category-france","8":"tag-actualites","9":"tag-bienvenue-en-ile-de-france","10":"tag-bienvenue-en-ile-de-france-emission","11":"tag-bienvenue-en-ile-de-france-emission-le-figaro-tv","12":"tag-bienvenue-en-ile-de-france-le-figaro-tv","13":"tag-bienvenue-en-ile-de-france-le-figaro-tv-streaming","14":"tag-bienvenue-en-ile-de-france-le-figaro-tv-streaming-gratuit","15":"tag-bienvenue-en-ile-de-france-le-figaro-tv-video","16":"tag-bienvenue-en-ile-de-france-streaming","17":"tag-bienvenue-en-ile-de-france-streaming-gratuit","18":"tag-bienvenue-en-ile-de-france-video","19":"tag-emission","20":"tag-emission-bienvenue-en-ile-de-france","21":"tag-emission-bienvenue-en-ile-de-france-le-figaro-tv","22":"tag-emission-le-figaro-tv","23":"tag-fr","24":"tag-france","25":"tag-news","26":"tag-republique-francaise","27":"tag-streaming-bienvenue-en-ile-de-france","28":"tag-streaming-bienvenue-en-ile-de-france-le-figaro-tv","29":"tag-streaming-gratuit-bienvenue-en-ile-de-france","30":"tag-streaming-gratuit-bienvenue-en-ile-de-france-le-figaro-tv","31":"tag-video-bienvenue-en-ile-de-france","32":"tag-video-bienvenue-en-ile-de-france-le-figaro-tv"},"share_on_mastodon":{"url":"","error":"Validation failed: Text character limit of 500 exceeded"},"_links":{"self":[{"href":"https:\/\/www.europesays.com\/fr\/wp-json\/wp\/v2\/posts\/620319","targetHints":{"allow":["GET"]}}],"collection":[{"href":"https:\/\/www.europesays.com\/fr\/wp-json\/wp\/v2\/posts"}],"about":[{"href":"https:\/\/www.europesays.com\/fr\/wp-json\/wp\/v2\/types\/post"}],"author":[{"embeddable":true,"href":"https:\/\/www.europesays.com\/fr\/wp-json\/wp\/v2\/users\/2"}],"replies":[{"embeddable":true,"href":"https:\/\/www.europesays.com\/fr\/wp-json\/wp\/v2\/comments?post=620319"}],"version-history":[{"count":0,"href":"https:\/\/www.europesays.com\/fr\/wp-json\/wp\/v2\/posts\/620319\/revisions"}],"wp:featuredmedia":[{"embeddable":true,"href":"https:\/\/www.europesays.com\/fr\/wp-json\/wp\/v2\/media\/620320"}],"wp:attachment":[{"href":"https:\/\/www.europesays.com\/fr\/wp-json\/wp\/v2\/media?parent=620319"}],"wp:term":[{"taxonomy":"category","embeddable":true,"href":"https:\/\/www.europesays.com\/fr\/wp-json\/wp\/v2\/categories?post=620319"},{"taxonomy":"post_tag","embeddable":true,"href":"https:\/\/www.europesays.com\/fr\/wp-json\/wp\/v2\/tags?post=620319"}],"curies":[{"name":"wp","href":"https:\/\/api.w.org\/{rel}","templated":true}]}}