{"id":620325,"date":"2025-12-24T18:26:14","date_gmt":"2025-12-24T18:26:14","guid":{"rendered":"https:\/\/www.europesays.com\/fr\/620325\/"},"modified":"2025-12-24T18:26:14","modified_gmt":"2025-12-24T18:26:14","slug":"benjamin-thomas-donne-son-nom-a-une-equipe-de-jeunes-pistards-actualite","status":"publish","type":"post","link":"https:\/\/www.europesays.com\/fr\/620325\/","title":{"rendered":"Benjamin Thomas donne son nom \u00e0 une \u00e9quipe de jeunes pistards &#8211; Actualit\u00e9"},"content":{"rendered":"<p>L&rsquo;Occitanie, terre de pistards. Pour accompagner la jeune g\u00e9n\u00e9ration, une \u00e9quipe piste FFC va porter le nom de Benjamin Thomas, originaire de cette r\u00e9gion. Ou plus exactement, son pseudo Instagram, le Team Ben_Track Occitanie. \u00ab\u00a0Le but est de les accompagner sur des courses internationales, ou le Championnat de France \u00c9lite, ainsi que de les aider \u00e0 exploiter leur potentiel et, pourquoi pas, les aider \u00e0 passer \u00e0 l&rsquo;\u00e9chelon sup\u00e9rieur\u00a0\u00bb, explique le Champion olympique d&rsquo;Omnium \u00e0\u00a0DirectVelo.<\/p>\n<p>Au dernier Championnat de France de l&rsquo;Avenir \u00e0 Loud\u00e9ac, les Juniors d&rsquo;Occitanie ont fait montre de leurs qualit\u00e9s sur la piste. Ana\u00efs Rouanet, 4e de la poursuite individuelle, et les Juniors Hommes, 4e de la poursuite par \u00e9quipe, sont pass\u00e9s pr\u00e8s du podium. En finale de l&rsquo;Am\u00e9ricaine, le comit\u00e9 alignait deux paires et Adrien Maury et Mathias Poczernin ont termin\u00e9 5e. Mieux, en 2024, Adrien Maury et Christophe Brioux \u00e9taient devenus Champions de France sous le maillot sang et or. \u00ab\u00a0Les Juniors montent tous en Espoirs et ils veulent continuer la piste mais nous n&rsquo;avions pas de structure en Occitanie\u00a0\u00bb, pr\u00e9cise M\u00e9lanie Combes, nouvelle pr\u00e9sidente du <a href=\"https:\/\/www.guidon-fuxeen.fr\/\" target=\"_blank\" rel=\"noopener\"><strong>Guidon Fux\u00e9en<\/strong><\/a>, le club \u00e0 l&rsquo;origine du projet. Fr\u00e9d\u00e9ric Brioux est, lui, le pr\u00e9sident du Team Ben Track Occitanie.<\/p>\n<p><strong style=\"color: #e67e23;\">LE C\u0152UR DE L&rsquo;\u00c9QUIPE \u00c0 FOIX<\/strong><\/p>\n<p>Ce Team piste FFC veut proposer un beau calendrier \u00e0 ses soci\u00e9taires. \u00ab\u00a0Si nous sommes accept\u00e9s, nous ferons un d\u00e9placement en Europe par mois o\u00f9 nous prendrons en charge les frais de d\u00e9placement\u00a0\u00bb. Pour cette premi\u00e8re ann\u00e9e, tous les pistards pratiquent les disciplines de l&rsquo;endurance, \u00ab\u00a0mais nous ne sommes pas ferm\u00e9s aux sprinteurs\u00a0\u00bb, ajoute M\u00e9lanie Combes. \u00ab\u00a0Nous voulons donner une dynamique, montrer qu&rsquo;il y a des choses \u00e0 faire sur la piste dans la r\u00e9gion\u00a0\u00bb.<\/p>\n<p>Le v\u00e9lodrome de Foix sera le coeur de cette \u00e9quipe.\u00a0\u00ab\u00a0L&rsquo;\u00e9quipe fonctionne comme une entente avec les clubs, nous avons nos sponsors et nos m\u00e9c\u00e8nes\u00a0\u00bb, indique-t-elle. La piste en b\u00e9ton de 250 m\u00e8tres, construite en 1987 et qui a re\u00e7u le Championnat de France en 1990, reste tr\u00e8s vivante. \u00ab\u00a0C&rsquo;est un v\u00e9lodrome un peu central. Un coureur de l&rsquo;\u00e9quipe s&rsquo;entra\u00eene ici car il est de Foix. Tous les autres, d\u00e8s qu&rsquo;ils le peuvent viennent s&rsquo;entra\u00eener le samedi ou sur les comp\u00e9titions que nous organisons. Il y a une \u00e9preuve r\u00e9gionale par mois mais aussi des \u00e9preuves nationales comme le Championnat de France Master en 2024 et la Coupe de France Juniors en 2025\u00a0\u00bb. Et si Benjamin Thomas donne son nom \u00e0 cette \u00e9quipe, c&rsquo;est aussi \u00ab\u00a0parce que c&rsquo;est l\u00e0 qu&rsquo;il a fait ses d\u00e9buts\u00a0\u00bb. La boucle est boucl\u00e9e.<\/p>\n<p><strong>Composition du Team Ben Track Occitanie 2026<\/strong> :<br \/>Christophe Brioux<br \/>Mathis Lemoine<br \/>Maylia Masset<br \/>Adrien Maury<br \/>Mathias Poczernin<br \/>Gabin Rau <br \/>Ana\u00efs Rouanet<\/p>\n<p>Encadrement : Fr\u00e9d\u00e9ric Brioux (pr\u00e9sident du team), Chris Georgas (membre du bureau), Alexandre Maury (tr\u00e9sorier).<\/p>\n","protected":false},"excerpt":{"rendered":"L&rsquo;Occitanie, terre de pistards. Pour accompagner la jeune g\u00e9n\u00e9ration, une \u00e9quipe piste FFC va porter le nom de&hellip;\n","protected":false},"author":2,"featured_media":620326,"comment_status":"","ping_status":"","sticky":false,"template":"","format":"standard","meta":{"footnotes":""},"categories":[1411],"tags":[834,828,836,829,837,827,83,826,824,823,1154,207,814,817,815,816,822,821,832,211,839,1011,27,820,818,819,835,831,830,833,838,60,212,208,825],"class_list":{"0":"post-620325","1":"post","2":"type-post","3":"status-publish","4":"format-standard","5":"has-post-thumbnail","7":"category-cyclisme","8":"tag-attaque","9":"tag-belgique","10":"tag-braquet","11":"tag-bretagne","12":"tag-chute","13":"tag-competition","14":"tag-coupe-de-france","15":"tag-coureur","16":"tag-course-cyclisme","17":"tag-course-cycliste","18":"tag-cycling","19":"tag-cyclisme","20":"tag-direct","21":"tag-direct-velo","22":"tag-directvelo","23":"tag-directvelo-com","24":"tag-epreuve","25":"tag-epreuve-cycliste","26":"tag-federation-francaise-de-cyclisme","27":"tag-ffc","28":"tag-flandres","29":"tag-fr","30":"tag-france","31":"tag-live","32":"tag-live-course","33":"tag-live-epreuve","34":"tag-peloton","35":"tag-radio-peloton","36":"tag-radio-tour","37":"tag-ravitaillement","38":"tag-relance","39":"tag-sports","40":"tag-uci","41":"tag-velo","42":"tag-velos"},"share_on_mastodon":{"url":"https:\/\/pubeurope.com\/@fr\/115775955455130398","error":""},"_links":{"self":[{"href":"https:\/\/www.europesays.com\/fr\/wp-json\/wp\/v2\/posts\/620325","targetHints":{"allow":["GET"]}}],"collection":[{"href":"https:\/\/www.europesays.com\/fr\/wp-json\/wp\/v2\/posts"}],"about":[{"href":"https:\/\/www.europesays.com\/fr\/wp-json\/wp\/v2\/types\/post"}],"author":[{"embeddable":true,"href":"https:\/\/www.europesays.com\/fr\/wp-json\/wp\/v2\/users\/2"}],"replies":[{"embeddable":true,"href":"https:\/\/www.europesays.com\/fr\/wp-json\/wp\/v2\/comments?post=620325"}],"version-history":[{"count":0,"href":"https:\/\/www.europesays.com\/fr\/wp-json\/wp\/v2\/posts\/620325\/revisions"}],"wp:featuredmedia":[{"embeddable":true,"href":"https:\/\/www.europesays.com\/fr\/wp-json\/wp\/v2\/media\/620326"}],"wp:attachment":[{"href":"https:\/\/www.europesays.com\/fr\/wp-json\/wp\/v2\/media?parent=620325"}],"wp:term":[{"taxonomy":"category","embeddable":true,"href":"https:\/\/www.europesays.com\/fr\/wp-json\/wp\/v2\/categories?post=620325"},{"taxonomy":"post_tag","embeddable":true,"href":"https:\/\/www.europesays.com\/fr\/wp-json\/wp\/v2\/tags?post=620325"}],"curies":[{"name":"wp","href":"https:\/\/api.w.org\/{rel}","templated":true}]}}